{"id":2919,"date":"2011-12-17T22:08:20","date_gmt":"2011-12-17T21:08:20","guid":{"rendered":"http:\/\/bitacora.eniac2000.com\/?p=2919"},"modified":"2025-10-05T17:12:53","modified_gmt":"2025-10-05T15:12:53","slug":"via-verde-de-italica-durante-el-puente-de-la-constitucion-2012","status":"publish","type":"post","link":"https:\/\/bitacora.eniac2000.com\/?p=2919","title":{"rendered":"V\u00eda Verde de It\u00e1lica durante el Puente de la Constituci\u00f3n 2012"},"content":{"rendered":"<p>La pasada semana del Puente de la Constituci\u00f3n fue una semana bastante activa para m\u00ed. Lamentablemente, activa tambi\u00e9n en el \u00e1mbito laboral, lo que me hizo tener que trabajar los d\u00edas de fiesta. Pese a ello tuve la posibilidad de salir a rodar en cuatro de los siete d\u00edas de la semana. Tres de esos d\u00edas sal\u00ed a rodar por la V\u00eda Verde de It\u00e1lica.<\/p>\n<p>En dos de las ocasiones, correspondientes a los d\u00edas de fiesta, fueron etapas cortas: apenas ir hasta el puente sobre el arroyo del Jud\u00edo y volver. Se trataba de hacer un poco de ejercicio antes de sentarme a trabajar desde casa, para activar cuerpo y mente de cara a la coger de mejor humor la tarea que ten\u00eda por delante. Y tengo que admitir que ayud\u00f3. De ambas etapas, tengo que quedarme con la del martes 6. Esa ma\u00f1ana la niebla ba\u00f1aba Santiponce, y daba al paisaje un aspecto muy singular. La llegada al puente sobre el arroyo&#8230;<\/p>\n<figure class=\"wp-block-piwigo-gallery-single-image piwigo-single-image\"><a href=\"https:\/\/www.eniac2000.com\/piwigo\/picture.php?\/9271\" target=\"_blank\" rel=\"noopener noreferrer\"><img decoding=\"async\" src=\"https:\/\/www.eniac2000.com\/piwigo\/_data\/i\/galleries\/albums\/ciclismo\/2011-11-06-via-verde-italica\/IMG_20111206_084304-me.jpg\" alt=\"IMG 20111206 084304\" \/><\/a><figcaption><strong>IMG 20111206 084304<\/strong><\/figcaption><\/figure>\n<p>&#8230;el cruce de la V\u00eda Verde con la Ca\u00f1ada Real de las Islas&#8230;<\/p>\n<figure class=\"wp-block-piwigo-gallery-single-image piwigo-single-image\"><a href=\"https:\/\/www.eniac2000.com\/piwigo\/picture.php?\/9291\" target=\"_blank\" rel=\"noopener noreferrer\"><img decoding=\"async\" src=\"https:\/\/www.eniac2000.com\/piwigo\/_data\/i\/galleries\/albums\/ciclismo\/2011-11-06-via-verde-italica\/pano-puente-arroyo-judio-peq-me.jpg\" alt=\"pano-puente-arroyo-judio-peq\" \/><\/a><figcaption><strong>pano-puente-arroyo-judio-peq<\/strong><\/figcaption><\/figure>\n<p>&#8230;la v\u00eda verde, ya de vuelta&#8230;<\/p>\n<figure class=\"wp-block-piwigo-gallery-single-image piwigo-single-image\"><a href=\"https:\/\/www.eniac2000.com\/piwigo\/picture.php?\/9292\" target=\"_blank\" rel=\"noopener noreferrer\"><img decoding=\"async\" src=\"https:\/\/www.eniac2000.com\/piwigo\/_data\/i\/galleries\/albums\/ciclismo\/2011-11-06-via-verde-italica\/pano-via-verde-01-me.jpg\" alt=\"pano-via-verde-01\" \/><\/a><figcaption><strong>pano-via-verde-01<\/strong><\/figcaption><\/figure>\n<p>&#8230;y por \u00faltimo, la campi\u00f1a sevillana en las cercan\u00edas del puente de los Vinateros:<\/p>\n<figure class=\"wp-block-piwigo-gallery-single-image piwigo-single-image\"><a href=\"https:\/\/www.eniac2000.com\/piwigo\/picture.php?\/9293\" target=\"_blank\" rel=\"noopener noreferrer\"><img decoding=\"async\" src=\"https:\/\/www.eniac2000.com\/piwigo\/_data\/i\/galleries\/albums\/ciclismo\/2011-11-06-via-verde-italica\/pano-via-verde-02-me.jpg\" alt=\"pano-via-verde-02\" \/><\/a><figcaption><strong>pano-via-verde-02<\/strong><\/figcaption><\/figure>\n<p>El fin de semana fue mucho m\u00e1s activo. El s\u00e1bado 10 sal\u00ed a rodar por la v\u00eda verde junto con Ana y nuestros amigos Jes\u00fas y Carmen. Hac\u00eda ya algunos meses que no rod\u00e1bamos los cuatro, y hab\u00edamos decidido no dejar pasar m\u00e1s tiempo sin hacer nada al respecto. As\u00ed que les propuse lo que consider\u00e9 una etapa razonable, pero algo m\u00e1s movido que nuestra anterior salida: realizar el recorrido de la v\u00eda verde hasta el R\u00edo Guadiamar. Un total de 36 kil\u00f3metros pr\u00e1cticamente planos, pero por dos zonas de firme claramente diferenciadas: un primer tramo hasta el puente sobre el arroyo del Jud\u00edo con pista bien apisonada, y un segundo tramo hasta el r\u00edo, con abundante balasto y tramos incluso con restos de traviesas.<\/p>\n<p>El s\u00e1bado amaneci\u00f3 fr\u00edo, h\u00famedo y con un cielo plomizo que no dejar\u00eda de amenazar con lluvia en todo el d\u00eda. Al salir a coger las bicis de la cochera, me encontr\u00e9 con una sorpresa: ese mismo d\u00eda se disputaba en Santiponce la edici\u00f3n de 2011 de <a href=\"http:\/\/www.lasufrida.net\/amilasufrida\/\">La Sufrida<\/a>, una carrera de 78 kil\u00f3metros organizada en beneficio de la Asociaci\u00f3n de padres de ni\u00f1os con c\u00e1ncer de Andaluc\u00eda. Aparte de la grata sorpresa, esta prueba nos oblig\u00f3 a variar el comienzo de nuestro recorrido, ya que la salida estaba al lado de casa, y el recorrido coincid\u00eda en su primer tramo con nuestra etapa. As\u00ed que en vez de tomar la v\u00eda verde por la espalda de It\u00e1lica, entramos en el pueblo y la tomamos desde la parte nueva de Santiponce. Aun as\u00ed, coincidimos durante algunos kil\u00f3metros con algunos corredores, e incluso en un momento determinado -\u00edbamos rodando con calma- nos lleg\u00f3 a pasar el coche escoba de la organizaci\u00f3n.<\/p>\n<figure class=\"wp-block-piwigo-gallery-single-image piwigo-single-image\"><a href=\"https:\/\/www.eniac2000.com\/piwigo\/picture.php?\/9361\" target=\"_blank\" rel=\"noopener noreferrer\"><img decoding=\"async\" src=\"https:\/\/www.eniac2000.com\/piwigo\/_data\/i\/galleries\/albums\/ciclismo\/2011-12-10-via-verde-italica\/IMG_20111210_100515-me.jpg\" alt=\"IMG 20111210 100515\" \/><\/a><figcaption><strong>IMG 20111210 100515<\/strong><\/figcaption><\/figure>\n<p>El primer tramo de la etapa lo pasamos sin demasiadas complicaciones. Sin embargo, m\u00e1s all\u00e1 del puente sobre el arroyo Carmen empez\u00f3 a pasarlo bastante mal por el firme irregular. Pese a todo, no se dej\u00f3 achantar, y seguimos rodando por la v\u00eda verde. Pasamos las dos carreteras que la cruzan, y llegamos hasta la vieja estaci\u00f3n de Gerena-Empalme, convertida hoy en d\u00eda en una casa de campo con unos corrales que parecen parte del atrezzo de las pel\u00edculas de Mad Max.<\/p>\n<figure class=\"wp-block-piwigo-gallery-single-image piwigo-single-image\"><a href=\"https:\/\/www.eniac2000.com\/piwigo\/picture.php?\/9363\" target=\"_blank\" rel=\"noopener noreferrer\"><img decoding=\"async\" src=\"https:\/\/www.eniac2000.com\/piwigo\/_data\/i\/galleries\/albums\/ciclismo\/2011-12-10-via-verde-italica\/IMG_20111210_112858-IMG_20111210_112905-me.jpg\" alt=\"IMG 20111210 112858-IMG 20111210 112905\" \/><\/a><figcaption><strong>IMG 20111210 112858-IMG 20111210 112905<\/strong><\/figcaption><\/figure>\n<p>Un par de kil\u00f3metros despu\u00e9s de la estaci\u00f3n se llega hasta el puente derruido sobre el R\u00edo Guadiamar. El \u00faltimo tramo de v\u00eda no es practicable, ya que ha sido destruido -talud incluido- por los due\u00f1os de las fincas colindantes, y ha sido completamente arado. Por suerte, se puede llegar hasta lo que queda del puente gracias a que las veredas del r\u00edo fueron rehabilitadas tras el desastre de las minas de Aznalc\u00f3llar.<\/p>\n<figure class=\"wp-block-piwigo-gallery-single-image piwigo-single-image\"><a href=\"https:\/\/www.eniac2000.com\/piwigo\/picture.php?\/9370\" target=\"_blank\" rel=\"noopener noreferrer\"><img decoding=\"async\" src=\"https:\/\/www.eniac2000.com\/piwigo\/_data\/i\/galleries\/albums\/ciclismo\/2011-12-10-via-verde-italica\/IMG_20111210_114215-me.jpg\" alt=\"IMG 20111210 114215\" \/><\/a><figcaption><strong>IMG 20111210 114215<\/strong><\/figcaption><\/figure>\n<p>Queda poco del puente, m\u00e1s all\u00e1 de los arranques a ambos lados del r\u00edo, y un pilar en en cauce. Otro de los pilares ha sido arrastrado por las aguas, y no queda nada de la pasarela. Eso s\u00ed, sigue siendo un buen lugar para hacer un poco el indio:<\/p>\n<figure class=\"wp-block-piwigo-gallery-single-image piwigo-single-image\"><a href=\"https:\/\/www.eniac2000.com\/piwigo\/picture.php?\/9357\" target=\"_blank\" rel=\"noopener noreferrer\"><img decoding=\"async\" src=\"https:\/\/www.eniac2000.com\/piwigo\/_data\/i\/galleries\/albums\/ciclismo\/2011-12-10-via-verde-italica\/10122011319-me.JPG\" alt=\"10122011319\" \/><\/a><figcaption><strong>10122011319<\/strong><\/figcaption><\/figure>\n<p>Eran las 11:35h cuando llegamos hasta el r\u00edo, tras dos horas largas de etapa. Nos quedaba emprender la vuelta. Hab\u00edamos descartado recorrer los 3 kil\u00f3metros que nos separaban de Gerena para tomar un buen desayuno, ya que Carmen no se encontraba con \u00e1nimo de tomar un tramo de carretera. As\u00ed pues, recogimos b\u00e1rtulos y emprendimos el camino de vuelta, que completamos en otras dos horas largas. Llegamos a Santiponce a las 14:15h, con parada incluida para limpiar las bicis&#8230; y hacer un descanso algo at\u00edpico:<\/p>\n<figure class=\"wp-block-piwigo-gallery-single-image piwigo-single-image\"><a href=\"https:\/\/www.eniac2000.com\/piwigo\/picture.php?\/9360\" target=\"_blank\" rel=\"noopener noreferrer\"><img decoding=\"async\" src=\"https:\/\/www.eniac2000.com\/piwigo\/_data\/i\/galleries\/albums\/ciclismo\/2011-12-10-via-verde-italica\/10122011327-me.JPG\" alt=\"10122011327\" \/><\/a><figcaption><strong>10122011327<\/strong><\/figcaption><\/figure>\n<p>En cuanto al <em>tercer tiempo<\/em>, fue sumamente agradable: un buen almuerzo a base de las excelentes pizzas del Don Vito de Santiponce, regadas con un aceptable rioja, y un buen rato de charla con unos grandes amigos. Algo que espero repetir en breve.<\/p>\n<p>Los datos de la etapa del s\u00e1bado son los siguientes:<\/p>\n<ul>\n<li><strong>Distancia (seg\u00fan el GPS):<\/strong> 38&#8217;5 km.<\/li>\n<li><strong>Tiempo desde el inicio de la etapa:<\/strong> 4h 50m 58s<\/li>\n<li><strong>Velocidad media:<\/strong> 7&#8217;9 km\/h<\/li>\n<li><strong>Velocidad m\u00e1xima:<\/strong> 18&#8217;8 km\/h<\/li>\n<\/ul>\n<p>Y aqu\u00ed est\u00e1 el enlace a su recorrido: <a href=\"http:\/\/www.mtbafondo.es\/activity\/p\/404\/\">V\u00eda Verde de It\u00e1lica hasta el r\u00edo Guadiamar<\/a><\/p>\n","protected":false},"excerpt":{"rendered":"<p>La pasada semana del Puente de la Constituci\u00f3n fue una<\/p>\n","protected":false},"author":1,"featured_media":0,"comment_status":"open","ping_status":"open","sticky":false,"template":"","format":"standard","meta":{"advanced_seo_description":"","jetpack_seo_html_title":"","jetpack_seo_noindex":false,"_jetpack_memberships_contains_paid_content":false,"footnotes":"","jetpack_publicize_message":"","jetpack_publicize_feature_enabled":true,"jetpack_social_post_already_shared":false,"jetpack_social_options":{"image_generator_settings":{"template":"highway","default_image_id":0,"font":"","enabled":false},"version":2}},"categories":[24,8],"tags":[1135,1389,1500,1523,1707],"series":[],"class_list":["post-2919","post","type-post","status-publish","format-standard","hentry","category-ciclismo","category-deporte","tag-mtb","tag-rio-guadiamar","tag-santiponce","tag-sevilla","tag-via-verde-de-italica"],"jetpack_publicize_connections":[],"jetpack_featured_media_url":"","jetpack_sharing_enabled":true,"_links":{"self":[{"href":"https:\/\/bitacora.eniac2000.com\/index.php?rest_route=\/wp\/v2\/posts\/2919","targetHints":{"allow":["GET"]}}],"collection":[{"href":"https:\/\/bitacora.eniac2000.com\/index.php?rest_route=\/wp\/v2\/posts"}],"about":[{"href":"https:\/\/bitacora.eniac2000.com\/index.php?rest_route=\/wp\/v2\/types\/post"}],"author":[{"embeddable":true,"href":"https:\/\/bitacora.eniac2000.com\/index.php?rest_route=\/wp\/v2\/users\/1"}],"replies":[{"embeddable":true,"href":"https:\/\/bitacora.eniac2000.com\/index.php?rest_route=%2Fwp%2Fv2%2Fcomments&post=2919"}],"version-history":[{"count":0,"href":"https:\/\/bitacora.eniac2000.com\/index.php?rest_route=\/wp\/v2\/posts\/2919\/revisions"}],"wp:attachment":[{"href":"https:\/\/bitacora.eniac2000.com\/index.php?rest_route=%2Fwp%2Fv2%2Fmedia&parent=2919"}],"wp:term":[{"taxonomy":"category","embeddable":true,"href":"https:\/\/bitacora.eniac2000.com\/index.php?rest_route=%2Fwp%2Fv2%2Fcategories&post=2919"},{"taxonomy":"post_tag","embeddable":true,"href":"https:\/\/bitacora.eniac2000.com\/index.php?rest_route=%2Fwp%2Fv2%2Ftags&post=2919"},{"taxonomy":"series","embeddable":true,"href":"https:\/\/bitacora.eniac2000.com\/index.php?rest_route=%2Fwp%2Fv2%2Fseries&post=2919"}],"curies":[{"name":"wp","href":"https:\/\/api.w.org\/{rel}","templated":true}]}}