{"id":2948,"date":"2012-01-16T22:45:06","date_gmt":"2012-01-16T21:45:06","guid":{"rendered":"http:\/\/bitacora.eniac2000.com\/?p=2948"},"modified":"2025-10-05T17:12:53","modified_gmt":"2025-10-05T15:12:53","slug":"etapa-ciclista-guillena-castilblanco-de-los-arroyos-por-la-via-de-la-plata-15012012","status":"publish","type":"post","link":"https:\/\/bitacora.eniac2000.com\/?p=2948","title":{"rendered":"Etapa ciclista: Guillena &#8211; Castilblanco de los Arroyos por la V\u00eda de la Plata (15\/01\/2012)"},"content":{"rendered":"<p>El pasado domingo salimos a rodar mis compa\u00f1eros de trabajo Miguel, Rafa, Manolo y yo por la Sierra Norte de Sevilla. Aunque durante toda la semana el tiempo hab\u00eda sido excelente, la predicci\u00f3n para el domingo no era especialmente buena: Durante los d\u00edas previos hab\u00eda anunciada agua toda la ma\u00f1ana, pero la \u00faltima predicci\u00f3n para el domingo hab\u00eda mejorado bastante, y no daba agua hasta mediod\u00eda, decidimos mantener la hora de salida a las 9:00h.<\/p>\n<p>De entre las propuestas de etapa que ten\u00edamos sobre la mesa, escogimos realizar una de escala media: la subida y bajada desde <a href=\"http:\/\/bitacora.eniac2000.com\/?p=2290\">Guillena a Castilblanco de los Arroyos por la trialera de la V\u00eda de la Plata<\/a>. Empezamos a la hora prevista, con cielo cubierto, y amenazando lluvia. Y completamente solos en el campo, con la sola excepci\u00f3n de un grupo de jubilados que estaban haciendo el Camino. Llegamos a la doble portela pasadas las 10:00h, y all\u00ed empez\u00f3 a chispear. Planteamos dar la vuelta, pero al final optamos por finalizar el tramo de la trialera, y all\u00ed decidir. As\u00ed pues, seguimos subiendo, ya equipados con los impermeables, pero la lluvia no s\u00f3lo no aflojaba, sino que comenz\u00f3 a arreciar. A las 10:25h llegamos al final de la trialera, y a la pista que conduce a la carretera de Castilblanco. Quiz\u00e1s la idea m\u00e1s razonable era volver sobre nuestros pasos, pero la perspectiva de un buen colacao caliente y unas tostadas eran demasiado tentadoras. As\u00ed que nos dirigimos hacia Castilblanco.<\/p>\n<p>Llegamos a la entrada de Castilblanco a las 10:50h, y paramos en el primer bar que vimos abierto, en el pol\u00edgono de la Cruz Alta. Est\u00e1bamos chorreando, y llegamos al bar -un mes\u00f3n, m\u00e1s bien- en el momento en que la lluvia ca\u00eda con m\u00e1s intensidad. Tanto era as\u00ed, que incluso se produjo un apag\u00f3n en la zona. Meditamos irnos, pero se nos hac\u00eda cuesta arriba volver a salir a la lluvia con la que estaba cayendo. Por suerte, la luz volvi\u00f3 pronto y pudimos disfrutar de unas excelentes tostadas con el colacao bien caliente.<\/p>\n<figure class=\"wp-block-piwigo-gallery-single-image piwigo-single-image\"><a href=\"https:\/\/www.eniac2000.com\/piwigo\/picture.php?\/9428\" target=\"_blank\" rel=\"noopener noreferrer\"><img decoding=\"async\" src=\"https:\/\/www.eniac2000.com\/piwigo\/_data\/i\/galleries\/albums\/ciclismo\/2012-01-15-guillena-castilblanco\/2012-01-15_11_03_44-me.jpg\" alt=\"2012-01-15 11 03 44\" \/><\/a><figcaption><strong>2012-01-15 11 03 44<\/strong><\/figcaption><\/figure>\n<p>Reanudamos la etapa a las 11:25h. Por suerte a esa hora la lluvia hab\u00eda aminorado su intensidad, por lo que aprovechamos para emprender r\u00e1pidamente el descenso. Por el camino, muy cerca de Castilblanco, volvimos a cruzarnos con el grupo de peregrinos. Se me pas\u00f3 por la cabeza la moral de esa pobre gente, haciendo el Camino con la que estaba cayendo. Pero la verdad era que, bien pensado, pobres de nosotros: ellos, al menos, ya estaban a punto de terminar el d\u00eda, mientras que nosotros \u00a1a\u00fan ten\u00edamos que volver!<\/p>\n<p>La semana pasada hab\u00eda tra\u00eddo de C\u00f3rdoba la Ghost de doble suspensi\u00f3n con la idea de realizar la bajada de la trialera a saco. En realidad, nos encontr\u00e1bamos all\u00ed tan s\u00f3lo porque ten\u00eda ganas de hacer ese descenso. Y llegado el momento, me encontr\u00e9 con que no hab\u00eda manera de realizar el descenso a saco. Con la que hab\u00eda ca\u00eddo, la trialera estaba completamente embarrada, con las piedras h\u00famedas y con mucha vegetaci\u00f3n. En suma: sumamente peligrosa. A\u00fan as\u00ed realic\u00e9 el descenso bastante fuerte, lo que me ocasion\u00f3 un susto en una de las zonas m\u00e1s comprometidas: clav\u00e9 completamente la horquilla de 120 mm. en un quebrado, y a punto estuve de salir por encima del manillar. La bici se me encabrit\u00f3, y acab\u00e9 con la rueda trasera a la altura de mi cabeza. Lo que no s\u00e9 es c\u00f3mo no me ca\u00ed de boca en las piedras. Por parte, Miguel, Manolo y Rafa tambi\u00e9n sufrieron alguna que otra ca\u00edda, afortunadamente sin incidentes.<\/p>\n<figure class=\"wp-block-piwigo-gallery-single-image piwigo-single-image\"><a href=\"https:\/\/www.eniac2000.com\/piwigo\/picture.php?\/9431\" target=\"_blank\" rel=\"noopener noreferrer\"><img decoding=\"async\" src=\"https:\/\/www.eniac2000.com\/piwigo\/_data\/i\/galleries\/albums\/ciclismo\/2012-01-15-guillena-castilblanco\/IMAG0141-me.jpg\" alt=\"IMAG0141\" \/><\/a><figcaption><strong>IMAG0141<\/strong><\/figcaption><\/figure>\n<p>El resto de la bajada fue sumamente divertido, t\u00e9cnico, peligroso y emocionante. Por suerte, adem\u00e1s, escamp\u00f3, por lo que pudimos realizar una bajada menos comprometida.<\/p>\n<p>Sin embargo, y con diferencia, el \u00faltimo tramo de la bajada, por la pista de los olivares hasta el pol\u00edgono, fue la m\u00e1s peligrosa de todas. El camino estaba completamente embarrado, con el t\u00edpico barro arcilloso de la campi\u00f1a, que se pega como un engrudo a las cubiertas. En mi caso, acab\u00e9 con la High Roller de 2.35\u00bb y la Michelin Country Mud de 2.00\u00bb completamente lisas de barro. Un barro sumamente deslizante, que provoc\u00f3 que patinara, cual si estuviera sobre una pista de patinaje, a la hora de ir a cruzar una peque\u00f1a rodera. Acab\u00e9, como no pod\u00eda ser menos, en el suelo de la manera m\u00e1s tonta. Afortunadamente sin incidentes.<\/p>\n<p>El resto de la bajada no fue mucho m\u00e1s sencillo. En la parte final de la bajada la cubierta delantera y el puente de la horquilla acumularon tanto barro que se form\u00f3 un mazacote que dej\u00f3 bloqueada la rueda delantera. Jam\u00e1s hubiera pensado que eso pudiera pasar con una bicicleta equipada con frenos de disco -a diferencia de los frenos V-brake o cantilever, que es mucho m\u00e1s com\u00fan.<\/p>\n<p>Tras algunos incidentes por el estilo, llegamos al pol\u00edgono a las 12:35h. Cubierto de barro, como no pod\u00eda ser menos. R\u00e1pidamente nos dirigimos a un lavadero de coches, para deshacernos del barro. Y justamente all\u00ed fue donde empez\u00f3 a descargar la lluvia nuevamente. Pero era tanto el barro, y tan pegajoso, que no qued\u00f3 m\u00e1s remedio que quit\u00e1rnoslo con las pistolas de agua a presi\u00f3n.<\/p>\n<figure class=\"wp-block-piwigo-gallery-single-image piwigo-single-image\"><a href=\"https:\/\/www.eniac2000.com\/piwigo\/picture.php?\/9432\" target=\"_blank\" rel=\"noopener noreferrer\"><img decoding=\"async\" src=\"https:\/\/www.eniac2000.com\/piwigo\/_data\/i\/galleries\/albums\/ciclismo\/2012-01-15-guillena-castilblanco\/IMAG0142-me.jpg\" alt=\"IMAG0142\" \/><\/a><figcaption><strong>IMAG0142<\/strong><\/figcaption><\/figure>\n<p>Tras la limpieza, dimos por finalizada la etapa, no sin un \u00faltimo percance por mi parte: part\u00ed mis veteranas gafas Spiuk, que ya se encontraban algo deterioradas, al quit\u00e1rmelas durante la limpieza. \ud83d\ude41<\/p>\n<p>En cuanto a la etapa, hay que admitir que quiz\u00e1s fuera algo arriesgado, vista la predicci\u00f3n, mantener la convocatoria. Lo cierto es que la predicci\u00f3n hab\u00eda mejorado, y calcul\u00e1bamos poder terminar antes de que&#8230; Qu\u00e9 narices. Sab\u00edamos de sobra que iba a llovernos, y aun as\u00ed nos fuimos porque nos pareci\u00f3 divertido. Y divertido fue, vaya que s\u00ed. \ud83d\ude00<\/p>\n<p>Los datos de la etapa son los siguientes:<\/p>\n<ul>\n<li><strong>Distancia (seg\u00fan el veloc\u00edmetro):<\/strong> 29&#8217;63 km.<\/li>\n<li><strong>Distancia (seg\u00fan el GPS):<\/strong> 29&#8217;972 km.<\/li>\n<li><strong>Tiempo de etapa:<\/strong> 2h 28m 6s<\/li>\n<li><strong>Tiempo desde el inicio de la etapa:<\/strong> 2h 32m 43s<\/li>\n<li><strong>Velocidad media:<\/strong> 13&#8217;84 km\/h<\/li>\n<li><strong>Velocidad m\u00e1xima:<\/strong> 38&#8217;17 km\/h<\/li>\n<li><strong>Pulsaciones medias:<\/strong> 122 pulsaciones\/m<\/li>\n<li><strong>Pulsaciones m\u00e1ximas:<\/strong> 179<\/li>\n<li><strong>Consumo medio de calor\u00edas:<\/strong> 820 kcal\/h<\/li>\n<li><strong>Consumo m\u00e1ximo de calor\u00edas:<\/strong> 1380 kcal\/h<\/li>\n<li><strong>Tiempo en zonas de pulsaciones:<\/strong> 1h 21m 59s<\/li>\n<li><strong>Consumo total de calor\u00edas:<\/strong> 2120 kcal<\/li>\n<li><strong>\u00cdndice IBP de dificultad:<\/strong> 45BB<\/li>\n<\/ul>\n<p>Y aqu\u00ed est\u00e1 el enlace al recorrido de la etapa: <a href=\"http:\/\/www.mtbafondo.es\/activity\/p\/459\/\">Guillena &#8211; Castilblanco por la V\u00eda de la Plata<\/a><\/p>\n","protected":false},"excerpt":{"rendered":"<p>El pasado domingo salimos a rodar mis compa\u00f1eros de trabajo<\/p>\n","protected":false},"author":1,"featured_media":0,"comment_status":"open","ping_status":"open","sticky":false,"template":"","format":"standard","meta":{"advanced_seo_description":"","jetpack_seo_html_title":"","jetpack_seo_noindex":false,"_jetpack_memberships_contains_paid_content":false,"footnotes":"","jetpack_publicize_message":"","jetpack_publicize_feature_enabled":true,"jetpack_social_post_already_shared":false,"jetpack_social_options":{"image_generator_settings":{"template":"highway","default_image_id":0,"font":"","enabled":false},"version":2}},"categories":[24,8],"tags":[349,771,1135,1523,1667,1704],"series":[],"class_list":["post-2948","post","type-post","status-publish","format-standard","hentry","category-ciclismo","category-deporte","tag-castilblanco-de-los-arroyos","tag-guillena","tag-mtb","tag-sevilla","tag-trialera","tag-via-de-la-plata"],"jetpack_publicize_connections":[],"jetpack_featured_media_url":"","jetpack_sharing_enabled":true,"_links":{"self":[{"href":"https:\/\/bitacora.eniac2000.com\/index.php?rest_route=\/wp\/v2\/posts\/2948","targetHints":{"allow":["GET"]}}],"collection":[{"href":"https:\/\/bitacora.eniac2000.com\/index.php?rest_route=\/wp\/v2\/posts"}],"about":[{"href":"https:\/\/bitacora.eniac2000.com\/index.php?rest_route=\/wp\/v2\/types\/post"}],"author":[{"embeddable":true,"href":"https:\/\/bitacora.eniac2000.com\/index.php?rest_route=\/wp\/v2\/users\/1"}],"replies":[{"embeddable":true,"href":"https:\/\/bitacora.eniac2000.com\/index.php?rest_route=%2Fwp%2Fv2%2Fcomments&post=2948"}],"version-history":[{"count":0,"href":"https:\/\/bitacora.eniac2000.com\/index.php?rest_route=\/wp\/v2\/posts\/2948\/revisions"}],"wp:attachment":[{"href":"https:\/\/bitacora.eniac2000.com\/index.php?rest_route=%2Fwp%2Fv2%2Fmedia&parent=2948"}],"wp:term":[{"taxonomy":"category","embeddable":true,"href":"https:\/\/bitacora.eniac2000.com\/index.php?rest_route=%2Fwp%2Fv2%2Fcategories&post=2948"},{"taxonomy":"post_tag","embeddable":true,"href":"https:\/\/bitacora.eniac2000.com\/index.php?rest_route=%2Fwp%2Fv2%2Ftags&post=2948"},{"taxonomy":"series","embeddable":true,"href":"https:\/\/bitacora.eniac2000.com\/index.php?rest_route=%2Fwp%2Fv2%2Fseries&post=2948"}],"curies":[{"name":"wp","href":"https:\/\/api.w.org\/{rel}","templated":true}]}}