{"id":2960,"date":"2012-02-04T13:40:52","date_gmt":"2012-02-04T12:40:52","guid":{"rendered":"http:\/\/bitacora.eniac2000.com\/?p=2960"},"modified":"2025-10-05T17:12:53","modified_gmt":"2025-10-05T15:12:53","slug":"etapa-ciclista-los-morales-las-jaras-vereda-de-la-pasada-del-pino-los-postes-28012012","status":"publish","type":"post","link":"https:\/\/bitacora.eniac2000.com\/?p=2960","title":{"rendered":"Etapa ciclista: Los Morales &#8211; Las Jaras &#8211; Vereda de la Pasada del Pino &#8211; Los Postes (28\/01\/2012)"},"content":{"rendered":"<p>El s\u00e1bado 28 de enero volv\u00ed a salir a rodar con mis amigos de C\u00f3rdoba. Fue una etapa extra\u00f1a. Los d\u00edas previos hab\u00edamos estado preparando una etapa brutal, ya que \u00c1ngel hab\u00eda expresado su voluntad de hacer una etapa dura y larga. Para ello hab\u00eda sugerido hacer una repetici\u00f3n de la etapa de Almod\u00f3var y el GR-48, pero realizando la subida al casta\u00f1ar de Valdejetas, que en aquella ocasi\u00f3n no hicimos. Pero como ese fin de semana \u00c1ngel finalmente ten\u00eda que trabajar, optamos por reservar esa etapa para mejor ocasi\u00f3n. As\u00ed que empezamos a planificar otra etapa. El caso es que Man\u00e9 ten\u00eda ganas de bajar de nuevo Los Postes, que hac\u00eda ya un a\u00f1o desde la \u00faltima (y en mi caso primera) vez que los bajamos. A esa intenci\u00f3n le sumamos un recorrido que hab\u00eda visto en Wikiloc (<a href=\"http:\/\/www.wikiloc.com\/wikiloc\/view.do?id=2421147\">Morales-Ermitas-7 Revueltas-Bejarano-Assuan-Las Jaras-Gr 48-Morales-Pedroches<\/a>), y al final acab\u00f3 saliendo una propuesta de etapa que era considerablemente brutal: subida por Los Morales, bajada a Las Ermitas, para realizar la subida de las 7 Revueltas, enlazar con el Bejarano, volver al Lagar de la Cruz, descender a las Jaras por el GR-48, y all\u00ed realizar el ascenso de la Vereda de la Pasada del Pino, para acabar bajando por Los Postes (<a href=\"http:\/\/www.mtbafondo.es\/activity\/p\/478\/\">Propuesta Brutal1<\/a>), una monstruosidad de 50 kil\u00f3metros con subidas y bajadas de espanto. Y como nos apuntamos a un bombardeo, Javi Aljama, Man\u00e9 y yo r\u00e1pidamente nos apuntamos, adem\u00e1s de suscitar la envidia de Marcos y \u00c1ngel, que por diversos motivos no pod\u00edan acudir. Y encima, para mi consternaci\u00f3n, quedamos a una hora bastante avanzada: las 10:00h en la rotonda de Sansue\u00f1a con la calle Mayoral. No pude menos que dar mentalmente las gracias por no tener en C\u00f3rdoba m\u00e1s que la Fuji, equipada con cubiertas muy rodadoras.<\/p>\n<p>A las 9:00h tuve noticias de que Carlos tambi\u00e9n se apuntaba a la etapa. O alguien lo hab\u00eda enga\u00f1ado, o no se le pod\u00eda calificar m\u00e1s que de h\u00e9roe. Empezamos la etapa a las 9:50, saliendo de la Asomadilla Carlos, Man\u00e9 y yo. Pronto pude notar que me encontraba un tanto acelerado (adem\u00e1s de encontrarme m\u00e1s ligero rodando que con la doble, merced a las etapas de la semana anterior), teniendo en cuenta la dura etapa que ten\u00edamos por delante, as\u00ed que hice todo lo posible para contenerme un tanto. Llegamos un poco pasadas las 10:00h a la rotonda, a donde no tard\u00f3 mucho en llegar Javi. Ya con el grupo completo, iniciamos el ascenso de Los Morales. Fue una subida razonablemente buena. Empleamos 58 minutos en subir desde la rotonda, y en mi caso, creo que fue la primera vez que consegu\u00ed hacer la subida completa hasta antes de la fuente de los piconeros sin poner el pie en el suelo, salvo en el tramo en que la subida se encuentra completamente destrozada. Una buena marca, hecha con la Fuji.<\/p>\n<p>Realizamos una peque\u00f1a parada en el Lagar de la Cruz, donde repusimos fuerzas a base de pl\u00e1tanos y acuarius. Y all\u00ed se desvel\u00f3 el misterio de la etapa: para convencer a Carlos de venir, Man\u00e9 hab\u00eda optado por decirle que no \u00edbamos a hacer la parte de las Ermitas, las Siete Revueltas y el Bejarano. Eso supon\u00eda un recorte de unos 18 kil\u00f3metros del recorrido, con una subida bastante dura. Y dado que en realidad tampoco me apetec\u00eda volver a casa a las tantas de la tarde, no me pareci\u00f3 mal.<\/p>\n<p>Dicho lo cual, realizamos el descenso hasta Las Jaras por el GR-48, primero, y el sendero secreto, despu\u00e9s. As\u00ed pues, acabamos llegando a la urbanizaci\u00f3n a la altura de la calle del Lago. All\u00ed nos llevamos una sorpresa: cuando nos dispon\u00edamos a tomar el camino de gravilla suelta que baja hasta el lago, nos encontramos con que la obra de una casa lo hab\u00eda cortado. Pero decididos a bordear el lago, pronto encontramos un nuevo sendero, abierto en fechas recientes, que permit\u00eda bajar. Sendero que fue bastante m\u00e1s de mi agrado que el antiguo, pues no ten\u00eda esa gravilla suelta con tan mala sombra que ten\u00eda el anterior. Rodamos un poco junto al lago, y antes de afrontar la pared de subida a la urbanizaci\u00f3n, nos detuvimos a hacernos una bonita foto:<\/p>\n<figure class=\"wp-block-piwigo-gallery-single-image piwigo-single-image\"><a href=\"https:\/\/www.eniac2000.com\/piwigo\/picture.php?\/9442\" target=\"_blank\" rel=\"noopener noreferrer\"><img decoding=\"async\" src=\"https:\/\/www.eniac2000.com\/piwigo\/_data\/i\/galleries\/albums\/ciclismo\/2012-01-28-morales-jaras-pasada_pino-postes_001\/IMAG0151-153-me.jpg\" alt=\"IMAG0151-153\" \/><\/a><figcaption><strong>IMAG0151-153<\/strong><\/figcaption><\/figure>\n<p>Y bueno, despu\u00e9s del momento de asueto, lleg\u00f3 la hora de los valientes: la subida del embalse, una pared muy corta, pero con una pendiente brutal, superior al 20% de desnivel. Pero como una imagen vale m\u00e1s que mil pabaras, dejo que un v\u00eddeo hable por m\u00ed:<\/p>\n<p><iframe loading=\"lazy\" frameborder=\"0\" width=\"512\" height=\"288\" src=\"https:\/\/www.dailymotion.com\/embed\/video\/xo4m2y\" allowfullscreen allow=\"autoplay; fullscreen; picture-in-picture\"><\/iframe><\/p>\n<p>Tras realizar la subida, atravesamos la urbanizaci\u00f3n, y nos encaminamos al siguiente reto de la jornada: la vereda de la Pasada del Pino. Esta vereda enlaza la zona de Las Jaras con Los Villares, bordeando el club de golf, y tiene una zona trialera digna de Jordi Tarr\u00e9s. Una aut\u00e9ntica virguer\u00eda, pero con unas primeras rampas con arena gran\u00edtica muy fastidiosas. Ten\u00edamos por delante 4 kil\u00f3metros largos de subida, que no quedaba otra que <em>disfrutar<\/em>.<\/p>\n<figure class=\"wp-block-piwigo-gallery-single-image piwigo-single-image\"><a href=\"https:\/\/www.eniac2000.com\/piwigo\/picture.php?\/9449\" target=\"_blank\" rel=\"noopener noreferrer\"><img decoding=\"async\" src=\"https:\/\/www.eniac2000.com\/piwigo\/_data\/i\/galleries\/albums\/ciclismo\/2012-01-28-morales-jaras-pasada_pino-postes_001\/IMAG0157-me.jpg\" alt=\"IMAG0157\" \/><\/a><figcaption><strong>IMAG0157<\/strong><\/figcaption><\/figure>\n<p>Pasamos la parte trialera, y entramos en la zona cercana al club de golf, donde la vereda se hace m\u00e1s asequible. Rond\u00e1bamos la una de la tarde, y a\u00fan a esa hora el fr\u00edo se dejaba notar en la zona, sobre todo en forma de viento, pese a que el sol empezaba ya a calentar. Llegamos al club de golf, y siguiendo los letreros de indicaci\u00f3n, conseguimos hallar el camino correcto de la vereda: se inicia el descenso junto a la verja, hacia la derecha, y tras una breve bajada, se llega a una cancela que tiene un letrero indicando que se por favor, se cierre tras pasar. As\u00ed que lo que hab\u00eda que hacer era entrar por la verja, y desandar el camino. A partir de ah\u00ed, no ten\u00eda p\u00e9rdida: se trataba tan s\u00f3lo de seguir esa pista, al filo de la verja, y bordeando los campos de golf. P\u00e9rdida no ten\u00eda, pero subidas y bajadas, tela marinera. <\/p>\n<figure class=\"wp-block-piwigo-gallery-single-image piwigo-single-image\"><a href=\"https:\/\/www.eniac2000.com\/piwigo\/picture.php?\/9455\" target=\"_blank\" rel=\"noopener noreferrer\"><img decoding=\"async\" src=\"https:\/\/www.eniac2000.com\/piwigo\/_data\/i\/galleries\/albums\/ciclismo\/2012-01-28-morales-jaras-pasada_pino-postes_001\/IMG_0063-me.JPG\" alt=\"IMG 0063\" \/><\/a><figcaption><strong>IMG 0063<\/strong><\/figcaption><\/figure>\n<p>Un poco antes de llegar al aparcamiento del club de golf paramos a tomar una foto con Torre\u00e1rboles, donde Javi hab\u00eda subido la semana anterior. Continuamos hasta llegar al aparcamiento, con una subida final dur\u00edsima, y que marc\u00f3 nuestra llegada a la cota m\u00e1s alta de la etapa: 644 m. de altitud. Eran la 13:15h, hab\u00edamos recorrido \u00a1tan s\u00f3lo 17 kil\u00f3metros de etapa! y ten\u00edamos por delante la bajada m\u00e1s escalofriante del d\u00eda: Los Postes. Qu\u00e9 bien lo iba a pasar con la r\u00edgida.<\/p>\n<p>Salimos del club de golf, y nos encaminamos hacia la pista de mantenimiento del gasoducto: es decir, Los Postes. La vista del valle del Guadalquivir era, como de costumbre, espectacular. Y lo que ten\u00edamos por delante era sencillamente brutal: un descenso de 3 kil\u00f3metros por cortafuegos, con pendientes que llegaban hasta el 33%, con piedra suelta y mucha mala idea. Y con todo, era una delicia comparado con Avionetas Express&#8230; Aun as\u00ed, las caras de Javi y Carlos al ver la bajada que ten\u00edamos por delante eran todo un poema.<\/p>\n<figure class=\"wp-block-piwigo-gallery-single-image piwigo-single-image\"><a href=\"https:\/\/www.eniac2000.com\/piwigo\/picture.php?\/9451\" target=\"_blank\" rel=\"noopener noreferrer\"><img decoding=\"async\" src=\"https:\/\/www.eniac2000.com\/piwigo\/_data\/i\/galleries\/albums\/ciclismo\/2012-01-28-morales-jaras-pasada_pino-postes_001\/IMAG0159-me.jpg\" alt=\"IMAG0159\" \/><\/a><figcaption><strong>IMAG0159<\/strong><\/figcaption><\/figure>\n<p>Man\u00e9 estaba encantado. Baj\u00f3 los Postes entera como si no costara. En cuanto a los dem\u00e1s&#8230; bueno, hay que decir que le echamos bastante menos valor. Y es que como dijo Javi en mitad de una de las bajadas, ya hab\u00edamos cubierto el cupo de buena suerte en lo que llev\u00e1bamos de d\u00eda, y no era plan de seguir tentando al destino.<\/p>\n<p><iframe loading=\"lazy\" frameborder=\"0\" width=\"512\" height=\"288\" src=\"https:\/\/www.dailymotion.com\/embed\/video\/xo4m6r\" allowfullscreen allow=\"autoplay; fullscreen; picture-in-picture\"><\/iframe><\/p>\n<p>Tras la primera pared de bajada, el descenso se hac\u00eda bastante m\u00e1s asequible, pero la cosa no iba a ser, ni mucho menos, coser y cantar. Bueno, para Man\u00e9 casi que lo parec\u00eda, porque el t\u00edo bajaba como un diablo. Era impresionante.<\/p>\n<figure class=\"wp-block-piwigo-gallery-single-image piwigo-single-image\"><a href=\"https:\/\/www.eniac2000.com\/piwigo\/picture.php?\/9453\" target=\"_blank\" rel=\"noopener noreferrer\"><img decoding=\"async\" src=\"https:\/\/www.eniac2000.com\/piwigo\/_data\/i\/galleries\/albums\/ciclismo\/2012-01-28-morales-jaras-pasada_pino-postes_001\/IMAG0161-me.jpg\" alt=\"IMAG0161\" \/><\/a><figcaption><strong>IMAG0161<\/strong><\/figcaption><\/figure>\n<p>Tardamos 42 minutos en realizar Los Postes, hasta el desv\u00edo por el sendero, a mano derecha, que lleva hasta la Meseta Blanca. Dejamos la pista que tantos sudores (los m\u00e1s de ellos, sudores fr\u00edos) nos hab\u00eda causado, y que con tan bonitas vistas nos hab\u00eda deleitado.<\/p>\n<figure class=\"wp-block-piwigo-gallery-single-image piwigo-single-image\"><a href=\"https:\/\/www.eniac2000.com\/piwigo\/picture.php?\/9458\" target=\"_blank\" rel=\"noopener noreferrer\"><img decoding=\"async\" src=\"https:\/\/www.eniac2000.com\/piwigo\/_data\/i\/galleries\/albums\/ciclismo\/2012-01-28-morales-jaras-pasada_pino-postes_001\/IMG_0066-me.JPG\" alt=\"IMG 0066\" \/><\/a><figcaption><strong>IMG 0066<\/strong><\/figcaption><\/figure>\n<p>Una vez dejamos el cortafuegos y tomamos el sendero, el terreno se hizo m\u00e1s asequible, pero con algunos tramos bastante traicioneros: no puedo olvidar un trozo, al filo de un buen barranco, en el que el sendero apenas es una senda de un palmo de ancho, con un desnivel lateral que pr\u00e1cticamente impide pedalear, ya que la biela toca en la tierra, con el consiguiente riesgo de hacerte pivotar y salir rodando monta\u00f1a abajo, al m\u00e1s puro estilo de <a href=\"https:\/\/www.youtube.com\/watch?v=RqaNi0UfOoI&#038;t=1m15s\">La Princesa Prometida<\/a>.<\/p>\n<p>As\u00ed pues, tras recorrer el sendero durante 1&#8217;8 kil\u00f3metros, llegamos a la Meseta Blanca. Eran ya a esas alturas las 14:30h. Disfrutamos un poco de las vistas, hicimos algunas co\u00f1as por el WhatsApp, y reanudamos la marcha. <\/p>\n<figure class=\"wp-block-piwigo-gallery-single-image piwigo-single-image\"><a href=\"https:\/\/www.eniac2000.com\/piwigo\/picture.php?\/9461\" target=\"_blank\" rel=\"noopener noreferrer\"><img decoding=\"async\" src=\"https:\/\/www.eniac2000.com\/piwigo\/_data\/i\/galleries\/albums\/ciclismo\/2012-01-28-morales-jaras-pasada_pino-postes_001\/IMG_0069-me.JPG\" alt=\"IMG 0069\" \/><\/a><figcaption><strong>IMG 0069<\/strong><\/figcaption><\/figure>\n<p>Como no pod\u00eda ser menos, con una brutal bajada: el descenso del Alimonao. Corto, brutal, y lleno de polvo fino. Casi salgo por encima del manillar en un punto, pero pude hacer la bajada con bastante dignidad, en especial el \u00faltimo tramo hasta el arroyo Pedroche.<\/p>\n<p>Desde all\u00ed, el recorrido era coser y cantar. Bajamos el arroyo Pedroche por la Trialera, y llegamos hasta Puente de Hierro. Desde all\u00ed subimos hasta el Castillo del Maim\u00f3n que, contra la costumbre, rodeamos por la derecha, por el camino marcado con marcas blancas y rojas. Existe desde finales de a\u00f1o una dura pol\u00e9mica con los propietarios de los terrenos: est\u00e1n levantando muros nuevos, que impiden el paso por senderos ciclistas tradicionales, pero que al parecer transcurren por terrenos privados. Sin embargo, ese camino en especial est\u00e1 claramente reconocido como v\u00eda p\u00fablica, por lo que el nivel de protesta es bastante m\u00e1s elevado. Veremos qu\u00e9 pasa con eso.<\/p>\n<p>Finalmente nos encaminamos hacia Sansue\u00f1a, donde nos despedimos de Javi, y Carlos, Man\u00e9 y yo volvimos a la Asomadilla. Llegamos a las 15:15h, tras m\u00e1s de cinco horas de dur\u00edsima etapa. \u00a1Y con apenas 30 kil\u00f3metros de recorrido! Y el puls\u00f3metro lo confirmaba: m\u00e1s de 5000 kcal, algo inusitado en una etapa tan corta. Una gran etapa, dicho sea de paso.<\/p>\n<p>Los datos de la etapa son los siguientes:<\/p>\n<ul>\n<li><strong>Distancia (seg\u00fan el veloc\u00edmetro):<\/strong> 28&#8217;916 km.<\/li>\n<li><strong>Distancia (seg\u00fan el GPS):<\/strong> 30&#8217;255 km.<\/li>\n<li><strong>Tiempo de etapa:<\/strong> 3h 05m 08s<\/li>\n<li><strong>Tiempo desde el inicio de la etapa:<\/strong> 5h 21m 51s<\/li>\n<li><strong>Velocidad media:<\/strong> 9&#8217;4 km\/h<\/li>\n<li><strong>Velocidad m\u00e1xima:<\/strong> 39&#8217;4 km\/h<\/li>\n<li><strong>Pulsaciones medias:<\/strong> 137 pulsaciones\/m<\/li>\n<li><strong>Pulsaciones m\u00e1ximas:<\/strong> 184<\/li>\n<li><strong>Consumo medio de calor\u00edas:<\/strong> 970 kcal\/h<\/li>\n<li><strong>Consumo m\u00e1ximo de calor\u00edas:<\/strong> 1420 kcal\/h<\/li>\n<li><strong>Tiempo en zonas de pulsaciones:<\/strong> 3h 53m 07s<\/li>\n<li><strong>Consumo total de calor\u00edas:<\/strong> 5235 kcal<\/li>\n<li><strong>\u00cdndice IBP de dificultad:<\/strong> 100BA<\/li>\n<\/ul>\n<p>Y aqu\u00ed est\u00e1 el enlace al recorrido de la etapa: <a href=\"http:\/\/www.mtbafondo.es\/activity\/p\/479\/\">Los Morales &#8211; Las Jaras &#8211; Vereda de la Pasada del Pino &#8211; Los Postes<\/a><\/p>\n","protected":false},"excerpt":{"rendered":"<p>El s\u00e1bado 28 de enero volv\u00ed a salir a rodar<\/p>\n","protected":false},"author":1,"featured_media":0,"comment_status":"open","ping_status":"open","sticky":false,"template":"","format":"standard","meta":{"advanced_seo_description":"","jetpack_seo_html_title":"","jetpack_seo_noindex":false,"_jetpack_memberships_contains_paid_content":false,"footnotes":"","jetpack_publicize_message":"","jetpack_publicize_feature_enabled":true,"jetpack_social_post_already_shared":false,"jetpack_social_options":{"image_generator_settings":{"template":"highway","default_image_id":0,"font":"","enabled":false},"version":2}},"categories":[24,8],"tags":[149,392,750,965,1000,1001,1135,1731],"series":[],"class_list":["post-2960","post","type-post","status-publish","format-standard","hentry","category-ciclismo","category-deporte","tag-arroyo-pedroche","tag-cordoba","tag-gr-48","tag-las-jaras","tag-los-morales","tag-los-postes","tag-mtb","tag-vereda-de-la-pasada-del-pino"],"jetpack_publicize_connections":[],"jetpack_featured_media_url":"","jetpack_sharing_enabled":true,"_links":{"self":[{"href":"https:\/\/bitacora.eniac2000.com\/index.php?rest_route=\/wp\/v2\/posts\/2960","targetHints":{"allow":["GET"]}}],"collection":[{"href":"https:\/\/bitacora.eniac2000.com\/index.php?rest_route=\/wp\/v2\/posts"}],"about":[{"href":"https:\/\/bitacora.eniac2000.com\/index.php?rest_route=\/wp\/v2\/types\/post"}],"author":[{"embeddable":true,"href":"https:\/\/bitacora.eniac2000.com\/index.php?rest_route=\/wp\/v2\/users\/1"}],"replies":[{"embeddable":true,"href":"https:\/\/bitacora.eniac2000.com\/index.php?rest_route=%2Fwp%2Fv2%2Fcomments&post=2960"}],"version-history":[{"count":0,"href":"https:\/\/bitacora.eniac2000.com\/index.php?rest_route=\/wp\/v2\/posts\/2960\/revisions"}],"wp:attachment":[{"href":"https:\/\/bitacora.eniac2000.com\/index.php?rest_route=%2Fwp%2Fv2%2Fmedia&parent=2960"}],"wp:term":[{"taxonomy":"category","embeddable":true,"href":"https:\/\/bitacora.eniac2000.com\/index.php?rest_route=%2Fwp%2Fv2%2Fcategories&post=2960"},{"taxonomy":"post_tag","embeddable":true,"href":"https:\/\/bitacora.eniac2000.com\/index.php?rest_route=%2Fwp%2Fv2%2Ftags&post=2960"},{"taxonomy":"series","embeddable":true,"href":"https:\/\/bitacora.eniac2000.com\/index.php?rest_route=%2Fwp%2Fv2%2Fseries&post=2960"}],"curies":[{"name":"wp","href":"https:\/\/api.w.org\/{rel}","templated":true}]}}