{"id":30,"date":"2005-05-02T23:19:25","date_gmt":"2005-05-02T21:19:25","guid":{"rendered":"http:\/\/bitacora.eniac2000.com\/?p=30"},"modified":"2005-05-02T23:19:25","modified_gmt":"2005-05-02T21:19:25","slug":"cronica-del-viaje-a-malaga","status":"publish","type":"post","link":"https:\/\/bitacora.eniac2000.com\/?p=30","title":{"rendered":"Cr\u00f3nica del viaje a M\u00e1laga"},"content":{"rendered":"<p>Lo consegu\u00ed. Viaje a M\u00e1laga, y burra nueva. Pero empecemos por el principio. Salimos para M\u00e1laga Ana, Pablo y yo algo pasadas las ocho de la ma\u00f1ana. Decid\u00ed ir por la A-4 hasta \u00c9cija, desde all\u00ed a Osuna, y llegar a M\u00e1laga por la A-92. Un poco m\u00e1s largo, pero casi todo el rato por autov\u00eda.<\/p>\n<p>Me enterneci\u00f3, despues de tantos a\u00f1os, volver a ver la silueta del Indio, cerca de Antequera:<\/p>\n<p><a href=\"\/wp-content\/DSC02905\" target=\"_blank\"><img decoding=\"async\" src=\"\/wp-content\/thumb-DSC02905.JPG\" alt='El Indio' \/><\/a><br \/>\nComo dato, esta pe\u00f1a se conoce como <em>La Pe\u00f1a de los Enamorados<\/em>.<\/p>\n<p>Tras un viaje tranquilo y agradable,  en el que el tr\u00e1fico era bastante escaso pese al puente, llegamos a M\u00e1laga. Como hombre previsor, hab\u00eda tenido la precauci\u00f3n de calcular la ruta completa hasta la tienda gracias a la p\u00e1gina de <a href=\"http:\/\/www.campsa.es\" target=\"_blank\">Campsa<\/a>, y felizmente llegamos hasta la puerta de la tienda.<\/p>\n<p>La tienda, para ser exactos, no est\u00e1 en M\u00e1laga capital, sino en una pedan\u00eda absorbida por \u00e9sta llamada Puerto de la Torre. La verdad es que la impresi\u00f3n que daba la sede de <a href=\"http:\/\/www.ciclohobby.com\" target=\"_blank\">Ciclos Hobby<\/a> no pod\u00eda ser m\u00e1s desesperanzadora: tres casuchas del a\u00f1o del pan, unidas entre s\u00ed, y sin otra decoraci\u00f3n que <em>graffitis<\/em> con las marcas de productos ciclistas all\u00ed puestos a la venta. Pablo, Ana y yo nos miramos (rec\u00edprocamente) y se pod\u00eda ver a las claras que hab\u00edamos pensado lo mismo: <em>vaya antro<\/em>.<\/p>\n<p>Impresi\u00f3n equivocada. La tienda, efectivamente, consiste en tres casas unidas entre s\u00ed. En la entrada tienen expuestas algunas bicis, y gran cantidad de recambios y accesorios, pero la verdadera sorpresa viene cuando pides ver las bicis. Te hacen pasar a la trastienda, sales a un patio donde hay una nave, y all\u00ed en la segunda planta de \u00e9sta es donde se encuentra la verdadera exposici\u00f3n: decenas de bicis esperando un due\u00f1o.<\/p>\n<p>Tras un rato de recoger la baba, empezamos a preguntar por precios. A los tres nos hab\u00eda llamado la atenci\u00f3n una bici de monta\u00f1a, negra y roja, preciosa; una aut\u00e9ntica virguer\u00eda. La sorpresa vino cuando el dependiente nos dijo el precio: 560\u20ac. Parec\u00eda que me hubiera hecho una radiograf\u00eda para ver cu\u00e1nto dinero exacto llevaba encima. No cupieron dudas. Esa bici iba a ser para m\u00ed. Aqu\u00ed est\u00e1:<\/p>\n<p><a href=\"\/wp-content\/DSC02993.JPG\" target=\"_blank\"><img decoding=\"async\" src=\"\/wp-content\/thumb-DSC02993.JPG\" alt='Mi nueva bici' \/><\/a><\/p>\n<p>Sin embargo, como la bici no era de mi talla (una 17\u00bb, y yo uso una 19\u00bb), tuvimos que esperar un rato a que <u>me montaran una para m\u00ed<\/u>. Una horita y media despu\u00e9s, tiempo en el que no par\u00f3 de entrar gente (y de salir bicis), ten\u00eda en mis manos mi nueva montura. Tuvimos que compon\u00e9rnosla bastante bien para colocar la burra:<\/p>\n<p><a href=\"\/wp-content\/DSC02915.jpg\" target=\"_blank\"><img decoding=\"async\" src=\"\/wp-content\/thumb-DSC02915.jpg\" alt='La bici en el coche' \/><\/a><\/p>\n<p>Las dos de la tarde estaban a punto de marcarse en el reloj. Decidimos, aprovechando que ten\u00eda las llaves del piso de mi abuela en Torrox, comprar algo de comer en un supermercado cercano e ir a Torrox a echar la tarde. Dicho y hecho; tras comprar, y unos 50 km. de autov\u00eda, llegamos a Torrox-Costa. Un tranquilo almuerzo y, a eso de las cinco de la tarde, a la playa.<\/p>\n<p>Fue divertido ver la cara de Ana cuando se encontr\u00f3 con la arena de Torrox: <em>-Es negra-<\/em>, dijo con estupor. S\u00ed, efectivamente. Y <em>gracias<\/em> a eso, quema como ella sola. Cosa que establece un curioso contraste con lo fr\u00eda que est\u00e1 el agua. Aun as\u00ed, no me qued\u00e9 sin ba\u00f1arme, al igual que Pablo, mientras que Ana se quedaba dormitando en la esterilla. Volamos, o m\u00e1s bien intentamos, la cometa de Pablo, si bien infructuosamente, y al filo de las seis de la tarde, recogimos. A\u00fan quedaban 250 km. hasta C\u00f3rdoba. Ducha, y al coche. <\/p>\n<p>La vuelta, igualmente muy tranquila, decid\u00ed hacerla por la carretera de M\u00e1laga (supongo que en M\u00e1laga la llamar\u00e1n la <em>carretera de C\u00f3rdoba<\/em>), m\u00e1s que nada por volver a coger la <a href=\"\/wp-content\/DSC02917.JPG\" target=\"_blank\">recta de Antequera<\/a>, e incluso adelantar, lo que no deja de tener m\u00e9rito teniendo en cuenta que \u00edbamos tres en un Ford Fiesta ya bastante baqueteado.<br \/>\nFue una buena opci\u00f3n la de venir por esta carretera. Ya desde Lucena (donde pudimos ver <a href=\"\/wp-content\/DSC02930.jpg\" target=\"_blank\">la silla m\u00e1s grande del mundo<\/a>) hasta Aguilar de la Frontera hay autov\u00eda, por lo que el viaje se hace muy agradable.<\/p>\n<p>Llegamos a C\u00f3rdoba rozando las nueve de la noche. Y al cabo del rato, a ver las Cruces de Mayo.<\/p>\n<p>Un d\u00eda muy bien aprovechado. \ud83d\ude42<\/p>\n","protected":false},"excerpt":{"rendered":"<p>Lo consegu\u00ed. Viaje a M\u00e1laga, y burra nueva. Pero empecemos<\/p>\n","protected":false},"author":1,"featured_media":0,"comment_status":"open","ping_status":"open","sticky":false,"template":"","format":"standard","meta":{"advanced_seo_description":"","jetpack_seo_html_title":"","jetpack_seo_noindex":false,"_jetpack_memberships_contains_paid_content":false,"footnotes":"","jetpack_publicize_message":"","jetpack_publicize_feature_enabled":true,"jetpack_social_post_already_shared":false,"jetpack_social_options":{"image_generator_settings":{"template":"highway","default_image_id":0,"font":"","enabled":false},"version":2}},"categories":[20],"tags":[],"series":[],"class_list":["post-30","post","type-post","status-publish","format-standard","hentry","category-vida-corriente"],"jetpack_publicize_connections":[],"jetpack_featured_media_url":"","jetpack_sharing_enabled":true,"_links":{"self":[{"href":"https:\/\/bitacora.eniac2000.com\/index.php?rest_route=\/wp\/v2\/posts\/30","targetHints":{"allow":["GET"]}}],"collection":[{"href":"https:\/\/bitacora.eniac2000.com\/index.php?rest_route=\/wp\/v2\/posts"}],"about":[{"href":"https:\/\/bitacora.eniac2000.com\/index.php?rest_route=\/wp\/v2\/types\/post"}],"author":[{"embeddable":true,"href":"https:\/\/bitacora.eniac2000.com\/index.php?rest_route=\/wp\/v2\/users\/1"}],"replies":[{"embeddable":true,"href":"https:\/\/bitacora.eniac2000.com\/index.php?rest_route=%2Fwp%2Fv2%2Fcomments&post=30"}],"version-history":[{"count":0,"href":"https:\/\/bitacora.eniac2000.com\/index.php?rest_route=\/wp\/v2\/posts\/30\/revisions"}],"wp:attachment":[{"href":"https:\/\/bitacora.eniac2000.com\/index.php?rest_route=%2Fwp%2Fv2%2Fmedia&parent=30"}],"wp:term":[{"taxonomy":"category","embeddable":true,"href":"https:\/\/bitacora.eniac2000.com\/index.php?rest_route=%2Fwp%2Fv2%2Fcategories&post=30"},{"taxonomy":"post_tag","embeddable":true,"href":"https:\/\/bitacora.eniac2000.com\/index.php?rest_route=%2Fwp%2Fv2%2Ftags&post=30"},{"taxonomy":"series","embeddable":true,"href":"https:\/\/bitacora.eniac2000.com\/index.php?rest_route=%2Fwp%2Fv2%2Fseries&post=30"}],"curies":[{"name":"wp","href":"https:\/\/api.w.org\/{rel}","templated":true}]}}