{"id":3079,"date":"2012-06-17T21:38:55","date_gmt":"2012-06-17T20:38:55","guid":{"rendered":"http:\/\/bitacora.eniac2000.com\/?p=3079"},"modified":"2025-10-11T04:57:50","modified_gmt":"2025-10-11T02:57:50","slug":"camino-maritimo-etapa-1-pontevedra-portonovo-padron","status":"publish","type":"post","link":"https:\/\/bitacora.eniac2000.com\/?p=3079","title":{"rendered":"Camino Mar\u00edtimo: Etapa 1: Pontevedra &#8211; Portonovo &#8211; Padr\u00f3n"},"content":{"rendered":"<div class=\"seriesmeta\">Esta entrada es la parte 2 de 7 de la serie <a href=\"https:\/\/bitacora.eniac2000.com\/?series=camino-de-santiago-2011\" class=\"series-1832\" title=\"Camino de Santiago 2011\">Camino de Santiago 2011<\/a><\/div><p>El d\u00eda 16 de julio realizamos la primera etapa del Camino Mar\u00edtimo, que nos habr\u00eda de llevar desde Pontevedra hasta Santiago de Compostela. Se trataba de un Camino bastante particular, ya que ha de realizarse -al menos hasta Padr\u00f3n- en barca. Por ello, decidimos realizar este Camino en barca desde uno de los mejores puertos de la R\u00eda de Pontevedra: Portonovo. Pero para darle algo de vidilla al asunto, por un lado, y para facilitar la log\u00edstica del desplazamiento, por otra, decidimos aderezar la etapa en barco con una etapa a pie, con inicio en la bella ciudad de Pontevedra.<\/p>\n<p>Para ello, la tarde del viernes 15 salimos de Sevilla, al finalizar mi jornada laboral y empezar mis vacaciones, mi padre, Ana y yo camino de Galicia. Pablo, por su parte, parti\u00f3 de Madrid en tren camino de la capital pontevedresa. Nos encontrar\u00edamos a las 7:30h del s\u00e1bado en la estaci\u00f3n de tren. Nosotros llegamos a Pontevedra de madrugada, y nos quedamos a dormir en casa de Mari -hermana de Ana- y Fernando -su marido-, familia pol\u00edtica y grandes amigos. A la ma\u00f1ana siguiente, rayando el alba, muy amablemente nos acercaron a los tres a la estaci\u00f3n, donde recogimos a Pablo. Nos encaminamos al centro de Pontevedra, donde degustamos un buen desayuno como requisito imprescindible para empezar la marcha.<\/p>\n<figure class=\"wp-block-piwigo-gallery-single-image piwigo-single-image\"><a href=\"https:\/\/www.eniac2000.com\/piwigo\/picture.php?\/5118\" target=\"_blank\" rel=\"noopener noreferrer\"><img decoding=\"async\" src=\"https:\/\/www.eniac2000.com\/piwigo\/_data\/i\/galleries\/albums\/2011-07-camino-maritimo\/fotos-propias\/dia1\/S8000362-me.JPG\" alt=\"S8000362\" \/><\/a><figcaption><strong>S8000362<\/strong><\/figcaption><\/figure>\n<p>Empezamos el Camino al filo de las 9:30h. Y como no pod\u00eda ser menos, nada m\u00e1s empezar a andar un fino orballo hizo acto de presencia. Estaba claro que \u00edbamos a tener un viaje bastante movido. Al menos la suave llovizna nos proteg\u00eda del sol y refrescaba el ambiente, lo que, dada la altura del a\u00f1o en la que nos encontr\u00e1bamos, era muy de agradecer. Salimos de Pontevedra por la calle Michelena, cruzamos la Alameda, y tomamos la calle Echegaray para salir de la ciudad por el Puente de la Barca. En todo este trayecto por el centro de la ciudad la gente no cesaba de indicarnos que nos hab\u00edamos equivocado, y que el Camino iba por otro lado, por lo que no nos qued\u00f3 otro remedio que responder que, en realidad, era otro Camino el que est\u00e1bamos siguiendo. <img src=\"https:\/\/bitacora.eniac2000.com\/wp-includes\/images\/smilies\/mrgreen.png\" alt=\":mrgreen:\" class=\"wp-smiley\" style=\"height: 1em; max-height: 1em;\" \/><\/p>\n<p>Cruzado el Puente de la Barca, entramos en Poio, el pueblo de Ana. Y como no pod\u00eda ser menos, nos detuvimos en casa de su madre para hacer una visita de cortes\u00eda. Reanudamos la marcha a las 10:30h. A lo tonto, a lo tonto, llev\u00e1bamos ya una hora de marcha y apenas hab\u00edamos andado dos kil\u00f3metros. Nos iba a tocar apretar, ya que a las 16:00h ten\u00edamos que tomar la lancha motora, y nos quedaban 19 kil\u00f3metros de etapa hasta Portonovo.<\/p>\n<p>Por ello, tomamos la carretera general y nos dirigimos sin m\u00e1s dilaci\u00f3n hacia la siguiente escala de nuestro viaje: el Monasterio de Poio. Abandonamos la carretera para entrar en el monasterio por el viejo camino romano, que nos llev\u00f3 justo hasta la entrada de la iglesia. Por desgracia, dado lo apurado de la hora, apenas nos pudimos detener m\u00e1s que para sellar las credenciales de peregrino, y tuvimos que dejar la planeada visita para mejor ocasi\u00f3n.<\/p>\n<figure class=\"wp-block-piwigo-gallery-single-image piwigo-single-image\"><a href=\"https:\/\/www.eniac2000.com\/piwigo\/picture.php?\/5122\" target=\"_blank\" rel=\"noopener noreferrer\"><img decoding=\"async\" src=\"https:\/\/www.eniac2000.com\/piwigo\/_data\/i\/galleries\/albums\/2011-07-camino-maritimo\/fotos-propias\/dia1\/S8000366-me.JPG\" alt=\"S8000366\" \/><\/a><figcaption><strong>S8000366<\/strong><\/figcaption><\/figure>\n<p>Bajamos de nuevo a la carretera general, que no tardamos en abandonar para tomar el camino de la Seara, m\u00e1s cercano al mar, aunque a la altura de Casalvito no nos qued\u00f3 m\u00e1s remedio que volver a tomar la carretera, que ya no abandonar\u00edamos hasta la siguiente escala: el bello pueblo marinero de Combarro.<\/p>\n<figure class=\"wp-block-piwigo-gallery-single-image piwigo-single-image\"><a href=\"https:\/\/www.eniac2000.com\/piwigo\/picture.php?\/5126\" target=\"_blank\" rel=\"noopener noreferrer\"><img decoding=\"async\" src=\"https:\/\/www.eniac2000.com\/piwigo\/_data\/i\/galleries\/albums\/2011-07-camino-maritimo\/fotos-propias\/dia1\/S8000370-me.JPG\" alt=\"S8000370\" \/><\/a><figcaption><strong>S8000370<\/strong><\/figcaption><\/figure>\n<p>Salimos de Combarro, tras un peque\u00f1o descanso que aprovechamos para comer un tentempi\u00e9, al poco de pasar el mediod\u00eda, no sin preguntarnos por qu\u00e9 no habr\u00edamos establecido como punto de partida de la motora del puerto de Combarro. Ser\u00eda una pregunta que se volver\u00eda a repetir a lo largo de la jornada, aunque con otros puertos de la zona. ^_^ Ya sin abandonar la carretera fuimos pasando por las diferentes parroquias de Poio, as\u00ed como playas bien conocidas por Ana: Chancelas, Rax\u00f3&#8230; Fue en Rax\u00f3, poco antes de las 13:00h, en cuya entrada hicimos una nueva escala para descansar y aprovisionarnos de agua. La fina lluvia nos hab\u00eda abandonado hac\u00eda rato, y aunque no hac\u00eda excesivo calor, la humedad se dejaba notar, lo que hac\u00eda m\u00e1s trabajosa la marcha.<\/p>\n<p>Reanudamos la marcha, dispuestos a atravesar la parroquia de Rax\u00f3 y salir del t\u00e9rmino municipal de Poio, habiendo recorrido ya trece kil\u00f3metros de los veinte que conformaban este primer estadio de la jornada. No \u00edbamos mal de tiempo, pero tampoco excesivamente sobrados. Nos iba a tocar apretar la marcha, para no tener problemas con la llegada a Portonovo.<\/p>\n<p>Atravesamos el casco urbano pegados a la playa de Sagunto, cuyas aguas nos llamaban insistentemente, y cuyo influjo no nos qued\u00f3 m\u00e1s remedio que resistir. Tras pasar la playa no nos qued\u00f3 m\u00e1s remedio que escalar unas calles hasta reincorporarnos de nuevo a la carretera general. Y digo escalar porque las calles llegaban a tener un 20% de desnivel. No el balde ascendimos 60 metros en apenas 475 de marcha. Un aut\u00e9ntico espanto&#8230; para apenas un par de kil\u00f3metros despu\u00e9s volver a descender al nivel del mar. Pero en fin, esto tambi\u00e9n es Galicia.<\/p>\n<p>Sent\u00edamos c\u00f3mo nos est\u00e1bamos acercando al final de esta marcha. Entramos en el t\u00e9rmino municipal de Sanxenxo, siempre siguiendo la carretera, lo que nos estaba haciendo trizas los pies, ya que apenas hab\u00edamos pisado otra cosa que asfalto y acera en toda la jornada.<\/p>\n<p>Eran las dos de la tarde cuando entramos en el centro urbano de Sanxenxo&#8230; y como no pod\u00eda ser menos -ya se sabe c\u00f3mo son estas cosas- tuvimos otro encuentro familiar, si bien esta vez completamente inesperado: \u00a1Nos encontramos con el padrino de Ana! Paramos un rato de palique, que nos sirvi\u00f3 de descanso improvisado para afrontar los \u00faltimos compases de la etapa.<\/p>\n<p>Una vez reanudada la marcha, qued\u00f3 meridianamente claro que Sanxenxo es un importante polo tur\u00edstico de la zona, ya que estaba colmado de veraneantes, que a esa hora empezaban a desalojar la playa, camino de restaurantes en los que almorzar. Y para colmo, el calor empezaba a apretar. \u00bfPor qu\u00e9 no habr\u00edamos establecido el puerto de Sanxenxo como punto de partida? Ah, preguntas, preguntas&#8230;<\/p>\n<p>Al menos, est\u00e1bamos ya a tiro de piedra de Portonovo. Pasamos junto a la playa de Silgar, y finalmente, llegamos a Portonovo, a las 14:45h. El tiempo hab\u00eda vuelto a complicarse, y apenas ten\u00edamos visibilidad a 300 metros. \u00bfPodr\u00edamos, finalmente, realizar la jornada en barco, o tendr\u00edamos que pedir a la familia que nos acercaran en coche al final de esta primera jornada en Padr\u00f3n? Decidimos almorzar, y dejar que el tiempo ofreciera respuesta a estas cuestiones.<\/p>\n<p>Almorzamos unos excelentes bocatas en la cervecer\u00eda El Puerto, de Portonovo, que hicieron nuestras delicias. Entre tanto, contactamos con el patr\u00f3n de la motora que nos ten\u00eda que llevar hasta Pontecesures, para ver si el viaje finalmente podr\u00eda llevarse a cabo. Y por suerte para nosotros, nos asegur\u00f3 que aunque el d\u00eda estaba algo feo, era perfectamente posible hacer el viaje, si bien iba a ser algo movido, y las vistas algo reducidas.<\/p>\n<p>La fueraborda en la que \u00edbamos a realizar el tramo mar\u00edtimo hasta Pontecesures nos recogi\u00f3 a las 16:00h en el puerto de Portonovo. Pronto qued\u00f3 claro que el patr\u00f3n hab\u00eda acertado de lleno en su predicci\u00f3n, pues la mar se encontraba algo rizada, lo que hac\u00eda que la fueraborda no dejara de dar pantocazos desde que sali\u00f3 del puerto. M\u00e1s diversi\u00f3n: viaje en barco y monta\u00f1a rusa dos en uno. \ud83d\ude00<\/p>\n<figure class=\"wp-block-piwigo-gallery-single-image piwigo-single-image\"><a href=\"https:\/\/www.eniac2000.com\/piwigo\/picture.php?\/5130\" target=\"_blank\" rel=\"noopener noreferrer\"><img decoding=\"async\" src=\"https:\/\/www.eniac2000.com\/piwigo\/_data\/i\/galleries\/albums\/2011-07-camino-maritimo\/fotos-propias\/dia1\/S8000374-me.JPG\" alt=\"S8000374\" \/><\/a><figcaption><strong>S8000374<\/strong><\/figcaption><\/figure>\n<p>Pero por desgracia, la otra parte de la predicci\u00f3n tambi\u00e9n fue completamente acertada. Salimos con poca visibilidad, que se mantuvo pr\u00e1cticamente durante todo el trayecto por la r\u00eda de Arosa. Por ello, apenas pudimos ver nada en nuestro trayecto en torno a la pen\u00ednsula de El Grove, y el tr\u00e1nsito entre las bateas mejilloneras, pero hay que admitir que todo ello ten\u00eda un aspecto fantasmag\u00f3rico que le daba un aire bastante siniestro al viaje. Y eso tambi\u00e9n era algo digno de admiraci\u00f3n.<\/p>\n<figure class=\"wp-block-piwigo-gallery-single-image piwigo-single-image\"><a href=\"https:\/\/www.eniac2000.com\/piwigo\/picture.php?\/5086\" target=\"_blank\" rel=\"noopener noreferrer\"><img decoding=\"async\" src=\"https:\/\/www.eniac2000.com\/piwigo\/_data\/i\/galleries\/albums\/2011-07-camino-maritimo\/fotos-propias\/dia1\/IMG_20110716_163630-me.jpg\" alt=\"IMG 20110716 163630\" \/><\/a><figcaption><strong>IMG 20110716 163630<\/strong><\/figcaption><\/figure>\n<p>Continuamos nuestro trayecto, pasando entre la isla de Arosa y el continente, pasando junto a Cambados, Villanueva y Villagarc\u00eda. Cruzamos bajo el puente que une la isla con la Pen\u00ednsula, y pasamos entre otra zona de bateas.<\/p>\n<figure class=\"wp-block-piwigo-gallery-single-image piwigo-single-image\"><a href=\"https:\/\/www.eniac2000.com\/piwigo\/picture.php?\/5094\" target=\"_blank\" rel=\"noopener noreferrer\"><img decoding=\"async\" src=\"https:\/\/www.eniac2000.com\/piwigo\/_data\/i\/galleries\/albums\/2011-07-camino-maritimo\/fotos-propias\/dia1\/IMG_20110716_164701-me.jpg\" alt=\"IMG 20110716 164701\" \/><\/a><figcaption><strong>IMG 20110716 164701<\/strong><\/figcaption><\/figure>\n<p>Por suerte para nosotros, la climatolog\u00eda mejor\u00f3 al entrar en el r\u00edo Ulla. Al menos esa parte del viaje \u00edbamos a poderla ver bien. No tardamos mucho en llegar a la zona de Catoira, donde pudimos contemplar las famosas torres de Oeste, barrera de protecci\u00f3n contra las invasiones vikingas.<\/p>\n<figure class=\"wp-block-piwigo-gallery-single-image piwigo-single-image\"><a href=\"https:\/\/www.eniac2000.com\/piwigo\/picture.php?\/5016\" target=\"_blank\" rel=\"noopener noreferrer\"><img decoding=\"async\" src=\"https:\/\/www.eniac2000.com\/piwigo\/_data\/i\/galleries\/albums\/2011-07-camino-maritimo\/IMG_20110716_170521-me.jpg\" alt=\"IMG 20110716 170521\" \/><\/a><figcaption><strong>IMG 20110716 170521<\/strong><\/figcaption><\/figure>\n<p>Fue en esta zona donde me atrev\u00ed a rodar un par de v\u00eddeos, ya que hab\u00edamos dejado de pegar pantocazos como en mar abierto, y la mejora del tiempo hac\u00eda que no nos encontr\u00e1ramos ba\u00f1ados en agua de mar. Este fue el resultado:<\/p>\n<p><iframe loading=\"lazy\" frameborder=\"0\" width=\"512\" height=\"288\" src=\"https:\/\/www.dailymotion.com\/embed\/video\/xrl6gs\" allowfullscreen allow=\"autoplay; fullscreen; picture-in-picture\"><\/iframe><\/p>\n<p>Nuestro viaje tocaba a su fin. Entramos en el puerto de Pontecesures a las 17:15, tras apenas hora y cuarto de viaje, en el que hab\u00edamos salvado una distancia de casi 33 millas n\u00e1uticas. Es decir, unos 60 kil\u00f3metros. <\/p>\n<p><iframe loading=\"lazy\" frameborder=\"0\" width=\"512\" height=\"288\" src=\"https:\/\/www.dailymotion.com\/embed\/video\/xrl6h7\" allowfullscreen allow=\"autoplay; fullscreen; picture-in-picture\"><\/iframe><\/p>\n<figure class=\"wp-block-piwigo-gallery-single-image piwigo-single-image\"><a href=\"https:\/\/www.eniac2000.com\/piwigo\/picture.php?\/5115\" target=\"_blank\" rel=\"noopener noreferrer\"><img decoding=\"async\" src=\"https:\/\/www.eniac2000.com\/piwigo\/_data\/i\/galleries\/albums\/2011-07-camino-maritimo\/fotos-propias\/dia1\/IMG_20110716_171614-me.jpg\" alt=\"IMG 20110716 171614\" \/><\/a><figcaption><strong>IMG 20110716 171614<\/strong><\/figcaption><\/figure>\n<p>Pero el viaje no hab\u00eda concluido para nosotros. El final de nuestra jornada estaba en Padr\u00f3n, no en Pontecesures. Desde aqu\u00ed el Camino Mar\u00edtimo conclu\u00eda en su discurrir con el Camino Portugu\u00e9s, nuestro viejo conocido de 2006. Por lo tanto, nos tocaba andar un par de kil\u00f3metros m\u00e1s. <\/p>\n<p>Llegamos al albergue de peregrinos de Padr\u00f3n, final de nuestra etapa, a las 17:55h. Pero para nuestra desgracia, a esas alturas ya se encontraba completo. Por ello no nos qued\u00f3 m\u00e1s remedio que hospedarnos en la cercana Pensi\u00f3n Jard\u00edn, un excelente establecimiento   que se encuentra junto al jard\u00edn bot\u00e1nico de Padr\u00f3n.<\/p>\n<p>Empleamos el resto de la tarde en realizar las visitas tur\u00edsticas de rigor, entre las que no pudo faltar la Iglesia Parroquial de Santiago de Padr\u00f3n, donde se encuentra la piedra que da nombre al pueblo.<\/p>\n<figure class=\"wp-block-piwigo-gallery-single-image piwigo-single-image\"><a href=\"https:\/\/www.eniac2000.com\/piwigo\/picture.php?\/5116\" target=\"_blank\" rel=\"noopener noreferrer\"><img decoding=\"async\" src=\"https:\/\/www.eniac2000.com\/piwigo\/_data\/i\/galleries\/albums\/2011-07-camino-maritimo\/fotos-propias\/dia1\/IMG_20110716_180610-me.jpg\" alt=\"IMG 20110716 180610\" \/><\/a><figcaption><strong>IMG 20110716 180610<\/strong><\/figcaption><\/figure>\n<p>Pero como el d\u00eda no hab\u00eda terminado, nos toc\u00f3 sufrir un nuevo cambio en la climatolog\u00eda, en forma esta vez de intensa lluvia, que nos llev\u00f3 a guarecernos en una cervecer\u00eda cercana, que para gran sorpresa de Pablo serv\u00eda cerveza <a href=\"http:\/\/www.loewenbraeu.de\/\">L\u00f6wenbr\u00e4u<\/a>, a la que se hab\u00eda aficionado en sus recientes estancias en Munich. Y para colmo, no de botella, sino de barril. Creo que pocas cosas pod\u00edan emocionar m\u00e1s a Pablo en ese d\u00eda, salvo el que hubieran servido a la temperatura adecuada la cerveza. Pero tampoco era plan pedirle peras al olmo.<\/p>\n<p>De nuevo en la pensi\u00f3n, lavamos la ropa del d\u00eda. Este hecho tan intrascendente en apariencia iba a deparar grandes trastornos en jornadas posteriores. Lavamos la ropa a mano, y como me molest\u00e9 en recordar, era conveniente enjuagar extremadamente bien la ropa y eliminar cualquier resto de jab\u00f3n, ya que \u00e9ste, en conjunci\u00f3n con el sudor, pod\u00eda causar serias quemaduras qu\u00edmicas por la formaci\u00f3n de un compuesto sumamente irritante. \u00c9ramos veteranos en estas lides -ya hab\u00edamos pagado la novatada en 2005-, por lo que en principio est\u00e1bamos ya m\u00e1s que advertidos de ello. O al menos, eso se supon\u00eda. Pues bien: no fue as\u00ed, y alguien sufrir\u00eda en d\u00edas posteriores las consecuencias de no enjuagar bien la ropa. Pero dejemos esto para entradas posteriores.<\/p>\n<p>Esa noche cenamos en una taberna cercana, a base de caldo, empanada, pulpo y vino de la tierra. El d\u00eda hab\u00eda sido largo y merec\u00eda la pena reponer fuerzas para una segunda jornada no menos exigente. Llov\u00eda de nuevo cuando volvimos a la pensi\u00f3n, y nos abandonamos a un reparador sue\u00f1o.<\/p>\n","protected":false},"excerpt":{"rendered":"<div class=\"seriesmeta\">Esta entrada es la parte 2 de 7 de la serie <a href=\"https:\/\/bitacora.eniac2000.com\/?series=camino-de-santiago-2011\" class=\"series-1832\" title=\"Camino de Santiago 2011\">Camino de Santiago 2011<\/a><\/div><p>El d\u00eda 16 de julio realizamos la primera etapa del<\/p>\n","protected":false},"author":1,"featured_media":0,"comment_status":"open","ping_status":"open","sticky":false,"template":"","format":"standard","meta":{"advanced_seo_description":"","jetpack_seo_html_title":"","jetpack_seo_noindex":false,"_jetpack_memberships_contains_paid_content":false,"footnotes":"","jetpack_publicize_message":"","jetpack_publicize_feature_enabled":true,"jetpack_social_post_already_shared":false,"jetpack_social_options":{"image_generator_settings":{"template":"highway","default_image_id":0,"font":"","enabled":false},"version":2}},"categories":[2,4],"tags":[1223,1288,1293,1295,1297,1503],"series":[1832],"class_list":["post-3079","post","type-post","status-publish","format-standard","hentry","category-camino-de-santiago","category-camino-maritimo","tag-padron","tag-poio","tag-pontecesures","tag-pontevedra","tag-portonovo","tag-sanxenso","series-camino-de-santiago-2011"],"jetpack_publicize_connections":[],"jetpack_featured_media_url":"","jetpack_sharing_enabled":true,"_links":{"self":[{"href":"https:\/\/bitacora.eniac2000.com\/index.php?rest_route=\/wp\/v2\/posts\/3079","targetHints":{"allow":["GET"]}}],"collection":[{"href":"https:\/\/bitacora.eniac2000.com\/index.php?rest_route=\/wp\/v2\/posts"}],"about":[{"href":"https:\/\/bitacora.eniac2000.com\/index.php?rest_route=\/wp\/v2\/types\/post"}],"author":[{"embeddable":true,"href":"https:\/\/bitacora.eniac2000.com\/index.php?rest_route=\/wp\/v2\/users\/1"}],"replies":[{"embeddable":true,"href":"https:\/\/bitacora.eniac2000.com\/index.php?rest_route=%2Fwp%2Fv2%2Fcomments&post=3079"}],"version-history":[{"count":1,"href":"https:\/\/bitacora.eniac2000.com\/index.php?rest_route=\/wp\/v2\/posts\/3079\/revisions"}],"predecessor-version":[{"id":10998,"href":"https:\/\/bitacora.eniac2000.com\/index.php?rest_route=\/wp\/v2\/posts\/3079\/revisions\/10998"}],"wp:attachment":[{"href":"https:\/\/bitacora.eniac2000.com\/index.php?rest_route=%2Fwp%2Fv2%2Fmedia&parent=3079"}],"wp:term":[{"taxonomy":"category","embeddable":true,"href":"https:\/\/bitacora.eniac2000.com\/index.php?rest_route=%2Fwp%2Fv2%2Fcategories&post=3079"},{"taxonomy":"post_tag","embeddable":true,"href":"https:\/\/bitacora.eniac2000.com\/index.php?rest_route=%2Fwp%2Fv2%2Ftags&post=3079"},{"taxonomy":"series","embeddable":true,"href":"https:\/\/bitacora.eniac2000.com\/index.php?rest_route=%2Fwp%2Fv2%2Fseries&post=3079"}],"curies":[{"name":"wp","href":"https:\/\/api.w.org\/{rel}","templated":true}]}}