{"id":3087,"date":"2012-06-24T12:24:57","date_gmt":"2012-06-24T11:24:57","guid":{"rendered":"http:\/\/bitacora.eniac2000.com\/?p=3087"},"modified":"2025-10-11T04:57:56","modified_gmt":"2025-10-11T02:57:56","slug":"camino-maritimo-etapa-2-padron-santiago-de-compostela","status":"publish","type":"post","link":"https:\/\/bitacora.eniac2000.com\/?p=3087","title":{"rendered":"Camino Mar\u00edtimo: Etapa 2: Padr\u00f3n &#8211; Santiago de Compostela"},"content":{"rendered":"<div class=\"seriesmeta\">Esta entrada es la parte 3 de 7 de la serie <a href=\"https:\/\/bitacora.eniac2000.com\/?series=camino-de-santiago-2011\" class=\"series-1832\" title=\"Camino de Santiago 2011\">Camino de Santiago 2011<\/a><\/div><p>Iniciamos la segunda y \u00faltima etapa del Camino Mar\u00edtimo a las 7:00h. La ma\u00f1ana, a diferencia del d\u00eda anterior, amaneci\u00f3 fresca y con apenas unas algonodosas nubes blancas, lo que hac\u00eda presagiar que el d\u00eda iba a ser sumamente bueno para caminar. Y no nos ven\u00eda mal, ya que Ana y yo ten\u00edamos una vieja deuda con esta etapa: coincide con el recorrido del <a href=\"http:\/\/bitacora.eniac2000.com\/?p=442\">Camino Portugu\u00e9s<\/a>, y en 2006 nos saltamos este tramo de 23 kil\u00f3metros, ya que Ana se encontraba tremendamente fatigada, y no en balde llev\u00e1bamos ya en el cuerpo casi 130 kil\u00f3metros de recorrido, por lo que hicimos la etapa en tren regional. Esta vez no \u00edbamos a pasar por eso.<\/p>\n<p>Como dec\u00eda, dejamos el hostal a las 7:00h, y nos encaminamos al punto de comienzo de nuestra etapa, la Iglesia de Santiago. Junto a ella, en el bar Don Pepe 2, tomamos el desayuno, acompa\u00f1ado de un rato de palique por parte del due\u00f1o del bar, que nos dese\u00f3 un buen viaje y no nos dej\u00f3 partir sin tomarse ante unas fotograf\u00edas con nosotros.<\/p>\n<figure class=\"wp-block-piwigo-gallery-single-image piwigo-single-image\"><a href=\"https:\/\/www.eniac2000.com\/piwigo\/picture.php?\/5148\" target=\"_blank\" rel=\"noopener noreferrer\"><img decoding=\"async\" src=\"https:\/\/www.eniac2000.com\/piwigo\/_data\/i\/galleries\/albums\/2011-07-camino-maritimo\/fotos-propias\/dia2\/S8000382-me.JPG\" alt=\"S8000382\" \/><\/a><figcaption><strong>S8000382<\/strong><\/figcaption><\/figure>\n<p>As\u00ed pues, empezamos a seguir las consabidas flechas amarillas, y pronto dejamos atr\u00e1s Padr\u00f3n, camino de Santiago. Como no pod\u00eda ser menos, no pudimos evitar detenernos en Iria Flavia y presentar nuestros respetos a D. Camilo Jos\u00e9 Cela, visitando su tumba, bajo la sombra de un ins\u00f3lito olivo.<\/p>\n<figure class=\"wp-block-piwigo-gallery-single-image piwigo-single-image\"><a href=\"https:\/\/www.eniac2000.com\/piwigo\/picture.php?\/5017\" target=\"_blank\" rel=\"noopener noreferrer\"><img decoding=\"async\" src=\"https:\/\/www.eniac2000.com\/piwigo\/_data\/i\/galleries\/albums\/2011-07-camino-maritimo\/IMG_20110717_080433-me.jpg\" alt=\"IMG 20110717 080433\" \/><\/a><figcaption><strong>IMG 20110717 080433<\/strong><\/figcaption><\/figure>\n<p>El recorrido de la etapa fue bastante convencional: recorrer caminos rurales que bordean la N-550, que coincide con el trazado del Camino, y con la que, como no pod\u00eda ser menos, establecimos pronto una relaci\u00f3n de amor-odio, ya que nos indicaba claramente el rumbo a establecer, pero por su peligrosidad nos obligaba a dar vuertas y revueltas en torno a ella por caminitos, en un recorrido muy poco natural. Pero en fin, es algo a lo que, desde hace a\u00f1os, estamos acostumbrados.<\/p>\n<p>Ya desde primera hora de la ma\u00f1ana not\u00e9 que iba a tener problemas al andar. A diferencia de a\u00f1os anteriores, este a\u00f1o hab\u00eda dejado atr\u00e1s mis botas Chiruca de monta\u00f1a, e iba con un calzado m\u00e1s ligero, unas zapatillas de senderismo. Acostumbrado a llevar mis gruesas botas, suelo ponerme en estas etapas doble calcet\u00edn, para evitar ampollas, y hacer m\u00e1s c\u00f3modas las botas. En la primera jornada, al llevar una suela m\u00e1s blanda, hab\u00eda optado por ponerme un solo calcet\u00edn, sin demasiado buen resultado, ya que me molestaron bastante las plantas de los pies. As\u00ed que en el segundo d\u00eda prefer\u00ed volver al esquema del doble calcet\u00edn. Sin embargo, tampoco de esta manera iba c\u00f3modo, ya que el pie izquierdo me apretaba, sobre todo en los dedos. Y en un grave error, decid\u00ed aguantar, a ver si la cosa mejoraba.<\/p>\n<p>Como dec\u00eda, fuimos avanzando, pasando por las poblaciones de Pazos, Romar\u00eds, Rueiro, Anteportas, Tarrio y Vilar, sin gran novedad, salvo que el flujo de peregrinos a Santiago se hab\u00eda incrementado bastante, a diferencia de nuestra tranquila etapa -como no pod\u00eda ser menos- a ese respecto del d\u00eda anterior. Realizamos una breve parada en A Escravitude, donde no pudimos dejar de admirar el magn\u00edfico santuario Barroco, de los siglos XVIII y XIX.<\/p>\n<figure class=\"wp-block-piwigo-gallery-single-image piwigo-single-image\"><a href=\"https:\/\/www.eniac2000.com\/piwigo\/picture.php?\/5141\" target=\"_blank\" rel=\"noopener noreferrer\"><img decoding=\"async\" src=\"https:\/\/www.eniac2000.com\/piwigo\/_data\/i\/galleries\/albums\/2011-07-camino-maritimo\/fotos-propias\/dia2\/IMG_20110717_091434-me.jpg\" alt=\"IMG 20110717 091434\" \/><\/a><figcaption><strong>IMG 20110717 091434<\/strong><\/figcaption><\/figure>\n<p>A la salida de A Escravitude nos internamos en una zona boscosa, si bien no tardamos en volver a descender hasta nuestra <em>querida<\/em> N-550, a la altura de A Picara\u00f1a. Anduvimos un rato por el arc\u00e9n de la carretera, hasta abandonarla por un tramo antiguo de la misma carretera, que nos llev\u00f3 a pasar junto al albergue de peregrinos de Teo. Proseguimos nuestro avance, si bien no tardamos mucho en deternos, en un peque\u00f1o parquecito en la aldea de Francos, en donde destacaba el sorprendente Cruceiro de Francos, considerado como uno de los m\u00e1s antiguos de Galicia.<\/p>\n<figure class=\"wp-block-piwigo-gallery-single-image piwigo-single-image\"><a href=\"https:\/\/www.eniac2000.com\/piwigo\/picture.php?\/5142\" target=\"_blank\" rel=\"noopener noreferrer\"><img decoding=\"async\" src=\"https:\/\/www.eniac2000.com\/piwigo\/_data\/i\/galleries\/albums\/2011-07-camino-maritimo\/fotos-propias\/dia2\/IMG_20110717_102833-me.jpg\" alt=\"IMG 20110717 102833\" \/><\/a><figcaption><strong>IMG 20110717 102833<\/strong><\/figcaption><\/figure>\n<p>Aprovech\u00e9 esa parada -eran ya las 10:30h- para atender a mi dolorido pie izquierdo. Llev\u00e1bamos ya dos horas y media de camino, y hab\u00eda ido sufriendo mayores molestias a cada paso. Fue quitarme el doble calcet\u00edn, y notar una gran mejor\u00eda, pero para esas alturas el da\u00f1o ya estaba hecho. El dedo anular de dicho pie ten\u00eda la u\u00f1a completamente enrojecida. En los meses sucesivos se me ir\u00eda poniendo negra y acabar\u00eda cay\u00e9ndoseme. Pero en ese momento constituy\u00f3 un gran alivio. As\u00ed que el resto de la etapa lo hice con dos calcetines en el pie derecho, y uno en el izquierdo.<\/p>\n<p>Reanudamos la marcha afianzando la tendencia que hab\u00edamos observado hac\u00eda poco: que se acababa el llanear, y empez\u00e1bamos a subir monte, camino de Santiago. Y es que debe de ser alguna especie de maldici\u00f3n persa para los peregrinos, pero es que no hay pr\u00e1cticamente manera alguna de acercarse a la ciudad del Ap\u00f3stol que no implique escalar cerros con la mochila -o las alforjas en el caso de la bici- a la espalda.<\/p>\n<p>A medida que nos acerc\u00e1bamos a Santiago el paisaje se iba transformado, dejando paso cada vez m\u00e1s a un entorno rural cada vez m\u00e1s concentrado, a diferencia de los ratos de respiro de vegetaci\u00f3n que ten\u00edamos antes, caracterizados por la dispersi\u00f3n de los n\u00facleos rurales. Sin embargo, pese a todo, de cuando en cuando ten\u00edamos peque\u00f1os regalos en forma de robledal o breves tramos de corredoira, que hac\u00edan nuestras delicias. Pero por desgracia, eran las menos de las veces.<\/p>\n<figure class=\"wp-block-piwigo-gallery-single-image piwigo-single-image\"><a href=\"https:\/\/www.eniac2000.com\/piwigo\/picture.php?\/5144\" target=\"_blank\" rel=\"noopener noreferrer\"><img decoding=\"async\" src=\"https:\/\/www.eniac2000.com\/piwigo\/_data\/i\/galleries\/albums\/2011-07-camino-maritimo\/fotos-propias\/dia2\/IMG_20110717_111313-me.jpg\" alt=\"IMG 20110717 111313\" \/><\/a><figcaption><strong>IMG 20110717 111313<\/strong><\/figcaption><\/figure>\n<p>Era mediod\u00eda cuando alcanzamos Milladoiro, a apenas 8 kil\u00f3metros de nuestro destino. A esas alturas del d\u00eda el calor empezaba a apretar, por lo que agradecimos llegar a esta poblaci\u00f3n, que marcaba el comienzo de un tramo de descenso hasta Santiago. Realizamos un descenso por pista asfaltada -primero- y por sendas que har\u00edan las delicias de cualquier ciclista de monta\u00f1a, pero que constitu\u00edan un gran fastidio si, como era nuestro caso, realizabas el Camino a pie. As\u00ed pues, llegamos a la parroquia de Conxo, perteneciente ya al Concello de Santiago. Apenas 3 kil\u00f3metros ya nos separaban de nuestro destino, pero iban a ser todos ellos en subida, y con un calor que segu\u00eda apretando.<\/p>\n<p>Entramos, pues, en Santiago bordeando un centro hospitalario. Avanzamos pr\u00e1cticamente en l\u00ednea recta, hasta llegar al casco hist\u00f3rico de la ciudad, donde el gent\u00edo era, como de costumbre, abrumador. As\u00ed pues, llegamos a la plaza del Obradoiro al filo de las dos de la tarde, tras seis horas y media largas de etapa, y casi seis horas de caminar ininterrumpido. Pero ten\u00edamos sensaciones encontradas. Est\u00e1bamos en Santiago, s\u00ed, pero por vez primera en nuestros Caminos no era el final de nuestro viaje, sino apenas una etapa intermedia.<\/p>\n<p>Encontramos albergue en el Seminario Mayor de Santiago, justo al lado de la Catedral, aunque por un momento temimos encontrarlo cerrado, ya que hab\u00edan cambiado la puerta de entrada con respecto a ocasiones anteriores. Deshicimos las mochilas, y tras un r\u00e1pido duchado, nos dirigimos a comer a Casa Manolo, en la plaza de Cervantes, donde almorzamos -como de costumbre- magn\u00edficamente bien.<\/p>\n<p>De vuelta al Seminario, descansamos un rato y lavamos la ropa del d\u00eda. Por la tarde salimos a dar una vuelta por Santiago, obviando esta vez el tr\u00e1mite de obtener la Compostela, ya que no ten\u00edamos derecho a ella, ya que hab\u00edamos realizado un Camino inferior a los 100 kil\u00f3metros andando. Esa noche cenamos en un restaurante turco cercano a la Alameda, y nos preparamos para emprender al d\u00eda siguiente la segunda fase de nuestro viaje: el Camino a Finisterre.<\/p>\n","protected":false},"excerpt":{"rendered":"<div class=\"seriesmeta\">Esta entrada es la parte 3 de 7 de la serie <a href=\"https:\/\/bitacora.eniac2000.com\/?series=camino-de-santiago-2011\" class=\"series-1832\" title=\"Camino de Santiago 2011\">Camino de Santiago 2011<\/a><\/div><p>Iniciamos la segunda y \u00faltima etapa del Camino Mar\u00edtimo a<\/p>\n","protected":false},"author":1,"featured_media":0,"comment_status":"open","ping_status":"open","sticky":false,"template":"","format":"standard","meta":{"advanced_seo_description":"","jetpack_seo_html_title":"","jetpack_seo_noindex":false,"_jetpack_memberships_contains_paid_content":false,"footnotes":"","jetpack_publicize_message":"","jetpack_publicize_feature_enabled":true,"jetpack_social_post_already_shared":false,"jetpack_social_options":{"image_generator_settings":{"template":"highway","default_image_id":0,"font":"","enabled":false},"version":2}},"categories":[2,4],"tags":[37,1077,1223,1497],"series":[1832],"class_list":["post-3087","post","type-post","status-publish","format-standard","hentry","category-camino-de-santiago","category-camino-maritimo","tag-a-escravitude","tag-milladoiro","tag-padron","tag-santiago-de-compostela","series-camino-de-santiago-2011"],"jetpack_publicize_connections":[],"jetpack_featured_media_url":"","jetpack_sharing_enabled":true,"_links":{"self":[{"href":"https:\/\/bitacora.eniac2000.com\/index.php?rest_route=\/wp\/v2\/posts\/3087","targetHints":{"allow":["GET"]}}],"collection":[{"href":"https:\/\/bitacora.eniac2000.com\/index.php?rest_route=\/wp\/v2\/posts"}],"about":[{"href":"https:\/\/bitacora.eniac2000.com\/index.php?rest_route=\/wp\/v2\/types\/post"}],"author":[{"embeddable":true,"href":"https:\/\/bitacora.eniac2000.com\/index.php?rest_route=\/wp\/v2\/users\/1"}],"replies":[{"embeddable":true,"href":"https:\/\/bitacora.eniac2000.com\/index.php?rest_route=%2Fwp%2Fv2%2Fcomments&post=3087"}],"version-history":[{"count":1,"href":"https:\/\/bitacora.eniac2000.com\/index.php?rest_route=\/wp\/v2\/posts\/3087\/revisions"}],"predecessor-version":[{"id":10999,"href":"https:\/\/bitacora.eniac2000.com\/index.php?rest_route=\/wp\/v2\/posts\/3087\/revisions\/10999"}],"wp:attachment":[{"href":"https:\/\/bitacora.eniac2000.com\/index.php?rest_route=%2Fwp%2Fv2%2Fmedia&parent=3087"}],"wp:term":[{"taxonomy":"category","embeddable":true,"href":"https:\/\/bitacora.eniac2000.com\/index.php?rest_route=%2Fwp%2Fv2%2Fcategories&post=3087"},{"taxonomy":"post_tag","embeddable":true,"href":"https:\/\/bitacora.eniac2000.com\/index.php?rest_route=%2Fwp%2Fv2%2Ftags&post=3087"},{"taxonomy":"series","embeddable":true,"href":"https:\/\/bitacora.eniac2000.com\/index.php?rest_route=%2Fwp%2Fv2%2Fseries&post=3087"}],"curies":[{"name":"wp","href":"https:\/\/api.w.org\/{rel}","templated":true}]}}