{"id":3164,"date":"2012-09-26T11:46:43","date_gmt":"2012-09-26T10:46:43","guid":{"rendered":"http:\/\/bitacora.eniac2000.com\/?p=3164"},"modified":"2025-10-05T17:12:53","modified_gmt":"2025-10-05T15:12:53","slug":"etapa-ciclista-sabinillas-banos-de-la-hedionda-canuto-de-la-utrera-el-secadero-la-duquesa-24082012","status":"publish","type":"post","link":"https:\/\/bitacora.eniac2000.com\/?p=3164","title":{"rendered":"Etapa ciclista: Sabinillas &#8211; Ba\u00f1os de la Hedionda &#8211; Canuto de la Utrera &#8211; El Secadero &#8211; La Duquesa (24\/08\/2012)"},"content":{"rendered":"<p>El 24 de agosto, aprovechando que estaba pasando unos d\u00edas con mis padres en la provincia de M\u00e1laga, me decid\u00ed a rodar un poco los aquellos lares. Era algo que llevaba tiempo con ganas de hacer, sobre todo porque la zona en la que tienen su piso (Manilva) es pr\u00f3diga en zonas monta\u00f1osas, y presentaba bastantes alicientes para salir a rodar. As\u00ed pues, me hice en wikiloc con un recorrido que parec\u00eda bastante apa\u00f1ado, y sal\u00ed de buena ma\u00f1ana a rodar. Dado que no hab\u00eda llevado ninguna bici para M\u00e1laga, utilic\u00e9 mi vieja bici de monta\u00f1a, que hace a\u00f1os hab\u00eda cedido a mi padre y que \u00e9l, tras haber recibido como regalo de reyes una nueva bici de doble suspensi\u00f3n, hab\u00eda llevado para Manilva.<\/p>\n<p>As\u00ed pues, sal\u00ed a las 8:20h desde San Luis de Sabinillas en direcci\u00f3n noroeste, hacia los famosos ba\u00f1os sulfurosos de <a href=\"http:\/\/www.inzona.es\/banos-de-la-hedionda-la-sorpresa-del-cesar.html\">la Hedionda<\/a>, de origen romano. El penetrante olor a huevos podridos de la zona no dejaba lugar a dudas que de que me encontraba cerca de los ba\u00f1os, como en efecto as\u00ed era. No tard\u00e9 mucho en llegar hasta ellos, y quedarme impresionado -adem\u00e1s de por el pestilente olor- por el color turquesa de las aguas del manantial. Ser\u00eda cuesti\u00f3n de repetir la visita en otro d\u00eda.<\/p>\n<figure class=\"wp-block-piwigo-gallery-single-image piwigo-single-image\"><a href=\"https:\/\/www.eniac2000.com\/piwigo\/picture.php?\/9704\" target=\"_blank\" rel=\"noopener noreferrer\"><img decoding=\"async\" src=\"https:\/\/www.eniac2000.com\/piwigo\/_data\/i\/galleries\/albums\/ciclismo\/2012-08-24-manilva\/IMAG0166-me.jpg\" alt=\"IMAG0166\" \/><\/a><figcaption><strong>IMAG0166<\/strong><\/figcaption><\/figure>\n<p>Mi idea original, una vez vistos los ba\u00f1os, era volver sobre mis pasos para subir por la carretera de la cantera de La Dehesilla y llegar a los aerogeneradores, para luego bajar en direcci\u00f3n a El Secadero. Sin embargo, camino de los ba\u00f1os me encontr\u00e9 con una sorpresa: un impresionante tajo en la monta\u00f1a&#8230; \u00a1con indicaciones de sendero local!<\/p>\n<figure class=\"wp-block-piwigo-gallery-single-image piwigo-single-image\"><a href=\"https:\/\/www.eniac2000.com\/piwigo\/picture.php?\/9700\" target=\"_blank\" rel=\"noopener noreferrer\"><img decoding=\"async\" src=\"https:\/\/www.eniac2000.com\/piwigo\/_data\/i\/galleries\/albums\/ciclismo\/2012-08-24-manilva\/IMAG0162-me.jpg\" alt=\"IMAG0162\" \/><\/a><figcaption><strong>IMAG0162<\/strong><\/figcaption><\/figure>\n<p>Se trataba del sendero del Canuto de la Utrera, que es como se conoce a dicho camino. Se trataba de un sendero de apenas 2 kms. que ascend\u00eda directamente hasta los aerogeneradores, pasando por una interesant\u00edsima zona k\u00e1rstica, en vez de por una carretera llena de camiones de cantera. Ser\u00eda del g\u00e9nero tonto no ir por \u00e9l, \u00bfverdad?<\/p>\n<figure class=\"wp-block-piwigo-gallery-single-image piwigo-single-image\"><a href=\"https:\/\/www.eniac2000.com\/piwigo\/picture.php?\/9705\" target=\"_blank\" rel=\"noopener noreferrer\"><img decoding=\"async\" src=\"https:\/\/www.eniac2000.com\/piwigo\/_data\/i\/galleries\/albums\/ciclismo\/2012-08-24-manilva\/IMAG0167-me.jpg\" alt=\"IMAG0167\" \/><\/a><figcaption><strong>IMAG0167<\/strong><\/figcaption><\/figure>\n<p>Pues no. Era del g\u00e9nero idiota meterse por \u00e9l <em>con bici<\/em>. Aunque el paisaje era espectacular, y el sendero una aut\u00e9ntica preciosidad, apenas era ciclable unos centenares de metros. El resto del trayecto transcurr\u00eda subiendo por pedregales, el lecho del arroyo del Canuto, y salvando pe\u00f1ascos de varios metros de altura. Y eso cuando no hab\u00eda que hacerlo todo al tiempo.<\/p>\n<figure class=\"wp-block-piwigo-gallery-single-image piwigo-single-image\"><a href=\"https:\/\/www.eniac2000.com\/piwigo\/picture.php?\/9710\" target=\"_blank\" rel=\"noopener noreferrer\"><img decoding=\"async\" src=\"https:\/\/www.eniac2000.com\/piwigo\/_data\/i\/galleries\/albums\/ciclismo\/2012-08-24-manilva\/IMAG0172-me.jpg\" alt=\"IMAG0172\" \/><\/a><figcaption><strong>IMAG0172<\/strong><\/figcaption><\/figure>\n<p>Tan dura fue la subida que tard\u00e9 35 minutos en hacer apenas 900 metros de subida. Y casi todo el tiempo con la bici al hombro. Pero aun as\u00ed, mereci\u00f3 la pena. <img src=\"https:\/\/bitacora.eniac2000.com\/wp-includes\/images\/smilies\/mrgreen.png\" alt=\":mrgreen:\" class=\"wp-smiley\" style=\"height: 1em; max-height: 1em;\" \/><\/p>\n<p>Pasada la zona m\u00e1s complicada acab\u00e9 llegando a una zona en la que el valle abr\u00eda considerablemente. En ella se hab\u00edan realizado prospecciones petrol\u00edferas en los a\u00f1os 70, y quedaban como restos de ellas una especie de piscinas de \u00e1ridos, adem\u00e1s de un camino razonable para salir de la zona. Alcanc\u00e9 la carretera a las 9:40h.<\/p>\n<figure class=\"wp-block-piwigo-gallery-single-image piwigo-single-image\"><a href=\"https:\/\/www.eniac2000.com\/piwigo\/picture.php?\/9713\" target=\"_blank\" rel=\"noopener noreferrer\"><img decoding=\"async\" src=\"https:\/\/www.eniac2000.com\/piwigo\/_data\/i\/galleries\/albums\/ciclismo\/2012-08-24-manilva\/IMAG0175-me.jpg\" alt=\"IMAG0175\" \/><\/a><figcaption><strong>IMAG0175<\/strong><\/figcaption><\/figure>\n<p>Una vez en la carretera de Gauc\u00edn, tan s\u00f3lo tuve que cruzarla para tomar la pista de descenso del barranco de la Zarabanda. Es una zona que se encuentra perfectamente se\u00f1alizada por el ayuntamiento de Casares, del que forma parte. As\u00ed, pasando por una zona con un sorprendente alcornocal y unas vistas espectaculares, llegu\u00e9 sin demasiados inconvenientes a la Vereda de los Pescadores, asfaltada en esa zona.<\/p>\n<figure class=\"wp-block-piwigo-gallery-single-image piwigo-single-image\"><a href=\"https:\/\/www.eniac2000.com\/piwigo\/picture.php?\/9715\" target=\"_blank\" rel=\"noopener noreferrer\"><img decoding=\"async\" src=\"https:\/\/www.eniac2000.com\/piwigo\/_data\/i\/galleries\/albums\/ciclismo\/2012-08-24-manilva\/IMAG0177-181-me.jpg\" alt=\"IMAG0177-181\" \/><\/a><figcaption><strong>IMAG0177-181<\/strong><\/figcaption><\/figure>\n<p>Segu\u00ed por esa carretera en direcci\u00f3n sur hasta alcanzar la aldea de El Secadero, \u00faltimo punto habitado por el que iba a transcurrir antes de volver a bajar a la costa de M\u00e1laga. Pero antes de ello no me quedaba m\u00e1s remedio que volver a ascender los montes que me separaban del mar. Cruc\u00e9 El Secadero en direcci\u00f3n este, por su calle principal, y no tard\u00e9 mucho en salir de la aldea. En poco tiempo termin\u00f3 el camino asfaltado y empez\u00f3 una pista de tierra que poco a poco fue ganando en pendiente. El calor a esa hora hab\u00eda empezado a aumentar, y mis reservas de agua estaban empezando a menguar peligrosamente. Ya me tem\u00eda lo peor cuando, para mi sorpresa, di con dos manantiales de agua en plena subida. \u00a1Y con un agua fresca y de sabor excelente!<\/p>\n<figure class=\"wp-block-piwigo-gallery-single-image piwigo-single-image\"><a href=\"https:\/\/www.eniac2000.com\/piwigo\/picture.php?\/9722\" target=\"_blank\" rel=\"noopener noreferrer\"><img decoding=\"async\" src=\"https:\/\/www.eniac2000.com\/piwigo\/_data\/i\/galleries\/albums\/ciclismo\/2012-08-24-manilva\/IMAG0183-me.jpg\" alt=\"IMAG0183\" \/><\/a><figcaption><strong>IMAG0183<\/strong><\/figcaption><\/figure>\n<p>Era algo tan absolutamente sorprendente que no pude menos que pararme a inmortalizar el momento y a refrescarme en tan sorprendente regalo de la naturaleza. Una vez hecho esto, segu\u00ed subiendo, hasta alcanzar un altiplano en las cercan\u00edas del Cortijo de los Pinos. El cortijo ten\u00eda el nombre excelentemente puesto, ya que pas\u00e9 a encontrarme en una zona de pinos y dunas que no dejaron de recordarme a los existentes en las cercan\u00edas de Aznalc\u00e1zar, camino de El Roc\u00edo. Y como no pod\u00eda ser menos, la arena era igualmente fastidiosa.<\/p>\n<p>Por suerte para m\u00ed, la ruta que estaba siguiendo abandonaba esta pista arenosa poco despu\u00e9s del cortijo, para emprender un divertido descenso por una zona trialera bastante divertida, que pronto me acab\u00f3 llevando a las cercan\u00edas de la autopista, bajo la que tuve que pasar. A partir de ah\u00ed, el camino volvi\u00f3 a una din\u00e1mica de pista ancha, alternando subidas y bajadas en los cerros de El Alcorr\u00edn. Finalmente acab\u00e9 bajando a Mart\u00e1gina bordeando una urbanizaci\u00f3n llamada Princesa Cristina, y pasando por la zona de la Duquesa Alta, parcialmente urbanizada por una urbanizaci\u00f3n abortada por la crisis inmobiliaria.<\/p>\n<p>Una vez llegado a la autov\u00eda, la cruc\u00e9 para entrar en Mart\u00e1gina. Desde all\u00ed el camino no tuvo m\u00e1s inter\u00e9s que el seguir avanzando en paralelo a la costa, cruzando el Puerto de la Duquesa hasta volver a San Luis de Sabinillas, a donde llegu\u00e9 a las 11:35h. Una magn\u00edfica etapa que no hizo sino abrirme m\u00e1s el apetito de rodar por la zona.<\/p>\n<p>Los datos de la etapa son los siguientes:<\/p>\n<ul>\n<li><strong>Distancia:<\/strong> 30&#8217;5 km<\/li>\n<li><strong>Distancia (seg\u00fan el GPS):<\/strong> 32&#8217;613 km.<\/li>\n<li><strong>Tiempo de etapa:<\/strong> 2h 07m 16s<\/li>\n<li><strong>Tiempo desde el inicio de la etapa:<\/strong> 3h 10m 12s<\/li>\n<li><strong>Velocidad media:<\/strong> 14&#8217;4 km\/h<\/li>\n<li><strong>Velocidad m\u00e1xima:<\/strong> 44&#8217;7 km\/h<\/li>\n<li><strong>Pulsaciones medias:<\/strong> 136 pulsaciones\/min<\/li>\n<li><strong>Pulsaciones m\u00e1ximas:<\/strong> 172 pulsaciones\/min<\/li>\n<li><strong>Consumo medio de calor\u00edas:<\/strong> 960 kcal\/h<\/li>\n<li><strong>Consumo m\u00e1ximo de calor\u00edas:<\/strong> 1310 kcal\/h<\/li>\n<li><strong>Tiempo en zonas de pulsaciones:<\/strong> 2h 28m 25s<\/li>\n<li><strong>Consumo total de calor\u00edas:<\/strong> 3006 kcal<\/li>\n<li><strong>\u00cdndice IBP de dificultad:<\/strong> 88BA<\/li>\n<\/ul>\n<p>Y aqu\u00ed est\u00e1 el enlace al recorrido de la etapa: <a href=\"http:\/\/www.mtbafondo.es\/activity\/p\/732\/\">Sabinillas &#8211; Ba\u00f1os de la Hedionda &#8211; Canuto de la Utrera &#8211; El Secadero &#8211; La Duquesa<\/a> <\/p>\n","protected":false},"excerpt":{"rendered":"<p>El 24 de agosto, aprovechando que estaba pasando unos d\u00edas<\/p>\n","protected":false},"author":1,"featured_media":0,"comment_status":"open","ping_status":"open","sticky":false,"template":"","format":"standard","meta":{"advanced_seo_description":"","jetpack_seo_html_title":"","jetpack_seo_noindex":false,"_jetpack_memberships_contains_paid_content":false,"footnotes":"","jetpack_publicize_message":"","jetpack_publicize_feature_enabled":true,"jetpack_social_post_already_shared":false,"jetpack_social_options":{"image_generator_settings":{"template":"highway","default_image_id":0,"font":"","enabled":false},"version":2}},"categories":[24,8],"tags":[188,320,342,584,927,1026,1031,1135,1458],"series":[],"class_list":["post-3164","post","type-post","status-publish","format-standard","hentry","category-ciclismo","category-deporte","tag-banos-de-la-hedionda","tag-canuto-de-la-utrera","tag-casares","tag-el-secadero","tag-la-duquesa","tag-malaga","tag-manilva","tag-mtb","tag-sabinillas"],"jetpack_publicize_connections":[],"jetpack_featured_media_url":"","jetpack_sharing_enabled":true,"_links":{"self":[{"href":"https:\/\/bitacora.eniac2000.com\/index.php?rest_route=\/wp\/v2\/posts\/3164","targetHints":{"allow":["GET"]}}],"collection":[{"href":"https:\/\/bitacora.eniac2000.com\/index.php?rest_route=\/wp\/v2\/posts"}],"about":[{"href":"https:\/\/bitacora.eniac2000.com\/index.php?rest_route=\/wp\/v2\/types\/post"}],"author":[{"embeddable":true,"href":"https:\/\/bitacora.eniac2000.com\/index.php?rest_route=\/wp\/v2\/users\/1"}],"replies":[{"embeddable":true,"href":"https:\/\/bitacora.eniac2000.com\/index.php?rest_route=%2Fwp%2Fv2%2Fcomments&post=3164"}],"version-history":[{"count":0,"href":"https:\/\/bitacora.eniac2000.com\/index.php?rest_route=\/wp\/v2\/posts\/3164\/revisions"}],"wp:attachment":[{"href":"https:\/\/bitacora.eniac2000.com\/index.php?rest_route=%2Fwp%2Fv2%2Fmedia&parent=3164"}],"wp:term":[{"taxonomy":"category","embeddable":true,"href":"https:\/\/bitacora.eniac2000.com\/index.php?rest_route=%2Fwp%2Fv2%2Fcategories&post=3164"},{"taxonomy":"post_tag","embeddable":true,"href":"https:\/\/bitacora.eniac2000.com\/index.php?rest_route=%2Fwp%2Fv2%2Ftags&post=3164"},{"taxonomy":"series","embeddable":true,"href":"https:\/\/bitacora.eniac2000.com\/index.php?rest_route=%2Fwp%2Fv2%2Fseries&post=3164"}],"curies":[{"name":"wp","href":"https:\/\/api.w.org\/{rel}","templated":true}]}}