{"id":3184,"date":"2012-09-29T13:34:41","date_gmt":"2012-09-29T12:34:41","guid":{"rendered":"http:\/\/bitacora.eniac2000.com\/?p=3184"},"modified":"2025-10-11T04:58:09","modified_gmt":"2025-10-11T02:58:09","slug":"camino-a-finisterre-etapa-1-santiago-de-compostela-negreira","status":"publish","type":"post","link":"https:\/\/bitacora.eniac2000.com\/?p=3184","title":{"rendered":"Camino a Finisterre. Etapa 1: Santiago de Compostela &#8211; Negreira"},"content":{"rendered":"<div class=\"seriesmeta\">Esta entrada es la parte 4 de 7 de la serie <a href=\"https:\/\/bitacora.eniac2000.com\/?series=camino-de-santiago-2011\" class=\"series-1832\" title=\"Camino de Santiago 2011\">Camino de Santiago 2011<\/a><\/div><p>El 18 de julio de 2011 nos despertamos en Santiago con una sensaci\u00f3n extra\u00f1a. Est\u00e1bamos en Santiago, s\u00ed, pero por vez primera no est\u00e1bamos all\u00ed tras haber terminado un Camino, sino en el comienzo de \u00e9l. Bueno, estrictamente hablando est\u00e1bamos en Santiago <em>de ambas maneras<\/em>: la jornada anterior hab\u00edamos finalizado el Camino Mar\u00edtimo, que en un alarde de originalidad hab\u00edamos empezado el d\u00eda del Carmen en Pontevedra, realizado a pie hasta Sanxenxo, desde all\u00ed en fueraborda hasta Pontedeume, y posteriormente, de nuevo a pie hasta Santiago. Y ese d\u00eda empez\u00e1bamos un nuevo Camino, el camino que llev\u00e1bamos a\u00f1os hablando de hacer y que nunca hab\u00edamos hecho: el Camino a Finisterre.<\/p>\n<p>Como dije en el anterior art\u00edculo, esa noche descansamos en el Seminario Mayor de Santiago de Compostela, uno de los mejores sitios posibles para que el peregrino haga su estancia en Santiago. Adem\u00e1s de encontrarse emplazado en la Plaza de la Inmaculada, junto a la Catedral, parte del Seminario se encuentra habilitado como un hotel, con todas las comodidades habituales, y otra parte como albergue de peregrinos, en el que pernoctas en una humilde celda de seminarista, en las que todas las comodidades consisten en sendas camas gemelas, una mesilla, y un aseo. Pero que sientan a gloria. Adem\u00e1s, albergarse como peregrino en el Seminario Mayor cuenta con una curiosa ventaja: en el precio del alojamiento se encuentra incluido el desayuno en el refectorio del Seminario, habilitado como buffet libre. Y como ten\u00edamos por delante una ma\u00f1ana intensa hasta Negreira, nuestra siguiente parada, decidimos hacer buen uso del refectorio.<\/p>\n<p>Una de las grandes inc\u00f3gnitas que nunca he sido capaz de resolver de Galicia es c\u00f3mo, teniendo tan excelente pan como tienen en cualquier pueblo, nunca jam\u00e1s a nadie se le ha ocurrido cortarlo en rebanadas, tostarlo, y ponerlo a la venta con mantequilla o aceite acompa\u00f1ado de un caf\u00e9. Lo m\u00e1s parecido que han servido son las horrendas rebanadas de pan Bimbo que, si bien son aceptables en un lugar donde el pan no sea nada del otro mundo, en lugares como Galicia el hacer eso deber\u00eda tener reservado un c\u00edrculo en el infierno especialmente dedicado a los perpetradores de semejante desprop\u00f3sito. Pues bien, resulta que la Santa Madre Iglesia&#8230; \u00a1hab\u00eda descubierto que se pueden hacer rebanadas de pan y tostarlas con el pan de Galicia! Esa mana\u00f1a no pude menos que alabar la sabidur\u00eda transmitida a lo largo de generaciones de sacerdotes gallegos. Y preguntarme, de nuevo, la raz\u00f3n por la que esa sabidur\u00eda no se ha transmitido al pueblo llano. Grandes misterios de la vida.<\/p>\n<figure class=\"wp-block-piwigo-gallery-single-image piwigo-single-image\"><a href=\"https:\/\/www.eniac2000.com\/piwigo\/picture.php?\/5047\" target=\"_blank\" rel=\"noopener noreferrer\"><img decoding=\"async\" src=\"https:\/\/www.eniac2000.com\/piwigo\/_data\/i\/galleries\/albums\/2011-07-camino-maritimo\/fotografias-pedro\/dia-3\/18072011298-me.jpg\" alt=\"18072011298\" \/><\/a><figcaption><strong>18072011298<\/strong><\/figcaption><\/figure>\n<p>Tener esas tostadas era como tener el para\u00edso terrenal al alcance de la mano. No se me ocurr\u00eda mejor manera de empezar la jornada. Tras un op\u00edparo desayuno, empezamos nuestro Camino a a las 8:35h de la ma\u00f1ana, en una ma\u00f1ana fresca, con el cielo algo cubierto, y que era ideal para caminar. Dejamos atr\u00e1s la Plaza del Obradoiro y salimos hacia la Carballeda de San Lorenzo por la R\u00faa Das Hortas. Pronto nos encontramos con el primer monolito. Monolito que, c\u00f3mo no, se\u00f1alaba en sentido contrario. Y que era el \u00fanico en el que las placas de indicaci\u00f3n de distancia no eran inferiores a la decena. Como hecho llamativo, el monolito ten\u00eda -o deber\u00eda haber tenido- dos placas, ya que hay dos variantes para llegar a Finisterre. Nosotros hab\u00edamos escogido la variante de Cee, en vez de la de Mux\u00eda, algo m\u00e1s larga. El tiempo -sobre todo en el caso de Pablo- no era un lujo del que pudi\u00e9ramos disponer.<\/p>\n<figure class=\"wp-block-piwigo-gallery-single-image piwigo-single-image\"><a href=\"https:\/\/www.eniac2000.com\/piwigo\/picture.php?\/5150\" target=\"_blank\" rel=\"noopener noreferrer\"><img decoding=\"async\" src=\"https:\/\/www.eniac2000.com\/piwigo\/_data\/i\/galleries\/albums\/2011-07-camino-maritimo\/fotos-propias\/dia3\/IMG_20110718_085302-me.jpg\" alt=\"IMG 20110718 085302\" \/><\/a><figcaption><strong>IMG 20110718 085302<\/strong><\/figcaption><\/figure>\n<p>Salimos, pues, de Santiago por un robledal, que pronto nos llev\u00f3 a una sorprendente corredoira; sorprendente por lo cercana a Santiago que se encontraba. Por desgracia, en los dem\u00e1s Caminos que he recorrido, los \u00faltimos kil\u00f3metros a Santiago son un compendio de carreteras nacionales, zonas urbanas, circunvalaciones y cosas a\u00fan peores. Encontrar ese remanso de paz tan cerca de la ciudad no pod\u00eda menos que impresionarme.Y encima, est\u00e1bamos empezando la etapa <em>en descenso<\/em>. Otra novedad interesante, ya que no hay manera humana de hacer el Camino y llegar a Santiago sin tener que afrontar alguna que otra subida espantosa, salvo el caso del Camino Ingl\u00e9s, que llegas por una Nacional a\u00fan peor. Tan agradable era el sitio, que incluso nos encontramos con una tienda de campa\u00f1a a la vera del camino, se\u00f1al de que alg\u00fan peregrino hab\u00eda sido sorprendido por la noche en plena marcha, y no hab\u00eda dudado en plantar all\u00ed sus reales. Yo tampoco lo hubiera dudado.<\/p>\n<figure class=\"wp-block-piwigo-gallery-single-image piwigo-single-image\"><a href=\"https:\/\/www.eniac2000.com\/piwigo\/picture.php?\/5151\" target=\"_blank\" rel=\"noopener noreferrer\"><img decoding=\"async\" src=\"https:\/\/www.eniac2000.com\/piwigo\/_data\/i\/galleries\/albums\/2011-07-camino-maritimo\/fotos-propias\/dia3\/IMG_20110718_090341-me.jpg\" alt=\"IMG 20110718 090341\" \/><\/a><figcaption><strong>IMG 20110718 090341<\/strong><\/figcaption><\/figure>\n<p>Contemplamos, pues, la \u00faltima vista que habr\u00edamos de tener de las torres de la Catedral. De nuevo, una experiencia opuesta a lo que siempre hab\u00edamos vivido.<\/p>\n<figure class=\"wp-block-piwigo-gallery-single-image piwigo-single-image\"><a href=\"https:\/\/www.eniac2000.com\/piwigo\/picture.php?\/5152\" target=\"_blank\" rel=\"noopener noreferrer\"><img decoding=\"async\" src=\"https:\/\/www.eniac2000.com\/piwigo\/_data\/i\/galleries\/albums\/2011-07-camino-maritimo\/fotos-propias\/dia3\/IMG_20110718_091146-me.jpg\" alt=\"IMG 20110718 091146\" \/><\/a><figcaption><strong>IMG 20110718 091146<\/strong><\/figcaption><\/figure>\n<p>Terminamos la bajada en la zona de urbanizaci\u00f3n de Moas de Abaixo. Desde all\u00ed avanzamos por asfalto hasta Carballal, y desde all\u00ed, como no pod\u00eda ser menos, iniciamos una subida hasta Vilari\u00f1o, por una pista pedregosa y sin asfaltar. La verdad, un interesante cambio, porque el asfalto empezaba a resultar fastidioso. Seguimos con un rato de subidas y bajadas, en el que pasamos por las aldeas de Pedri\u00f1o, Quint\u00e1ns y Portela. A esas alturas de la ma\u00f1ana empezamos a encontrarnos con m\u00e1s peregrinos, y empezamos la que iba a ser la bajada m\u00e1s larga del d\u00eda, de 3 kms., y que nos llevar\u00eda al punto m\u00e1s bajo de la etapa, la aldea de Augapesada. Pero antes, tuvimos que hacer una parada t\u00e9cnica: Pablo hab\u00eda empezado a notar molestias en una de sus rodillas, con lo que estaba aplicando m\u00e1s peso del conveniente en la pierna contraria. Ello pod\u00eda provocarle una tendinitis, con lo que su Camino pod\u00eda quedar inconcluso. Por suerte, a mitad de la bajada encontramos una farmacia abierta, y all\u00ed pudimos hacernos con una rodillera.<\/p>\n<figure class=\"wp-block-piwigo-gallery-single-image piwigo-single-image\"><a href=\"https:\/\/www.eniac2000.com\/piwigo\/picture.php?\/5154\" target=\"_blank\" rel=\"noopener noreferrer\"><img decoding=\"async\" src=\"https:\/\/www.eniac2000.com\/piwigo\/_data\/i\/galleries\/albums\/2011-07-camino-maritimo\/fotos-propias\/dia3\/IMG_20110718_113806-me.jpg\" alt=\"IMG 20110718 113806\" \/><\/a><figcaption><strong>IMG 20110718 113806<\/strong><\/figcaption><\/figure>\n<p>Hicimos una breve parada en Augapesada, y la cosa no era para menos. Aparte de tratarse de una peque\u00f1a alde\u00edta muy agradable, consta de un puente medieval rehabilitado de un solo ojo. Pero la verdadera raz\u00f3n para hacer el alto es que por delante ten\u00edamos la subida hasta el Alto del Mar de Ovellas. Una dura subida de 3 kms., con rampas del 17%, y en la que tendr\u00edamos que ascender una altitud de 235 m. hasta la cota m\u00e1s alta de la jornada, con 282 m. sobre el nivel del mar.<\/p>\n<p>Una vez descansados, iniciamos nuestra subida. Una subida por un magn\u00edfico ejemplar de bosque gallego, por corredoira, pero en unas condiciones dur\u00edsimas. Nuestra media de velocidad, que durante toda la jornada se hab\u00eda mantenido en torno a los 5 km\/h, cay\u00f3 en algunos momentos hasta los 3 km\/h. Pero la subida, aunque dura, merec\u00eda la pena.<\/p>\n<figure class=\"wp-block-piwigo-gallery-single-image piwigo-single-image\"><a href=\"https:\/\/www.eniac2000.com\/piwigo\/picture.php?\/5020\" target=\"_blank\" rel=\"noopener noreferrer\"><img decoding=\"async\" src=\"https:\/\/www.eniac2000.com\/piwigo\/_data\/i\/galleries\/albums\/2011-07-camino-maritimo\/fotografias-pablo\/dia3\/IMG_20110718_115626-me.jpg\" alt=\"IMG 20110718 115626\" \/><\/a><figcaption><strong>IMG 20110718 115626<\/strong><\/figcaption><\/figure>\n<p>A mitad de la subida la corredoira dio paso al asfalto, que seguir\u00edamos hasta alcanzar el pueblo de Carballo, que tengo que decir que ten\u00eda el nombre excelentemente puesto. Hicimos un breve descanso, antes de seguir avanzando por carretera. Pasamos por los n\u00facleos de Trasmonte, Reino y Burgueiros. Esta vez nos quedaba descender hasta Puente Maceira, donde habr\u00edamos de cruzar el r\u00edo Tambre. Una bajada casi tan intensa como la subida del Alto del Mar de Ovellas, pero que destrozaba igualmente las piernas. Ese era uno de los momentos en los que estaba empezando a echar de menos mi bicicleta de monta\u00f1a.<\/p>\n<figure class=\"wp-block-piwigo-gallery-single-image piwigo-single-image\"><a href=\"https:\/\/www.eniac2000.com\/piwigo\/picture.php?\/5021\" target=\"_blank\" rel=\"noopener noreferrer\"><img decoding=\"async\" src=\"https:\/\/www.eniac2000.com\/piwigo\/_data\/i\/galleries\/albums\/2011-07-camino-maritimo\/fotografias-pablo\/dia3\/IMG_20110718_124911-me.jpg\" alt=\"IMG 20110718 124911\" \/><\/a><figcaption><strong>IMG 20110718 124911<\/strong><\/figcaption><\/figure>\n<p>Pese a ir por asfalto, la belleza de la zona era espectacular. Pero lo mejor estaba a\u00fan por llegar. El espectacular puente sobre el r\u00edo Tambre.<\/p>\n<figure class=\"wp-block-piwigo-gallery-single-image piwigo-single-image\"><a href=\"https:\/\/www.eniac2000.com\/piwigo\/picture.php?\/5018\" target=\"_blank\" rel=\"noopener noreferrer\"><img decoding=\"async\" src=\"https:\/\/www.eniac2000.com\/piwigo\/_data\/i\/galleries\/albums\/2011-07-camino-maritimo\/IMG_20110718_125526-me.jpg\" alt=\"IMG 20110718 125526\" \/><\/a><figcaption><strong>IMG 20110718 125526<\/strong><\/figcaption><\/figure>\n<p>Puente Maceira. Est\u00e1bamos al filo de la una de la tarde y hab\u00edamos recorrido algo menos de 18 kil\u00f3metros de etapa, por lo que a\u00fan nos quedaban por delante cuatro m\u00e1s para llegar a Negreira. Estuvimos tentados de quedarnos a comer en el que parec\u00eda ser un buen restaurante junto al puente, pero como a\u00fan era algo temprano para comer, optamos por seguir avanzando. En el \u00ednterin llegaron a Puente Maceira un grupo de peregrinos jubilados con los que nos hab\u00edamos ido entrecruzando a lo largo de la jornada. Ellos iban sin equipaje y con una furgoneta de apoyo. La etapa, para ellos, hab\u00eda terminado all\u00ed, pese a que se tendr\u00edan que albergar en Negreira igualmente. Con algo de envidia, vimos c\u00f3mo se montaban en la furgoneta y segu\u00edan alegremente su camino. Pero cuatro kil\u00f3metros no era nada con lo que no pudi\u00e9ramos lidiar. As\u00ed pues, cruzamos el puente, donde no pude resistirme a tomar una panor\u00e1mica en 360\u00ba:<\/p>\n<figure class=\"wp-block-piwigo-gallery-single-image piwigo-single-image\"><a href=\"https:\/\/www.eniac2000.com\/piwigo\/picture.php?\/5173\" target=\"_blank\" rel=\"noopener noreferrer\"><img decoding=\"async\" src=\"https:\/\/www.eniac2000.com\/piwigo\/_data\/i\/galleries\/albums\/2011-07-camino-maritimo\/fotos-propias\/dia3\/puente-maceira-peq-me.jpg\" alt=\"puente-maceira-peq\" \/><\/a><figcaption><strong>puente-maceira-peq<\/strong><\/figcaption><\/figure>\n<p>Una vez dejamos atr\u00e1s Puente Maceira, el d\u00eda pareci\u00f3 abrir un poco. La amenaza de lluvia parec\u00eda disolverse, y el sol hac\u00eda acto de presencia&#8230; lo que no era precisamente lo m\u00e1s adecuado para andar por caminos rurales gallegos al filo de la una de la tarde. Al menos, el fin de etapa se encontraba cercano. Pronto dejamos atr\u00e1s los caminos rurales y nos encontramos andando por una carretera de mayor entidad. Por suerte fue por poco tiempo, ya que poco despu\u00e9s la carretera hab\u00eda sido rectificada y nos encontramos entrando en Negreira por el antiguo trazado de la carretera&#8230; como no, en fuerte subida. A esas alturas ya nos encontr\u00e1bamos llamando al albergue p\u00fablico de Negreira, para saber si hab\u00eda plazas disponibles. Para nuestra sorpresa, no las hab\u00eda, por lo que no nos qued\u00f3 m\u00e1s remedio que acudir a un albergue privado, el Albergue San Jos\u00e9. Y fue una buena elecci\u00f3n.<\/p>\n<p>Llegamos al albergue al filo de las dos de la tarde cuando, en un nuevo cambio del tiempo, empezaba a llover sobre Negreira. El albergue hay que admitir que se encontraba en excelentes condiciones, era amplio y moderno, y con todos los servicios imaginables. Tras unas duchas r\u00e1pidas y deshacer lo justo las maletas, nos dirigimos a un restaurante cercano para degustar un buen men\u00fa de la casa, a base de caldo gallego, que con el fr\u00edo que empezaba a hacer vino de perlas. Por la tarde echamos unas reparadoras siestas, y luego salimos a pasear por el pueblo, con el fin de buscar un supermercado donde hacer la compra para la cena. Fue en esas cuando vimos una imagen sorprendente, para la que, la verdad, no encuentro mucha explicaci\u00f3n:<\/p>\n<figure class=\"wp-block-piwigo-gallery-single-image piwigo-single-image\"><a href=\"https:\/\/www.eniac2000.com\/piwigo\/picture.php?\/5172\" target=\"_blank\" rel=\"noopener noreferrer\"><img decoding=\"async\" src=\"https:\/\/www.eniac2000.com\/piwigo\/_data\/i\/galleries\/albums\/2011-07-camino-maritimo\/fotos-propias\/dia3\/S8000383-me.JPG\" alt=\"S8000383\" \/><\/a><figcaption><strong>S8000383<\/strong><\/figcaption><\/figure>\n<p>El resto de la tarde lo empleamos lavando la ropa en las lavadoras y secadoras industriales del albergue, y a la lectura. La etapa hab\u00eda sido exigente, y la del d\u00eda siguiente no lo iba a ser menos.Hab\u00edamos recorrido 21&#8217;6 kms. en 5h 18m 18s.<\/p>\n","protected":false},"excerpt":{"rendered":"<div class=\"seriesmeta\">Esta entrada es la parte 4 de 7 de la serie <a href=\"https:\/\/bitacora.eniac2000.com\/?series=camino-de-santiago-2011\" class=\"series-1832\" title=\"Camino de Santiago 2011\">Camino de Santiago 2011<\/a><\/div><p>El 18 de julio de 2011 nos despertamos en Santiago<\/p>\n","protected":false},"author":1,"featured_media":0,"comment_status":"open","ping_status":"open","sticky":false,"template":"","format":"standard","meta":{"advanced_seo_description":"","jetpack_seo_html_title":"","jetpack_seo_noindex":false,"_jetpack_memberships_contains_paid_content":false,"footnotes":"","jetpack_publicize_message":"","jetpack_publicize_feature_enabled":true,"jetpack_social_post_already_shared":false,"jetpack_social_options":{"image_generator_settings":{"template":"highway","default_image_id":0,"font":"","enabled":false},"version":2}},"categories":[22,2],"tags":[96,170,1162,1497],"series":[1832],"class_list":["post-3184","post","type-post","status-publish","format-standard","hentry","category-camino-a-finisterre","category-camino-de-santiago","tag-alto-del-mar-de-ovellas","tag-augapesada","tag-negreira","tag-santiago-de-compostela","series-camino-de-santiago-2011"],"jetpack_publicize_connections":[],"jetpack_featured_media_url":"","jetpack_sharing_enabled":true,"_links":{"self":[{"href":"https:\/\/bitacora.eniac2000.com\/index.php?rest_route=\/wp\/v2\/posts\/3184","targetHints":{"allow":["GET"]}}],"collection":[{"href":"https:\/\/bitacora.eniac2000.com\/index.php?rest_route=\/wp\/v2\/posts"}],"about":[{"href":"https:\/\/bitacora.eniac2000.com\/index.php?rest_route=\/wp\/v2\/types\/post"}],"author":[{"embeddable":true,"href":"https:\/\/bitacora.eniac2000.com\/index.php?rest_route=\/wp\/v2\/users\/1"}],"replies":[{"embeddable":true,"href":"https:\/\/bitacora.eniac2000.com\/index.php?rest_route=%2Fwp%2Fv2%2Fcomments&post=3184"}],"version-history":[{"count":1,"href":"https:\/\/bitacora.eniac2000.com\/index.php?rest_route=\/wp\/v2\/posts\/3184\/revisions"}],"predecessor-version":[{"id":11000,"href":"https:\/\/bitacora.eniac2000.com\/index.php?rest_route=\/wp\/v2\/posts\/3184\/revisions\/11000"}],"wp:attachment":[{"href":"https:\/\/bitacora.eniac2000.com\/index.php?rest_route=%2Fwp%2Fv2%2Fmedia&parent=3184"}],"wp:term":[{"taxonomy":"category","embeddable":true,"href":"https:\/\/bitacora.eniac2000.com\/index.php?rest_route=%2Fwp%2Fv2%2Fcategories&post=3184"},{"taxonomy":"post_tag","embeddable":true,"href":"https:\/\/bitacora.eniac2000.com\/index.php?rest_route=%2Fwp%2Fv2%2Ftags&post=3184"},{"taxonomy":"series","embeddable":true,"href":"https:\/\/bitacora.eniac2000.com\/index.php?rest_route=%2Fwp%2Fv2%2Fseries&post=3184"}],"curies":[{"name":"wp","href":"https:\/\/api.w.org\/{rel}","templated":true}]}}