{"id":3187,"date":"2012-09-30T10:58:34","date_gmt":"2012-09-30T09:58:34","guid":{"rendered":"http:\/\/bitacora.eniac2000.com\/?p=3187"},"modified":"2025-10-11T04:58:14","modified_gmt":"2025-10-11T02:58:14","slug":"camino-a-finisterre-etapa-2-negreira-olveiroa","status":"publish","type":"post","link":"https:\/\/bitacora.eniac2000.com\/?p=3187","title":{"rendered":"Camino a Finisterre. Etapa 2: Negreira &#8211; Olveiroa"},"content":{"rendered":"<div class=\"seriesmeta\">Esta entrada es la parte 5 de 7 de la serie <a href=\"https:\/\/bitacora.eniac2000.com\/?series=camino-de-santiago-2011\" class=\"series-1832\" title=\"Camino de Santiago 2011\">Camino de Santiago 2011<\/a><\/div><p>El 19 de julio de 2011 empezamos la segunda etapa del Camino a Finisterre, y la cuarta desde que salimos de Pontevedra, con puntualidad brit\u00e1nica: empezamos a caminar a las 8:00h. Y no era para menos. Ten\u00edamos por delante la etapa m\u00e1s larga de todo nuestro viaje: 33&#8217;4 km. Iba a ser un largo d\u00eda, as\u00ed que no pod\u00edamos remolonear. Atravesamos el bello pueblo de Negreira, que con las lluvias del d\u00eda anterior apenas hab\u00edamos podido disfrutar. Y la verdad, nos hab\u00edamos perdido la parte m\u00e1s hermosa de la villa: el pazo de Cot\u00f3n y la zona adyacente. No era plan dejarlo atr\u00e1s sin tan siquiera echar una peque\u00f1a fotograf\u00eda.<\/p>\n<figure class=\"wp-block-piwigo-gallery-single-image piwigo-single-image\"><a href=\"https:\/\/www.eniac2000.com\/piwigo\/picture.php?\/5178\" target=\"_blank\" rel=\"noopener noreferrer\"><img decoding=\"async\" src=\"https:\/\/www.eniac2000.com\/piwigo\/_data\/i\/galleries\/albums\/2011-07-camino-maritimo\/fotos-propias\/dia4\/IMG_20110719_081125-me.jpg\" alt=\"IMG 20110719 081125\" \/><\/a><figcaption><strong>IMG 20110719 081125<\/strong><\/figcaption><\/figure>\n<p>Salimos, pues, de Negreira, y pronto nos encontramos subiendo -otra cosa hubiera sido rara- hacia la peque\u00f1a aldea de Negreiroa, con una bonita iglesia de estilo t\u00edpicamente gallego.<\/p>\n<figure class=\"wp-block-piwigo-gallery-single-image piwigo-single-image\"><a href=\"https:\/\/www.eniac2000.com\/piwigo\/picture.php?\/5179\" target=\"_blank\" rel=\"noopener noreferrer\"><img decoding=\"async\" src=\"https:\/\/www.eniac2000.com\/piwigo\/_data\/i\/galleries\/albums\/2011-07-camino-maritimo\/fotos-propias\/dia4\/IMG_20110719_081858-me.jpg\" alt=\"IMG 20110719 081858\" \/><\/a><figcaption><strong>IMG 20110719 081858<\/strong><\/figcaption><\/figure>\n<p>A continuaci\u00f3n giramos en direcci\u00f3n noroeste camino del Alto de la Cruz, por un bonito tramo de bosque de hoja caduca. Si en alg\u00fan sitio \u00edbamos a encontrar la esencia del Camino, iba a ser aqu\u00ed donde lo hall\u00e1ramos. Y no nos equivocamos. La ma\u00f1ana era fr\u00eda, as\u00ed que transitar por estas corredoiras no era en ese preciso momento lo m\u00e1s agradable del mundo, pero igaulmente merec\u00eda la pena. Poco pod\u00edamos pensar que no mucho tiempo despu\u00e9s \u00edbamos a a\u00f1orar ese fr\u00edo.<\/p>\n<figure class=\"wp-block-piwigo-gallery-single-image piwigo-single-image\"><a href=\"https:\/\/www.eniac2000.com\/piwigo\/picture.php?\/5027\" target=\"_blank\" rel=\"noopener noreferrer\"><img decoding=\"async\" src=\"https:\/\/www.eniac2000.com\/piwigo\/_data\/i\/galleries\/albums\/2011-07-camino-maritimo\/fotografias-pablo\/dia4\/IMG_20110719_083045-me.jpg\" alt=\"IMG 20110719 083045\" \/><\/a><figcaption><strong>IMG 20110719 083045<\/strong><\/figcaption><\/figure>\n<p>Pasado el Alto salimos de nuevo a carretera, camino de San Mamede de Zas. Pronto adoptamos un curioso orden de marcha, que dio lugar a que Pablo sacara, probablemente, una de las mejores im\u00e1genes del viaje:<\/p>\n<figure class=\"wp-block-piwigo-gallery-single-image piwigo-single-image\"><a href=\"https:\/\/www.eniac2000.com\/piwigo\/picture.php?\/5028\" target=\"_blank\" rel=\"noopener noreferrer\"><img decoding=\"async\" src=\"https:\/\/www.eniac2000.com\/piwigo\/_data\/i\/galleries\/albums\/2011-07-camino-maritimo\/fotografias-pablo\/dia4\/IMG_20110719_083944-me.jpg\" alt=\"IMG 20110719 083944\" \/><\/a><figcaption><strong>IMG 20110719 083944<\/strong><\/figcaption><\/figure>\n<p>Dejar atr\u00e1s San Mamede fue como pasar a otro mundo. El cielo abri\u00f3, y empez\u00f3 a dejar pasar el sol que hab\u00edamos a\u00f1orado desde el d\u00eda anterior. Se hizo incluso necesario prescindir de las chaquetillas t\u00e9rmicas de ciclismo que est\u00e1bamos utilizando. Nuestro pr\u00f3ximo punto de paso, de nuevo por agradable bosque, fue la aldea de Cami\u00f1o Real, top\u00f3nimo que no hac\u00eda sino recordarnos la antig\u00fcedad y la importancia de la senda por la que and\u00e1bamos transitando.<\/p>\n<figure class=\"wp-block-piwigo-gallery-single-image piwigo-single-image\"><a href=\"https:\/\/www.eniac2000.com\/piwigo\/picture.php?\/5019\" target=\"_blank\" rel=\"noopener noreferrer\"><img decoding=\"async\" src=\"https:\/\/www.eniac2000.com\/piwigo\/_data\/i\/galleries\/albums\/2011-07-camino-maritimo\/IMG_20110719_084922-me.jpg\" alt=\"IMG 20110719 084922\" \/><\/a><figcaption><strong>IMG 20110719 084922<\/strong><\/figcaption><\/figure>\n<p>Nuestro caminar siguio discurriendo, por bosque y en constante ascenso. Algunos de los tramos m\u00e1s duros del d\u00eda los habr\u00edamos de encontrar aqu\u00ed. Y tambi\u00e9n fue este sitio donde encontramos, camino de la aldea de O Rapote, un curioso monumento ef\u00edmero:<\/p>\n<figure class=\"wp-block-piwigo-gallery-single-image piwigo-single-image\"><a href=\"https:\/\/www.eniac2000.com\/piwigo\/picture.php?\/5182\" target=\"_blank\" rel=\"noopener noreferrer\"><img decoding=\"async\" src=\"https:\/\/www.eniac2000.com\/piwigo\/_data\/i\/galleries\/albums\/2011-07-camino-maritimo\/fotos-propias\/dia4\/IMG_20110719_091728-me.jpg\" alt=\"IMG 20110719 091728\" \/><\/a><figcaption><strong>IMG 20110719 091728<\/strong><\/figcaption><\/figure>\n<p>Siempre me preguntar\u00e9 a qui\u00e9n le sobraba una bota haciendo el Camino a Finisterre. Continuamos nuestro camino, siempre en ascenso, pasando por las aldeas de O Rapote y A Pena. Seguimos ascendiendo hasta el Alto de Cot\u00f3n para salir, poco despu\u00e9s y a\u00fan en ascenso, a una carretera comarcal. Fue en esta zona, en el lugar de Rodeiro, donde alcanzamos la cota m\u00e1xima de la jornada (430 m.). Continuamos andando por carreteras rurales hasta llegar a Vilaser\u00edo, donde hicimos un breve descanso. Posteriormente continuamos , siempre por carreteras rurales rodeadas de prados y algo de bosque de eucaliptos, hasta Cornado. A la salida del pueblo tuvimos que afrontar una nueva tachuela, esta vez por camino, que en una bajada que hubiera sido enormemente divertida con bici, nos llev\u00f3 de nuevo a una carreterar rural, preludio de una nueva pista forestal, que se prolongar\u00eda, pr\u00e1cticamente en l\u00ednea recta, hasta Maro\u00f1as, en una distancia de 3&#8217;4 kms.<\/p>\n<p>Llegamos a Maro\u00f1as pasadas las 12:30h, y a esas alturas del d\u00eda el calor se hac\u00eda notar de manera insistente. Ya hab\u00edamos efectuado 20 km. de etapa, apenas dos tercios de nuestro recorrido total del d\u00eda, y empez\u00e1bamos a notar los efectos del cansancio. <\/p>\n<figure class=\"wp-block-piwigo-gallery-single-image piwigo-single-image\"><a href=\"https:\/\/www.eniac2000.com\/piwigo\/picture.php?\/5183\" target=\"_blank\" rel=\"noopener noreferrer\"><img decoding=\"async\" src=\"https:\/\/www.eniac2000.com\/piwigo\/_data\/i\/galleries\/albums\/2011-07-camino-maritimo\/fotos-propias\/dia4\/IMG_20110719_123025-me.jpg\" alt=\"IMG 20110719 123025\" \/><\/a><figcaption><strong>IMG 20110719 123025<\/strong><\/figcaption><\/figure>\n<p>Pero no encontramos en Maro\u00f1as sitio alguno donde parar a almorzar, por lo que seguimos hasta la cercana aldea de Santa Mari\u00f1a, a cuya salida encontramos un excelente \u00e1rea de descanso, donde pudimos parar a almorzar. Algo temprano, no eran a\u00fan las 13:00h, pero sabiendo lo que se avecinaba por delante, no esper\u00e1bamos encontrar nada mejor. As\u00ed pues, sacamos los bocadillos que hicimos con la compra en el supermercado de Negreira de la tarde anterior, y reposamos un buen rato, para pillar fuerzas y afrontar en condiciones el arre\u00f3n final de la etapa. Reanudamos la marcha a las 13:30h.<\/p>\n<p>Sin embargo, no tardamos mucho en detenernos de nuevo. Apenas salimos a una comarcal, encontramos un peque\u00f1o bar de cazadores (Casa Victoriano), m\u00e1s que perfecto para detenernos y tomar unos caf\u00e9s. Qu\u00e9 menos despu\u00e9s del almuerzo que acab\u00e1bamos de degustar.<\/p>\n<p>As\u00ed que, en realidad, remotamos la etapa a las 14:00h, con un gran reto por delante: la subida del <a href=\"http:\/\/ciudad.turismo.hispavista.com\/monumento\/c8404-castro-celta-de-monte-do-aro\">Monte Aro<\/a>, famoso por albergar en su cumbre, situada a 550 m. sobre el nivel del mar, un imponente castro celta que domina toda la zona, siendo el m\u00e1s grande de la Costa de la Muerte. Pero una vez llegamos al pie de la subida, nos encontramos con algo que ya hab\u00eda advertido la gu\u00eda del Camino: era posible que la subida al Monte se encontrara impracticable. Si este era el caso, nos ver\u00edamos obligados a rodearlo por su parte norte, transitando por carreteras rurales. Y ese fue el caso. Pese a ello, no dejamos de ascender un buen trecho (hasta los 427 m.), lo que nos permiti\u00f3 contemplar unas buenas vistas del embalse de Fervenza.<\/p>\n<figure class=\"wp-block-piwigo-gallery-single-image piwigo-single-image\"><a href=\"https:\/\/www.eniac2000.com\/piwigo\/picture.php?\/5030\" target=\"_blank\" rel=\"noopener noreferrer\"><img decoding=\"async\" src=\"https:\/\/www.eniac2000.com\/piwigo\/_data\/i\/galleries\/albums\/2011-07-camino-maritimo\/fotografias-pablo\/dia4\/IMG_20110719_150442-me.jpg\" alt=\"IMG 20110719 150442\" \/><\/a><figcaption><strong>IMG 20110719 150442<\/strong><\/figcaption><\/figure>\n<p>El d\u00eda se estaba haciendo largo, y el calor iba en aumento. Pero al menos lo que nos quedaba el resto del d\u00eda era descenso y llaneo. Seguimos bajando, ya siempre por carretera, hasta llegar a Corz\u00f3n, donde encontramos una bonita iglesia, con su correspondiente cruceiro y su cementerio.<\/p>\n<figure class=\"wp-block-piwigo-gallery-single-image piwigo-single-image\"><a href=\"https:\/\/www.eniac2000.com\/piwigo\/picture.php?\/5185\" target=\"_blank\" rel=\"noopener noreferrer\"><img decoding=\"async\" src=\"https:\/\/www.eniac2000.com\/piwigo\/_data\/i\/galleries\/albums\/2011-07-camino-maritimo\/fotos-propias\/dia4\/IMG_20110719_154941-me.jpg\" alt=\"IMG 20110719 154941\" \/><\/a><figcaption><strong>IMG 20110719 154941<\/strong><\/figcaption><\/figure>\n<p>Hab\u00edamos acabado el descenso. Nos encontr\u00e1bamos en el valle del r\u00edo Xallas, y s\u00f3lo nos quedaba llegar hasta nuestro destino: Olveiroa. Pero no iba a ser todo color de rosa. Seguimos caminando por asfalto, lo que era nefasto para los pies, pero al menos de cuando en cuand encontr\u00e1bamos tramos de sombra gracias a los imponentes robles y casta\u00f1os de la zona. Llegamos a Ponte Olveiroa, con el puente que le da nombre sobre el Xallas, a las 16:05h. La etapa llegaba a su fin. Pero a\u00fan nos quedaba el \u00faltimo trecho hasta Olveiroa, distante a\u00fan un par de kil\u00f3metros. Esta distancia, sorprendentemente, la hicimos sobre un ins\u00f3lito carril bici existente en la zona. Poco despu\u00e9s, a apenas 1 km. de Olveiroa mi GPS se quedaba sin carga, pese a haber hecho uso del cargador solar de emergencia. Entramos en Olveiroa al filo de las 17:00h. Nos dirigimos al albergue de la Xunta, tan s\u00f3lo para enterarnos de que se encontraba completo. Por suerte, encontramos plaza en el Albergue O H\u00f3rreo, de estilo moderno y bastante funcional.<\/p>\n<p>El albergue se encontraba, igualmente, lleno a rebosar. Lo que m\u00e1s nos llam\u00f3 la atenci\u00f3n es que \u00e9ramos pr\u00e1cticamente los \u00fanicos espa\u00f1oles que estaban haciendo este Camino. Encontramos de todo: estadounidenses, franceses, ingleses, alemanes, italianos, belgas, escoceses, e incluso un ins\u00f3lito japon\u00e9s (bastante entrado en a\u00f1os, con sus t\u00edpicas gafitas redondas, y unos calcetines a cuadros escoceses no tan t\u00edpicos, adem\u00e1s de un agobiante abrigo de plumas) que no hablaba otra lengua que el nip\u00f3n. Era bastante divertido ver una conversaci\u00f3n cruzada entre el escoc\u00e9s, el belga y el japon\u00e9s, ninguno de los cuales hablaba una lengua com\u00fan. Pero pese a todo, algo eran capaces de entender. Supongo que esto forma parte de la magia del Camino.<\/p>\n<p>Sin embargo, esa tarde tuvimos una sorpresa no tan agradable: Ana se hab\u00eda quemado las piernas. Pero se las hab\u00eda quemado de dos maneras: la parte superior por efecto del sol, a resultas de la larga etapa, y la parte inferior a causa de quemaduras qu\u00edmicas. En efecto, unos calcetines mal enjuagados, <a href=\"http:\/\/bitacora.eniac2000.com\/?p=3079\">a los que me hab\u00eda referido en la primera etapa de esta cr\u00f3nica<\/a>, eran los culpables de esta situaci\u00f3n. Los restos de jab\u00f3n hab\u00edan reaccionado con el sudor, creando una especie de lej\u00eda que le hab\u00eda quemado la piel. Y fue aqu\u00ed donde el compa\u00f1erismo del Camino hizo acto de presencia. El belga al que me refer\u00eda antes, con el que Pablo hab\u00eda estado de palique por la tarde, gracias a su dominio del franc\u00e9s y a una divertid\u00edsima imitaci\u00f3n de una gaita cuando el escoc\u00e9s, el belga y el japon\u00e9s intentaban comunicarse, le ofreci\u00f3 a Ana una pomada especial para quemaduras. Algo que a la larga le vendr\u00eda de perlas.<\/p>\n<p>Esa noche cenamos en un restaurante cercano al albergue. Un lugar excelente, muy <em>enxebre<\/em>, y con detalles de muy buen gusto, como la manera en la que indicar el men\u00fa. L\u00e1stima que el precio no fuera tan excelente, aunque sin duda la cena estuvo deliciosa.<\/p>\n<figure class=\"wp-block-piwigo-gallery-single-image piwigo-single-image\"><a href=\"https:\/\/www.eniac2000.com\/piwigo\/picture.php?\/5187\" target=\"_blank\" rel=\"noopener noreferrer\"><img decoding=\"async\" src=\"https:\/\/www.eniac2000.com\/piwigo\/_data\/i\/galleries\/albums\/2011-07-camino-maritimo\/fotos-propias\/dia4\/IMG_20110719_205542-me.jpg\" alt=\"IMG 20110719 205542\" \/><\/a><figcaption><strong>IMG 20110719 205542<\/strong><\/figcaption><\/figure>\n<p>Ese d\u00eda hab\u00edamos recorrido 33&#8217;4 kms. en m\u00e1s de ocho horas y media de etapa. Hab\u00eda sido tan duro como esper\u00e1bamos. Llev\u00e1bamos ya cuatro etapas en el cuerpo, dos de Camino Mar\u00edtimo y dos de Camino a Finisterre. Quedaban otras dos, pero considerablemente m\u00e1s cortas. Hab\u00edamos pasado ya lo peor del viaje. O al menos, eso pens\u00e1bamos nosotros.<\/p>\n","protected":false},"excerpt":{"rendered":"<div class=\"seriesmeta\">Esta entrada es la parte 5 de 7 de la serie <a href=\"https:\/\/bitacora.eniac2000.com\/?series=camino-de-santiago-2011\" class=\"series-1832\" title=\"Camino de Santiago 2011\">Camino de Santiago 2011<\/a><\/div><p>El 19 de julio de 2011 empezamos la segunda etapa<\/p>\n","protected":false},"author":1,"featured_media":0,"comment_status":"open","ping_status":"open","sticky":false,"template":"","format":"standard","meta":{"advanced_seo_description":"","jetpack_seo_html_title":"","jetpack_seo_noindex":false,"_jetpack_memberships_contains_paid_content":false,"footnotes":"","jetpack_publicize_message":"","jetpack_publicize_feature_enabled":true,"jetpack_social_post_already_shared":false,"jetpack_social_options":{"image_generator_settings":{"template":"highway","default_image_id":0,"font":"","enabled":false},"version":2}},"categories":[22,2],"tags":[1114,1162,1198,1403],"series":[1832],"class_list":["post-3187","post","type-post","status-publish","format-standard","hentry","category-camino-a-finisterre","category-camino-de-santiago","tag-monte-aro","tag-negreira","tag-olveiroa","tag-rio-xallas","series-camino-de-santiago-2011"],"jetpack_publicize_connections":[],"jetpack_featured_media_url":"","jetpack_sharing_enabled":true,"_links":{"self":[{"href":"https:\/\/bitacora.eniac2000.com\/index.php?rest_route=\/wp\/v2\/posts\/3187","targetHints":{"allow":["GET"]}}],"collection":[{"href":"https:\/\/bitacora.eniac2000.com\/index.php?rest_route=\/wp\/v2\/posts"}],"about":[{"href":"https:\/\/bitacora.eniac2000.com\/index.php?rest_route=\/wp\/v2\/types\/post"}],"author":[{"embeddable":true,"href":"https:\/\/bitacora.eniac2000.com\/index.php?rest_route=\/wp\/v2\/users\/1"}],"replies":[{"embeddable":true,"href":"https:\/\/bitacora.eniac2000.com\/index.php?rest_route=%2Fwp%2Fv2%2Fcomments&post=3187"}],"version-history":[{"count":1,"href":"https:\/\/bitacora.eniac2000.com\/index.php?rest_route=\/wp\/v2\/posts\/3187\/revisions"}],"predecessor-version":[{"id":11001,"href":"https:\/\/bitacora.eniac2000.com\/index.php?rest_route=\/wp\/v2\/posts\/3187\/revisions\/11001"}],"wp:attachment":[{"href":"https:\/\/bitacora.eniac2000.com\/index.php?rest_route=%2Fwp%2Fv2%2Fmedia&parent=3187"}],"wp:term":[{"taxonomy":"category","embeddable":true,"href":"https:\/\/bitacora.eniac2000.com\/index.php?rest_route=%2Fwp%2Fv2%2Fcategories&post=3187"},{"taxonomy":"post_tag","embeddable":true,"href":"https:\/\/bitacora.eniac2000.com\/index.php?rest_route=%2Fwp%2Fv2%2Ftags&post=3187"},{"taxonomy":"series","embeddable":true,"href":"https:\/\/bitacora.eniac2000.com\/index.php?rest_route=%2Fwp%2Fv2%2Fseries&post=3187"}],"curies":[{"name":"wp","href":"https:\/\/api.w.org\/{rel}","templated":true}]}}