{"id":3194,"date":"2012-10-01T20:40:33","date_gmt":"2012-10-01T19:40:33","guid":{"rendered":"http:\/\/bitacora.eniac2000.com\/?p=3194"},"modified":"2025-10-11T04:58:49","modified_gmt":"2025-10-11T02:58:49","slug":"camino-a-finisterre-etapa-4-cee-finisterre","status":"publish","type":"post","link":"https:\/\/bitacora.eniac2000.com\/?p=3194","title":{"rendered":"Camino a Finisterre. Etapa 4: Cee &#8211; Finisterre"},"content":{"rendered":"<div class=\"seriesmeta\">Esta entrada es la parte 7 de 7 de la serie <a href=\"https:\/\/bitacora.eniac2000.com\/?series=camino-de-santiago-2011\" class=\"series-1832\" title=\"Camino de Santiago 2011\">Camino de Santiago 2011<\/a><\/div><p>El 21 de julio de 2011 nos aprestamos a afrontar la \u00faltima de nuestras etapas en el Camino a Finisterre. Pronto el viaje que hab\u00edamos emprendido seis d\u00edas antes iba a llegar a su fin, y el saber que apenas 15 kil\u00f3metros nos separaban del final de nuestra ruta era algo que hac\u00eda desaparecer el cansancio acumulado a lo largo de esas duras jornadas. Pero que tambi\u00e9n nos hizo remolonear un poco a la hora de empezar nuestra jornada. Contra la costumbre, desayunamos algo m\u00e1s tarde de la cuenta, en restaurante del hotel anexo a nuestro albergue, de tal manera que empezamos la etapa a las 8:20h. El d\u00eda hab\u00eda amanecido m\u00e1s apacible que el anterior, de tal manera que la lluvia no era una amenaza en nuestro caminar. Al menos, no una amenaza inminente. Pero las calles de Cee estaban empapadas con el agua de las pasadas lluvias y con el roc\u00edo de la ma\u00f1ana, que se dejaba notar pese a encontrarnos ya a finales de julio.<\/p>\n<p>Salimos de Cee por la carretera de la costa, y pronto nos encontramos en la vecina villa de Corcubi\u00f3n, que se encontraba precisamente en fiestas. Si Cee es un pueblo hermoso y agradable de visitar, Corcubi\u00f3n no le va a la zaga, especialmente cuando lo encuentras engalanado de fiesta, como era nuestro caso.<\/p>\n<figure class=\"wp-block-piwigo-gallery-single-image piwigo-single-image\"><a href=\"https:\/\/www.eniac2000.com\/piwigo\/picture.php?\/5204\" target=\"_blank\" rel=\"noopener noreferrer\"><img decoding=\"async\" src=\"https:\/\/www.eniac2000.com\/piwigo\/_data\/i\/galleries\/albums\/2011-07-camino-maritimo\/fotos-propias\/dia6\/IMG_20110721_083918-me.jpg\" alt=\"IMG 20110721 083918\" \/><\/a><figcaption><strong>IMG 20110721 083918<\/strong><\/figcaption><\/figure>\n<p>Si cont\u00e1bamos con que el perfil de la etapa que ten\u00edamos por delante, por aquello de estar ya junto a la costa iba a ser algo pr\u00e1cticamente plano, la salida de Corcubi\u00f3n se encarg\u00f3 pronto de sacarnos de nuestro error. Salimos por un camino que se adentraba en pleno Monte de San Roque, en una subida corta pero intensa, y que trancurr\u00eda, por una senda muy estrecha y rodeada en la mayor parte de sus tramos por fuertes muros.<\/p>\n<figure class=\"wp-block-piwigo-gallery-single-image piwigo-single-image\"><a href=\"https:\/\/www.eniac2000.com\/piwigo\/picture.php?\/5206\" target=\"_blank\" rel=\"noopener noreferrer\"><img decoding=\"async\" src=\"https:\/\/www.eniac2000.com\/piwigo\/_data\/i\/galleries\/albums\/2011-07-camino-maritimo\/fotos-propias\/dia6\/IMG_20110721_084654-me.jpg\" alt=\"IMG 20110721 084654\" \/><\/a><figcaption><strong>IMG 20110721 084654<\/strong><\/figcaption><\/figure>\n<p>Llegamos al alto de San Roque, pasamos el albergue gestionado por la Xunta, e iniciamos un descenso que nos habr\u00eda de llevar a Amarela, primero, y posteriormente a Estorde, ambas peque\u00f1as aldeas cercanas, cada vez m\u00e1s, a la ensenada de Sardi\u00f1eiro.<\/p>\n<figure class=\"wp-block-piwigo-gallery-single-image piwigo-single-image\"><a href=\"https:\/\/www.eniac2000.com\/piwigo\/picture.php?\/5207\" target=\"_blank\" rel=\"noopener noreferrer\"><img decoding=\"async\" src=\"https:\/\/www.eniac2000.com\/piwigo\/_data\/i\/galleries\/albums\/2011-07-camino-maritimo\/fotos-propias\/dia6\/IMG_20110721_090457-me.jpg\" alt=\"IMG 20110721 090457\" \/><\/a><figcaption><strong>IMG 20110721 090457<\/strong><\/figcaption><\/figure>\n<p>Pasado Estorde volvimos a recuperar la carretera de la costa, la misma por la que hab\u00edamos salido de Cee, lo que no hizo sino enervar, como es de costumbre, a mi padre, a quien no le hace excesiva gracia que el Camino tome sendas rurales que acaban yendo en paralelo, o en zigzag, a una carretera principal, haciendo m\u00e1s distancia y por perfiles m\u00e1s complicados que la propia carretera. Nada nuevo, pero era algo que tocaba asumir.<\/p>\n<p>Dejamos atr\u00e1s Sardi\u00f1eiro de Abaixo con amenaza de lluvia. De hecho, llegaron a caer algunas gotas mientras pas\u00e1bamos por el pueblo, pero por suerte pronto desapareci\u00f3 la amenaza. Y nosotros, c\u00f3mo no, iniciamos una nueva subida por monte, cubierto de al principio de eucaliptos, pero que luego dejaron paso al matorral y monte bajo. Fue entonces cuando pudimos contemplar la primera vista de nuestro punto de destino: el Cabo Finisterre. Eran las 10:00h. y cont\u00e1bamos con 8 km. en nuestro haber. Ya nos hab\u00edamos ventilado la mitad de la jornada.<\/p>\n<figure class=\"wp-block-piwigo-gallery-single-image piwigo-single-image\"><a href=\"https:\/\/www.eniac2000.com\/piwigo\/picture.php?\/5208\" target=\"_blank\" rel=\"noopener noreferrer\"><img decoding=\"async\" src=\"https:\/\/www.eniac2000.com\/piwigo\/_data\/i\/galleries\/albums\/2011-07-camino-maritimo\/fotos-propias\/dia6\/IMG_20110721_100503-me.jpg\" alt=\"IMG 20110721 100503\" \/><\/a><figcaption><strong>IMG 20110721 100503<\/strong><\/figcaption><\/figure>\n<p>Ya hab\u00edamos subido nuestra segunda cota del d\u00eda, e iniciamos un nuevo descenso hasta la carretera. Pero a\u00fan nos quedaba la tercera cota, y la m\u00e1s temible: Finisterre. Pero el verlo, all\u00ed al fondo, nos daba fuerzas. Especialmente a Ana, que apenas pod\u00eda andar a causa de las quemaduras de sus piernas. No iba a rendirse. No estando tan cerca.<\/p>\n<figure class=\"wp-block-piwigo-gallery-single-image piwigo-single-image\"><a href=\"https:\/\/www.eniac2000.com\/piwigo\/picture.php?\/5061\" target=\"_blank\" rel=\"noopener noreferrer\"><img decoding=\"async\" src=\"https:\/\/www.eniac2000.com\/piwigo\/_data\/i\/galleries\/albums\/2011-07-camino-maritimo\/fotografias-pedro\/dia-6\/21072011312-me.jpg\" alt=\"21072011312\" \/><\/a><figcaption><strong>21072011312<\/strong><\/figcaption><\/figure>\n<p>Al bajar a la carretera observamos que el Camino descend\u00eda casi hasta la playa de Tal\u00f3n, para luego volver a subir a la carretera, en bajadas y subidas cortas pero intensas. Decididos a no hacer el primo m\u00e1s de la cuenta, continuamos por la carretera, para -esta vez s\u00ed- bajar por Calcoba hasta la playa de Langosteira, un precioso arena del 2300 metros que antecede a la entrada en Finisterre. Existen varias maneras de afrontar el paso de la playa. La primera es por el mismo borde del mar. Al ser una playa de arena dorada y fina, digna del Caribe, es una experiencia deliciosa pero agotadora, por lo que no tardamos en descartarla. La segunda es volver hasta la carretera y realizar el recorrido por una zona cubierta de pinos, que tambi\u00e9n descartamos. Y la tercera, la que hicimos, era seguir una senda empalizada que transcurr\u00eda entre las dunas, los pinos y algunas zonas edificadas, siempre por el borde de la playa. Una alternativa a la vez est\u00e9tica y descansada. Y vistos los resultados, muy acertada.<\/p>\n<p>Llegamos a Finisterre, al barrio de San Roque, a las 10:50h. Hicimos una peque\u00f1a pausa para recuperar fuerzas, pues a\u00fan nos quedaba lo m\u00e1s duro de la jornada. La entrada a Finisterre y la subida al Cabo. Reanudamos la marcha pocos minutos despu\u00e9s, encontr\u00e1ndonos con el famoso cruceiro de Baixar, hecho en el siglo XVI en granito.<\/p>\n<figure class=\"wp-block-piwigo-gallery-single-image piwigo-single-image\"><a href=\"https:\/\/www.eniac2000.com\/piwigo\/picture.php?\/5209\" target=\"_blank\" rel=\"noopener noreferrer\"><img decoding=\"async\" src=\"https:\/\/www.eniac2000.com\/piwigo\/_data\/i\/galleries\/albums\/2011-07-camino-maritimo\/fotos-propias\/dia6\/IMG_20110721_105722-me.jpg\" alt=\"IMG 20110721 105722\" \/><\/a><figcaption><strong>IMG 20110721 105722<\/strong><\/figcaption><\/figure>\n<p>Entramos en Finisterre por la Avenida de La Coru\u00f1a, y seguimos hasta encontrar el ayuntamiento, donde nos sellaron las credenciales. Seguimos avanzando, por el casco hist\u00f3rico de Finisterre, donde nos encontramos con alguna que otra sorpresa arquitect\u00f3nica.<\/p>\n<figure class=\"wp-block-piwigo-gallery-single-image piwigo-single-image\"><a href=\"https:\/\/www.eniac2000.com\/piwigo\/picture.php?\/5211\" target=\"_blank\" rel=\"noopener noreferrer\"><img decoding=\"async\" src=\"https:\/\/www.eniac2000.com\/piwigo\/_data\/i\/galleries\/albums\/2011-07-camino-maritimo\/fotos-propias\/dia6\/IMG_20110721_111310-me.jpg\" alt=\"IMG 20110721 111310\" \/><\/a><figcaption><strong>IMG 20110721 111310<\/strong><\/figcaption><\/figure>\n<p>Seguimos avanzando por el casco hist\u00f3rico, cada vez con una pendiente m\u00e1s acusada. Pasamos junto a la capilla barroca de N\u00aa S\u00aa del Buen Suceso, situada en la plaza de Ara Solis.<\/p>\n<figure class=\"wp-block-piwigo-gallery-single-image piwigo-single-image\"><a href=\"https:\/\/www.eniac2000.com\/piwigo\/picture.php?\/5212\" target=\"_blank\" rel=\"noopener noreferrer\"><img decoding=\"async\" src=\"https:\/\/www.eniac2000.com\/piwigo\/_data\/i\/galleries\/albums\/2011-07-camino-maritimo\/fotos-propias\/dia6\/IMG_20110721_111441-me.jpg\" alt=\"IMG 20110721 111441\" \/><\/a><figcaption><strong>IMG 20110721 111441<\/strong><\/figcaption><\/figure>\n<p>Y finalmente, dejamos atr\u00e1s el pueblo de Finisterre para iniciar nuestro asalto final al Camino: el Cabo. Ten\u00edamos por delante una ascensi\u00f3n de 3 kms. con pendientes m\u00e1ximas del 16%, todo ello por asfalto. No iba a ser f\u00e1cil. Ana a esas alturas apenas pod\u00eda arrastrar sus piernas, y seg\u00fan sus propias palabras, andaba como una abuelita. Hicimos una peque\u00f1a, pero imprescindible parada en la iglesia de Santa Mar\u00eda das Areas, cuyo origen se remonta al siglo XII.<\/p>\n<figure class=\"wp-block-piwigo-gallery-single-image piwigo-single-image\"><a href=\"https:\/\/www.eniac2000.com\/piwigo\/picture.php?\/5213\" target=\"_blank\" rel=\"noopener noreferrer\"><img decoding=\"async\" src=\"https:\/\/www.eniac2000.com\/piwigo\/_data\/i\/galleries\/albums\/2011-07-camino-maritimo\/fotos-propias\/dia6\/IMG_20110721_111929-me.jpg\" alt=\"IMG 20110721 111929\" \/><\/a><figcaption><strong>IMG 20110721 111929<\/strong><\/figcaption><\/figure>\n<p>Seguimos con nuestro avance. Ana apenas pod\u00eda mantener el ritmo, con lo que Pablo y mi padre poco a poco se fueron adelantando. Yo me qued\u00e9 para ofrecerle un apoyo y ayudarla a caminar en los tramos m\u00e1s duros. Poco a poco, con ritmo constante, \u00edbamos avanzando. Pero necesit\u00e1bamos hacer frecuentes paradas para que Ana pudiera sobrellevar el ascenso. Se le estaba haciendo dur\u00edsimo.<\/p>\n<figure class=\"wp-block-piwigo-gallery-single-image piwigo-single-image\"><a href=\"https:\/\/www.eniac2000.com\/piwigo\/picture.php?\/5071\" target=\"_blank\" rel=\"noopener noreferrer\"><img decoding=\"async\" src=\"https:\/\/www.eniac2000.com\/piwigo\/_data\/i\/galleries\/albums\/2011-07-camino-maritimo\/fotografias-pedro\/dia-6\/21072011322-me.jpg\" alt=\"21072011322\" \/><\/a><figcaption><strong>21072011322<\/strong><\/figcaption><\/figure>\n<p>Llegamos y sobrepasamos una bella estatua de un peregrino, con una inspiradora pintada en italiano en su base. Seguimos avanzando, y llegamos hasta la bajada al horroroso cementerio nuevo de Finisterre, un espanto de bloques de hormig\u00f3n armado que miran al Atl\u00e1ntico, y que resultan un atentado est\u00e9tico para la zona. No se me ocurre qu\u00e9 mente perturbada pudo concebir, autorizar y construir semejante desprop\u00f3sito. Casi impulsados por el horror que dej\u00e1bamos atr\u00e1s, afrontamos las \u00faltimas rampas de la subida. Ten\u00edamos el faro a tiro. Casi pod\u00edamos tocarlo. Hasta que finalmente, llegamos. Hab\u00edamos empleado 45 minutos en recorrer los 2200 metros que separaban la iglesia de Santa Mar\u00eda das Areas del Faro. Hab\u00eda sido duro, pero lo hab\u00edamos conseguido. Hab\u00edamos llegado al Fin del Mundo.<\/p>\n<figure class=\"wp-block-piwigo-gallery-single-image piwigo-single-image\"><a href=\"https:\/\/www.eniac2000.com\/piwigo\/picture.php?\/5218\" target=\"_blank\" rel=\"noopener noreferrer\"><img decoding=\"async\" src=\"https:\/\/www.eniac2000.com\/piwigo\/_data\/i\/galleries\/albums\/2011-07-camino-maritimo\/fotos-propias\/dia6\/S8000384-me.JPG\" alt=\"S8000384\" \/><\/a><figcaption><strong>S8000384<\/strong><\/figcaption><\/figure>\n<p>\u00bfY qu\u00e9 es lo que encontramos en el fin del mundo? Un faro, s\u00ed. Muchas placas conmemorativas, s\u00ed. Y en el interior del faro, en la parte m\u00e1s cercana al oc\u00e9ano infinito&#8230; una tienda de regalos. Parec\u00eda algo sacado de una novela de <a href=\"http:\/\/es.wikipedia.org\/wiki\/Guia_del_autoestopista_gal%C3%A1ctico#Novelas\">Douglas Adams<\/a>. Pero era algo con lo que estaba dispuesto a transigir. Al fin y al cabo, era un final surrealista para el viaje, algo que mi perturbado sentido del humor agradec\u00eda sobremanera.<\/p>\n<figure class=\"wp-block-piwigo-gallery-single-image piwigo-single-image\"><a href=\"https:\/\/www.eniac2000.com\/piwigo\/picture.php?\/5219\" target=\"_blank\" rel=\"noopener noreferrer\"><img decoding=\"async\" src=\"https:\/\/www.eniac2000.com\/piwigo\/_data\/i\/galleries\/albums\/2011-07-camino-maritimo\/fotos-propias\/dia6\/S8000385-me.JPG\" alt=\"S8000385\" \/><\/a><figcaption><strong>S8000385<\/strong><\/figcaption><\/figure>\n<p>Pero para ser sinceros, semejante viaje merec\u00eda una imagen final m\u00e1s digna, as\u00ed que no dudamos en trepar por los riscos de alrededor, hasta dar con una vista l\u00edmpida del Atl\u00e1ntico. Y durante algunos minutos, contemplamos sin hablar los unos con los otros el lugar donde, durante siglos, la tierra ten\u00eda su fin. El reflejo que el Atl\u00e1ntico nos devolvi\u00f3 a cada uno de nosotros es algo que guardamos en nuestro interior. Porque, al fin y al cabo, hay tantos Caminos como caminantes. Y esa tambi\u00e9n es la belleza del Camino.<\/p>\n<figure class=\"wp-block-piwigo-gallery-single-image piwigo-single-image\"><a href=\"https:\/\/www.eniac2000.com\/piwigo\/picture.php?\/5042\" target=\"_blank\" rel=\"noopener noreferrer\"><img decoding=\"async\" src=\"https:\/\/www.eniac2000.com\/piwigo\/_data\/i\/galleries\/albums\/2011-07-camino-maritimo\/fotografias-pablo\/dia6\/IMG_20110721_122645-me.jpg\" alt=\"IMG 20110721 122645\" \/><\/a><figcaption><strong>IMG 20110721 122645<\/strong><\/figcaption><\/figure>\n<p>\u00c9ste hubiera sido un buen final de la historia, pero por desgracia, ten\u00edamos una serie de obligaciones log\u00edsticas que cumplir. Tomamos un taxi para volver hasta Finisterre, donde hicimos una parada en el albergue de peregrinos para obtener la Finisterrana. Y es que -no lo olvidemos- no hab\u00edamos podido obtener la Compostela por nuestro Camino Mar\u00edtimo, al no haber cumplido los 100 km. a pie exigidos. Tras solventar el papeleo, tomamos un autob\u00fas que nos llev\u00f3 de vuelta a Santiago, pasando por pr\u00e1cticamente todo nuestro recorrido en los cuatro d\u00edas que hab\u00edamos empleado. Ir\u00f3nicamente, al pasar por Cee brillaba un sol esplendoroso, que hac\u00eda que su famosa playa se encontrara llena de gente. Por tan s\u00f3lo 24 m\u00edseras horas. En fin, la vida tiene esas iron\u00edas.<\/p>\n<p>Llegamos a Santiago, en cuya estaci\u00f3n de autobuses almorzamos. Posteriormente mi padre tomo un autob\u00fas que le condujo al aeropuerto, y de ah\u00ed, a M\u00e1laga, para posteriormente ser recogido por mi madre y mi hermana, y acabar el d\u00eda en Manilva, en el extremo sur de la provincia de M\u00e1laga. No estaba mal, para haber empezado el d\u00eda en el conf\u00edn noroeste de la Pen\u00ednsula. Nosotros, por nuestra parte, bajamos hasta la estaci\u00f3n de tren de Santiago, y volvimos a Pontevedra, ya que Pablo ten\u00eda su billete de vuelta en tren a Madrid desde all\u00ed, y Ana y yo nos quedar\u00edamos pasando unos d\u00edas de vacaciones en Galicia.<\/p>\n<figure class=\"wp-block-piwigo-gallery-single-image piwigo-single-image\"><a href=\"https:\/\/www.eniac2000.com\/piwigo\/picture.php?\/5044\" target=\"_blank\" rel=\"noopener noreferrer\"><img decoding=\"async\" src=\"https:\/\/www.eniac2000.com\/piwigo\/_data\/i\/galleries\/albums\/2011-07-camino-maritimo\/fotografias-pablo\/dia6\/IMG_20110721_134156-me.jpg\" alt=\"IMG 20110721 134156\" \/><\/a><figcaption><strong>IMG 20110721 134156<\/strong><\/figcaption><\/figure>\n<p>Hab\u00edamos acabado el Camino, y en mi caso, Los Caminos. Porque, no lo olvidemos, desde 2005 hab\u00eda completado todos los Caminos existentes, al menos, dentro de Galicia:<\/p>\n<ul>\n<li>2005: Camino Ingl\u00e9s desde El Ferrol, a pie<\/li>\n<li>2006: Camino Portugu\u00e9s desde Ponte de Lima (Portugal), a pie<\/li>\n<li>2007: Camino Franc\u00e9s desde Ponferrada, en bicicleta<\/li>\n<li>2008: Camino de la Costa, desde Oviedo, en bicicleta<\/li>\n<li>2009: Camino Primitivo, desde Lugo, a pie<\/li>\n<li>2010: V\u00eda de la Plata, desde Zamora, en bicicleta<\/li>\n<li>2011: Camino Mar\u00edtimo, desde Pontevedra a Pie y Portonovo (Sanxenxo) en barca<\/li>\n<li>2011: Camino a Finisterre, a pie<\/li>\n<\/ul>\n<figure class=\"wp-block-piwigo-gallery-single-image piwigo-single-image\"><a href=\"https:\/\/www.eniac2000.com\/piwigo\/picture.php?\/5015\" target=\"_blank\" rel=\"noopener noreferrer\"><img decoding=\"async\" src=\"https:\/\/www.eniac2000.com\/piwigo\/_data\/i\/galleries\/albums\/2011-07-camino-maritimo\/IMAG0261-me.jpg\" alt=\"IMAG0261\" \/><\/a><figcaption><strong>IMAG0261<\/strong><\/figcaption><\/figure>\n<p>Tan s\u00f3lo un elemento me hab\u00eda acompa\u00f1ado en todos mis viajes: una concha de vieira que Jose Jaquotot, uno de mis mejores amigos, me regal\u00f3 en 2004, tra\u00edda de las playas de Huelva. Mi viejo sombrero vaquero, comprado en la sombrerer\u00eda Rusi, lo hizo en cinco de mis viajes, al igual que la mochila y el bast\u00f3n de peregrino. \u00bfVolver\u00e1n a acompa\u00f1arme en alg\u00fan viaje m\u00e1s?<\/p>\n<p>S\u00f3lo el tiempo tiene la respuesta.<\/p>\n","protected":false},"excerpt":{"rendered":"<div class=\"seriesmeta\">Esta entrada es la parte 7 de 7 de la serie <a href=\"https:\/\/bitacora.eniac2000.com\/?series=camino-de-santiago-2011\" class=\"series-1832\" title=\"Camino de Santiago 2011\">Camino de Santiago 2011<\/a><\/div><p>El 21 de julio de 2011 nos aprestamos a afrontar<\/p>\n","protected":false},"author":1,"featured_media":0,"comment_status":"open","ping_status":"open","sticky":false,"template":"","format":"standard","meta":{"advanced_seo_description":"","jetpack_seo_html_title":"","jetpack_seo_noindex":false,"_jetpack_memberships_contains_paid_content":false,"footnotes":"","jetpack_publicize_message":"","jetpack_publicize_feature_enabled":true,"jetpack_social_post_already_shared":false,"jetpack_social_options":{"image_generator_settings":{"template":"highway","default_image_id":0,"font":"","enabled":false},"version":2}},"categories":[22,2],"tags":[395,453,666,667],"series":[1832],"class_list":["post-3194","post","type-post","status-publish","format-standard","hentry","category-camino-a-finisterre","category-camino-de-santiago","tag-cee","tag-corcubion","tag-fin-del-camino","tag-finisterre","series-camino-de-santiago-2011"],"jetpack_publicize_connections":[],"jetpack_featured_media_url":"","jetpack_sharing_enabled":true,"_links":{"self":[{"href":"https:\/\/bitacora.eniac2000.com\/index.php?rest_route=\/wp\/v2\/posts\/3194","targetHints":{"allow":["GET"]}}],"collection":[{"href":"https:\/\/bitacora.eniac2000.com\/index.php?rest_route=\/wp\/v2\/posts"}],"about":[{"href":"https:\/\/bitacora.eniac2000.com\/index.php?rest_route=\/wp\/v2\/types\/post"}],"author":[{"embeddable":true,"href":"https:\/\/bitacora.eniac2000.com\/index.php?rest_route=\/wp\/v2\/users\/1"}],"replies":[{"embeddable":true,"href":"https:\/\/bitacora.eniac2000.com\/index.php?rest_route=%2Fwp%2Fv2%2Fcomments&post=3194"}],"version-history":[{"count":1,"href":"https:\/\/bitacora.eniac2000.com\/index.php?rest_route=\/wp\/v2\/posts\/3194\/revisions"}],"predecessor-version":[{"id":11003,"href":"https:\/\/bitacora.eniac2000.com\/index.php?rest_route=\/wp\/v2\/posts\/3194\/revisions\/11003"}],"wp:attachment":[{"href":"https:\/\/bitacora.eniac2000.com\/index.php?rest_route=%2Fwp%2Fv2%2Fmedia&parent=3194"}],"wp:term":[{"taxonomy":"category","embeddable":true,"href":"https:\/\/bitacora.eniac2000.com\/index.php?rest_route=%2Fwp%2Fv2%2Fcategories&post=3194"},{"taxonomy":"post_tag","embeddable":true,"href":"https:\/\/bitacora.eniac2000.com\/index.php?rest_route=%2Fwp%2Fv2%2Ftags&post=3194"},{"taxonomy":"series","embeddable":true,"href":"https:\/\/bitacora.eniac2000.com\/index.php?rest_route=%2Fwp%2Fv2%2Fseries&post=3194"}],"curies":[{"name":"wp","href":"https:\/\/api.w.org\/{rel}","templated":true}]}}