{"id":3263,"date":"2012-12-03T21:52:55","date_gmt":"2012-12-03T20:52:55","guid":{"rendered":"http:\/\/bitacora.eniac2000.com\/?p=3263"},"modified":"2025-10-05T17:12:53","modified_gmt":"2025-10-05T15:12:53","slug":"etapa-ciclista-cordoba-loma-de-los-escalones-01122012","status":"publish","type":"post","link":"https:\/\/bitacora.eniac2000.com\/?p=3263","title":{"rendered":"Etapa ciclista: C\u00f3rdoba &#8211; Loma de los Escalones (01\/12\/2012)"},"content":{"rendered":"<p>Esta es la cr\u00f3nica de una etapa que pudo ser y no fue: una etapa entre C\u00f3rdoba y Villaviciosa, en la que ascender\u00edamos por la Loma de los Escalones y Arrastraculos hasta Cerro Muriano, en la que continuar\u00edamos hasta El Vacar por el Camino Moz\u00e1rabe, para dirigirnos a continuaci\u00f3n hasta Villaviciosa, primero por campo y luego por carretera, para retornar por el Puerto del Aire y Los Arenales, y llegar finalmente a C\u00f3rdoba por Trassierra y Montecobre. Pero que se qued\u00f3 en eso, en una intenci\u00f3n.<\/p>\n<p>Salimos \u00c1ngel y yo a las 7:40h, bien tempranito por la ma\u00f1ana, camino de Villaviciosa -o al menos, eso pens\u00e1bamos. Hab\u00edamos salido con tanta antelaci\u00f3n porque los 90 kil\u00f3metros largos que calcul\u00e1bamos que \u00edbamos a tardar as\u00ed lo requer\u00edan. pero probablemente hab\u00edamos escogido el <em>mejor <\/em>d\u00eda para hacer ese tipo de etapa: a diferencia de lo ocurrido en mi etapa de la semana anterior, este s\u00e1bado apenas rond\u00e1bamos los 3\u00baC. Y eso dentro de la ciudad. La m\u00e1xima para Villaviciosa era de 2\u00baC, y calculaba que tan pronto como sali\u00e9ramos a la sierra caer\u00edamos por debajo de los 0\u00baC. En previsi\u00f3n de eso, hab\u00eda llenado el camelback con agua pr\u00e1cticamente hirviendo, por lo que llevaba una suerte de calefacci\u00f3n central sumamente agradable.<\/p>\n<p>La etapa empez\u00f3 rara. Dejamos atr\u00e1s El Camping, y bordeamos el Parque de la Asomadilla, en direcci\u00f3n hacia la joroba de Asland. Y digo que comenz\u00f3 rara porque, cuando borde\u00e1bamos el parque, vimos salir una rata de \u00e9l, cruzando por delante nuestra. Algo habitual hace algunos a\u00f1os, cuando en vez de parque ten\u00edamos un descampado, pero que era inusitado a estas alturas. Y m\u00e1s inusitado a\u00fan que la rata, de unos 15 cm. de largo, sin contar la cola, decidiera suicidarse, volviendo sobre sus pasos justo cuando pasaba a su altura. Son\u00f3 as\u00ed como <em>crunch-chof<\/em>. Al menos no salpic\u00f3.<\/p>\n<p>Salimos, pues, de C\u00f3rdoba por debajo de la Joroba de Asland, para dirigirnos a continuaci\u00f3n hacia el puente romano sobre el arroyo Pedroche, que cruzamos. A esas alturas apenas lleg\u00e1bamos a los 2\u00baC. Pronto nos encaminamos, siguiendo el trazado del Camino Moz\u00e1rabe, hacia la Carrera del Caballo. Atravesamos Torreblanca y nos internamos, poco a poco, en la sierra, listos para subir la Loma de los Escalones. El campo se encontraba completamente escarchado, y es que no en balde nos encontr\u00e1bamos a 0.5\u00baC, y el agua de los camelback se nos estaba empezando a congelar. Por suerte, pronto \u00edbamos a entrar en calor, subiendo la Loma.<\/p>\n<p>Tengo que decir que se me hizo duro, despu\u00e9s de tanto tiempo, volver a afrontar una pared como el comienzo de Los Escalones. Y es que hac\u00eda tiempo -desde antes de la lesi\u00f3n de espalda- que no afrontaba una subida de ese calibre, pese a hacer bastante kilometraje, y lo estaba sufriendo. Aun as\u00ed, el d\u00eda lo merec\u00eda. Dejamos atr\u00e1s la primera pared, y llegamos a la cancela. La pasamos, y pronto nos encontramos subiendo por los escalones propiamente dichos. Y fue entonces cuando lleg\u00f3 el desastre: una rama de pino se introdujo en mi rueda trasera, bloqueando la cadena y haciendo palanca en los radios. Escuch\u00e9 un fuerte crujido, y not\u00e9 c\u00f3mo perd\u00eda toda la tracci\u00f3n. Al echar pie a tierra y observar los da\u00f1os, lo tuve claro. La etapa se hab\u00eda acabado para m\u00ed. La rama hab\u00eda hecho partirse el puntal de enganche del desviador trasero al cuadro. Y para eso no hab\u00eda recambio que valiera. Era bastante probable que las temperaturas, que rayaban los 0\u00baC, afectaran a la flexibilidad del aluminio, haci\u00e9ndolo m\u00e1s quebradizo.<\/p>\n<figure class=\"wp-block-piwigo-gallery-single-image piwigo-single-image\"><a href=\"https:\/\/www.eniac2000.com\/piwigo\/picture.php?\/9821\" target=\"_blank\" rel=\"noopener noreferrer\"><img decoding=\"async\" src=\"https:\/\/www.eniac2000.com\/piwigo\/_data\/i\/galleries\/albums\/ciclismo\/2012-12-01-loma-escalones\/IMAG0307-me.jpg\" alt=\"IMAG0307\" \/><\/a><figcaption><strong>IMAG0307<\/strong><\/figcaption><\/figure>\n<p>No nos qued\u00f3 m\u00e1s remedio que desmontar desviador y cadena, y volver, sin transmisi\u00f3n, sobre nuestros pasos. Descendimos la Loma hasta la Virgen de Linares, y desde all\u00ed \u00c1ngel tir\u00f3 de m\u00ed hasta C\u00f3rdoba. A tramos, en las subidas, me bajaba e iba corriendo a trote cochinero, pues no era plan tampoco reventar.<\/p>\n<p>Como variaci\u00f3n descendimos por el tramo viejo de la N-432 hasta el Club Asland, para luego entrar en C\u00f3rdoba por la Joroba, y dirigirnos a el Camping. All\u00ed, en casa de \u00c1ngel, realizamos el reemplazo del puntal, para descubrir que a\u00fan quedaban restos de madera en la corona y en los radios.<\/p>\n<figure class=\"wp-block-piwigo-gallery-single-image piwigo-single-image\"><a href=\"https:\/\/www.eniac2000.com\/piwigo\/picture.php?\/9825\" target=\"_blank\" rel=\"noopener noreferrer\"><img decoding=\"async\" src=\"https:\/\/www.eniac2000.com\/piwigo\/_data\/i\/galleries\/albums\/ciclismo\/2012-12-01-loma-escalones\/IMAG0311-me.jpg\" alt=\"IMAG0311\" \/><\/a><figcaption><strong>IMAG0311<\/strong><\/figcaption><\/figure>\n<p>Tras el reemplazo, vimos que el cable de cambio tambi\u00e9n estaba pidiendo a gritos el ser sustituido. Visto lo cual, dimos, pues, por finalizada la etapa.<\/p>\n<figure class=\"wp-block-piwigo-gallery-single-image piwigo-single-image\"><a href=\"https:\/\/www.eniac2000.com\/piwigo\/picture.php?\/9826\" target=\"_blank\" rel=\"noopener noreferrer\"><img decoding=\"async\" src=\"https:\/\/www.eniac2000.com\/piwigo\/_data\/i\/galleries\/albums\/ciclismo\/2012-12-01-loma-escalones\/IMG-20121201-WA0000-me.jpg\" alt=\"IMG-20121201-WA0000\" \/><\/a><figcaption><strong>IMG-20121201-WA0000<\/strong><\/figcaption><\/figure>\n<p>Los datos de la etapa son los siguientes:<\/p>\n<ul>\n<li><strong>Distancia:<\/strong> 21&#8217;99 km.<\/li>\n<li><strong>Distancia (seg\u00fan el GPS):<\/strong> 21&#8217;643 km.<\/li>\n<li><strong>Tiempo de etapa:<\/strong> 1h 46m 33s<\/li>\n<li><strong>Tiempo desde el inicio de la etapa:<\/strong> 2h 4m 11s<\/li>\n<li><strong>Velocidad media:<\/strong> 12&#8217;38 km\/h<\/li>\n<li><strong>Velocidad m\u00e1xima:<\/strong> 43&#8217;92 km\/h<\/li>\n<li><strong>Pulsaciones medias:<\/strong> 141 pulsaciones\/m<\/li>\n<li><strong>Pulsaciones m\u00e1ximas:<\/strong> 177 pulsaciones\/m<\/li>\n<li><strong>Consumo medio de calor\u00edas:<\/strong> 1010 kcal\/h<\/li>\n<li><strong>Consumo m\u00e1ximo de calor\u00edas:<\/strong> 1360 kcal\/h<\/li>\n<li><strong>Tiempo en zonas de pulsaciones:<\/strong> 1h 17m 53s<\/li>\n<li><strong>Consumo total de calor\u00edas:<\/strong> 1908 kcal<\/li>\n<li><strong>\u00cdndice IBP de dificultad:<\/strong> 58BA<\/li>\n<\/ul>\n<p>Y aqu\u00ed est\u00e1 el enlace al recorrido de la etapa: <a href=\"http:\/\/www.mtbafondo.es\/activity\/p\/771\/\">C\u00f3rdoba &#8211; Loma de los Escalones (etapa fallida)<\/a> <\/p>\n","protected":false},"excerpt":{"rendered":"<p>Esta es la cr\u00f3nica de una etapa que pudo ser<\/p>\n","protected":false},"author":1,"featured_media":0,"comment_status":"open","ping_status":"open","sticky":false,"template":"","format":"standard","meta":{"advanced_seo_description":"","jetpack_seo_html_title":"","jetpack_seo_noindex":false,"_jetpack_memberships_contains_paid_content":false,"footnotes":"","jetpack_publicize_message":"","jetpack_publicize_feature_enabled":true,"jetpack_social_post_already_shared":false,"jetpack_social_options":{"image_generator_settings":{"template":"highway","default_image_id":0,"font":"","enabled":false},"version":2}},"categories":[24,8],"tags":[392,992,1135,1150],"series":[],"class_list":["post-3263","post","type-post","status-publish","format-standard","hentry","category-ciclismo","category-deporte","tag-cordoba","tag-loma-de-los-escalones","tag-mtb","tag-n-432"],"jetpack_publicize_connections":[],"jetpack_featured_media_url":"","jetpack_sharing_enabled":true,"_links":{"self":[{"href":"https:\/\/bitacora.eniac2000.com\/index.php?rest_route=\/wp\/v2\/posts\/3263","targetHints":{"allow":["GET"]}}],"collection":[{"href":"https:\/\/bitacora.eniac2000.com\/index.php?rest_route=\/wp\/v2\/posts"}],"about":[{"href":"https:\/\/bitacora.eniac2000.com\/index.php?rest_route=\/wp\/v2\/types\/post"}],"author":[{"embeddable":true,"href":"https:\/\/bitacora.eniac2000.com\/index.php?rest_route=\/wp\/v2\/users\/1"}],"replies":[{"embeddable":true,"href":"https:\/\/bitacora.eniac2000.com\/index.php?rest_route=%2Fwp%2Fv2%2Fcomments&post=3263"}],"version-history":[{"count":0,"href":"https:\/\/bitacora.eniac2000.com\/index.php?rest_route=\/wp\/v2\/posts\/3263\/revisions"}],"wp:attachment":[{"href":"https:\/\/bitacora.eniac2000.com\/index.php?rest_route=%2Fwp%2Fv2%2Fmedia&parent=3263"}],"wp:term":[{"taxonomy":"category","embeddable":true,"href":"https:\/\/bitacora.eniac2000.com\/index.php?rest_route=%2Fwp%2Fv2%2Fcategories&post=3263"},{"taxonomy":"post_tag","embeddable":true,"href":"https:\/\/bitacora.eniac2000.com\/index.php?rest_route=%2Fwp%2Fv2%2Ftags&post=3263"},{"taxonomy":"series","embeddable":true,"href":"https:\/\/bitacora.eniac2000.com\/index.php?rest_route=%2Fwp%2Fv2%2Fseries&post=3263"}],"curies":[{"name":"wp","href":"https:\/\/api.w.org\/{rel}","templated":true}]}}