{"id":3329,"date":"2013-03-16T09:09:23","date_gmt":"2013-03-16T08:09:23","guid":{"rendered":"http:\/\/bitacora.eniac2000.com\/?p=3329"},"modified":"2013-03-16T09:09:23","modified_gmt":"2013-03-16T08:09:23","slug":"camino-de-santiago-2013-fase-i-cordoba-merida","status":"publish","type":"post","link":"https:\/\/bitacora.eniac2000.com\/?p=3329","title":{"rendered":"Camino de Santiago 2013. Fase I: C\u00f3rdoba &#8211; M\u00e9rida"},"content":{"rendered":"<p><img loading=\"lazy\" decoding=\"async\" alt=\"Camino de Santiago\" src=\"http:\/\/bitacora.eniac2000.com\/wp-content\/anillo.jpg\" title=\"Camino de Santiago\" class=\"aligncenter\" width=\"400\" height=\"170\" \/><\/p>\n<p>Este a\u00f1o espero cumplir una de las metas con las que llevo so\u00f1ando desde hace m\u00e1s a\u00f1os: realizar el Camino de Santiago desde C\u00f3rdoba, realizando el recorrido del Camino Moz\u00e1rabe. La primera vez que hice una planificaci\u00f3n de este recorrido fue all\u00e1 por el a\u00f1o 1998, cuando a\u00fan ten\u00eda 17 a\u00f1os. Una planificaci\u00f3n optimista (MUY optimista), pensada para ser ejecutada por carretera, sin alforjas, y ejecutada en apenas una semana. Cosas de la juventud y la inexperiencia. A\u00fan guardo, con cari\u00f1o, esa planificaci\u00f3n.<\/p>\n<p>La correspondiente a este a\u00f1o es un tanto m\u00e1s modesta. De hecho, es una planificaci\u00f3n por fases. La primera de ellas corresponde al viaje entre C\u00f3rdoba y M\u00e9rida, que realizaremos -si todo va bien- en cinco jornadas, empezando el S\u00e1bado de Pasi\u00f3n y terminando el Mi\u00e9rcoles Santo, en la que recorreremos unos 250 kil\u00f3metros. La segunda fase, a\u00fan sin fecha, nos llevar\u00e1 desde M\u00e9rida hasta Zamora, lugar donde comenzamos la <a href=\"http:\/\/bitacora.eniac2000.com\/?series=camino-de-santiago-2010\" title=\"Camino de Santiago 2010\">V\u00eda de la Plata en 2010<\/a>. Y en cuanto a la tercera, igualmente sin fecha, nos volver\u00e1 a llevar a Santiago de Compostela por la V\u00eda de la Plata. A\u00fan est\u00e1 por ver si siguiendo el mismo trazado que en 2010 -cosa que dudo-, tomando una ruta alternativa por el norte de Portugal, por el sur de Orense, o bien enlazando con el Camino Franc\u00e9s por Ponferrada.<\/p>\n<p>En cuanto a la planificaci\u00f3n de etapas y kilometraje, se corresponde con el siguiente dise\u00f1o:<\/p>\n<p><iframe width='600' height='430' frameborder='0' src='https:\/\/docs.google.com\/spreadsheet\/pub?key=0Allhcb5neZ_1dGt1eFZJR0pDUjlKWFIxY2plR3JpLWc&#038;single=true&#038;gid=1&#038;output=html&#038;widget=true'><\/iframe><\/p>\n<p>Este a\u00f1o, salvo que haya alguna sorpresa de \u00faltima hora, seremos mi padre, Man\u00e9 y yo quienes recorramos este Camino, una muesca m\u00e1s a sumar en la vieira que todos los a\u00f1os me acompa\u00f1a en este tipo de periplos.<\/p>\n","protected":false},"excerpt":{"rendered":"<p>Este a\u00f1o espero cumplir una de las metas con las<\/p>\n","protected":false},"author":1,"featured_media":0,"comment_status":"open","ping_status":"open","sticky":false,"template":"","format":"standard","meta":{"advanced_seo_description":"","jetpack_seo_html_title":"","jetpack_seo_noindex":false,"_jetpack_memberships_contains_paid_content":false,"footnotes":"","jetpack_publicize_message":"","jetpack_publicize_feature_enabled":true,"jetpack_social_post_already_shared":false,"jetpack_social_options":{"image_generator_settings":{"template":"highway","default_image_id":0,"font":"","enabled":false},"version":2}},"categories":[2,5,24,8],"tags":[297,301,392,1046],"series":[],"class_list":["post-3329","post","type-post","status-publish","format-standard","hentry","category-camino-de-santiago","category-camino-mozarabe","category-ciclismo","category-deporte","tag-camino-mozarabe","tag-camiono-de-santiago","tag-cordoba","tag-merida"],"jetpack_publicize_connections":[],"jetpack_featured_media_url":"","jetpack_sharing_enabled":true,"_links":{"self":[{"href":"https:\/\/bitacora.eniac2000.com\/index.php?rest_route=\/wp\/v2\/posts\/3329","targetHints":{"allow":["GET"]}}],"collection":[{"href":"https:\/\/bitacora.eniac2000.com\/index.php?rest_route=\/wp\/v2\/posts"}],"about":[{"href":"https:\/\/bitacora.eniac2000.com\/index.php?rest_route=\/wp\/v2\/types\/post"}],"author":[{"embeddable":true,"href":"https:\/\/bitacora.eniac2000.com\/index.php?rest_route=\/wp\/v2\/users\/1"}],"replies":[{"embeddable":true,"href":"https:\/\/bitacora.eniac2000.com\/index.php?rest_route=%2Fwp%2Fv2%2Fcomments&post=3329"}],"version-history":[{"count":0,"href":"https:\/\/bitacora.eniac2000.com\/index.php?rest_route=\/wp\/v2\/posts\/3329\/revisions"}],"wp:attachment":[{"href":"https:\/\/bitacora.eniac2000.com\/index.php?rest_route=%2Fwp%2Fv2%2Fmedia&parent=3329"}],"wp:term":[{"taxonomy":"category","embeddable":true,"href":"https:\/\/bitacora.eniac2000.com\/index.php?rest_route=%2Fwp%2Fv2%2Fcategories&post=3329"},{"taxonomy":"post_tag","embeddable":true,"href":"https:\/\/bitacora.eniac2000.com\/index.php?rest_route=%2Fwp%2Fv2%2Ftags&post=3329"},{"taxonomy":"series","embeddable":true,"href":"https:\/\/bitacora.eniac2000.com\/index.php?rest_route=%2Fwp%2Fv2%2Fseries&post=3329"}],"curies":[{"name":"wp","href":"https:\/\/api.w.org\/{rel}","templated":true}]}}