{"id":337,"date":"2006-04-05T21:12:46","date_gmt":"2006-04-05T19:12:46","guid":{"rendered":"http:\/\/bitacora.eniac2000.com\/?p=337"},"modified":"2006-04-05T21:12:46","modified_gmt":"2006-04-05T19:12:46","slug":"da-de-beber-al-sediento","status":"publish","type":"post","link":"https:\/\/bitacora.eniac2000.com\/?p=337","title":{"rendered":"&#8230;da de beber al sediento."},"content":{"rendered":"<p>Cuentan los de Pontevedra que su ciudad es famosa en toda Galicia porque da de beber al sediento. Una ciudad hospitalaria y tal. No ser\u00e9 yo quien lo desdiga, porque, al menos conmigo, se han portado siempre en tierras gallegas de f\u00e1bula (salvo en la sede pontevedresa del BNG, pero cada cual tiene el c\u00e1ncer que se merece, y esa es historia para otro d\u00eda).<\/p>\n<p>Tiene Pontevedra buenas fuentes, por eso lo de dar de beber, de las que se muestran muy ufanos. Fuentes, por cierto, buenas y escasas. Al menos para lo que estoy acostumbrado en C\u00f3rdoba. Y claro, con el cachondeito del agua no pude dejar de improvisar unos ripios al respecto:<\/p>\n<p><em>Pontevedra es buena villa,<br \/>\nda de beber al sediento<br \/>\npero si es beber prefiero<br \/>\nla <a href=\"http:\/\/www.ciao.es\/Taberna_El_Juramento_Cordoba__611225\">Taberna el Juramento<\/a>.<\/em><\/p>\n<p>En fin. El caso es que este s\u00e1bado me voy para all\u00e1 a pasar la Semana Santa. Y que nadie diga que me escapo de Sevilla o C\u00f3rdoba para evitarme las procesiones; craso error, amigos. porque tambi\u00e9n en Pontevedra tienen procesiones de Semana Santa. Aunque ni los propios pontevedreses lo sepan.<\/p>\n<p><img decoding=\"async\" src=\"\/wp-content\/1050938033_extras_fotos_del_dia_0.jpg\" alt='Semana Santa en Pontevedra' \/><\/p>\n<p>Dado que no creo que pueda subirme la <a href=\"http:\/\/www.steves-digicams.com\/2002_reviews\/p51.html\">c\u00e1mara de fotos digital<\/a>, creo que voy a desempolvar las viejas c\u00e1maras tradicionales que tenemos criando polvo en casita. Es seguro que me voy a subir la <a href=\"\/wp-content\/41438262.jpg\">Samsung AF Zoom 1050<\/a>, porque a\u00fan me escuecen los 10 lerus que tuve que dejarme el a\u00f1o pasado para poder usarla en circunstancias similares. Y s\u00f3lo para echar 5 fotos que a\u00fan siguen en la c\u00e1mara. De este a\u00f1o no pasa. M\u00e1s que nada porque tengo curiosidad por saber qu\u00e9 fotografi\u00e9. No me acuerdo. ^_^<br \/>\nPero sobre todo, me tienta sacar del caj\u00f3n donde la tengo abandonada mi vieja <a href=\"http:\/\/www.upcnet.es\/~org\/htm\/main_z122.htm\">Zenit 122<\/a>. Me la regalaron mis padres cuando cumpl\u00ed 15 a\u00f1os, y con ella me he recorrido media Espa\u00f1a, as\u00ed como parte de Francia e Italia, cargando con los objetivos que le compr\u00f3 mi padre, en su tiempo, a su a\u00fan m\u00e1s vieja <a href=\"http:\/\/cameras.alfredklomp.com\/zenite\/\">Zenit E<\/a>, cuando hizo la mili en Canarias, all\u00e1 por el 75. La \u00faltima vez que la saqu\u00e9 fue cuando estuve de voluntario en Pontevedra, cuando lo del Prestige:<\/p>\n<p><a href=\"\/wp-content\/Image13.JPG\"><img decoding=\"async\" src=\"\/wp-content\/thumb-Image13.JPG\" alt='Restos de la limpieza' \/><\/a><\/p>\n<p>En cuanto a la bit\u00e1cora, tal vez resucite el <a href=\"http:\/\/bitacora.eniac2000.com\/?p=113\">sistema de actualizaci\u00f3n mediante m\u00f3vil<\/a> que utilic\u00e9 cuando hice el Camino de Santiago, ya que en casa de Ana (gracias a Diox) no tengo posibilidad de acceder a internet. Qui\u00e9n sabe. Tal vez tenga incluso cosas que contar. XD<\/p>\n<p>Declaraci\u00f3n de intenciones:<\/p>\n<ul>\n<li>Ponerme ciego de pulpo a feira.<\/li>\n<li>Coger la bici de Ana.<\/li>\n<li>Ir al Lepanto a comer patatas bravas (las mejores de Pontevedra).<\/li>\n<li>Bajar a Portugal, y no comprar toallas.<\/li>\n<li>Componerle un ordenador a Ana con las piezas viejas que tiene Zaixe diseminadas por ah\u00ed (para qu\u00e9 nos vamos a enga\u00f1ar, soy como soy).<\/li>\n<li>Volver a preguntar en la Oficina de Turismo de Poio si ya han se\u00f1alizado la v\u00eda para bicicletas que tienen publicitada desde hace dos veranos.<\/li>\n<\/ul>\n<p>Ah, eso s\u00ed. Otra vez a sacar la ropa de invierno&#8230; Es lo que tiene Galicia&#8230;<\/p>\n","protected":false},"excerpt":{"rendered":"<p>Cuentan los de Pontevedra que su ciudad es famosa en<\/p>\n","protected":false},"author":1,"featured_media":0,"comment_status":"open","ping_status":"open","sticky":false,"template":"","format":"standard","meta":{"advanced_seo_description":"","jetpack_seo_html_title":"","jetpack_seo_noindex":false,"_jetpack_memberships_contains_paid_content":false,"footnotes":"","jetpack_publicize_message":"","jetpack_publicize_feature_enabled":true,"jetpack_social_post_already_shared":false,"jetpack_social_options":{"image_generator_settings":{"template":"highway","default_image_id":0,"font":"","enabled":false},"version":2}},"categories":[20],"tags":[],"series":[],"class_list":["post-337","post","type-post","status-publish","format-standard","hentry","category-vida-corriente"],"jetpack_publicize_connections":[],"jetpack_featured_media_url":"","jetpack_sharing_enabled":true,"_links":{"self":[{"href":"https:\/\/bitacora.eniac2000.com\/index.php?rest_route=\/wp\/v2\/posts\/337","targetHints":{"allow":["GET"]}}],"collection":[{"href":"https:\/\/bitacora.eniac2000.com\/index.php?rest_route=\/wp\/v2\/posts"}],"about":[{"href":"https:\/\/bitacora.eniac2000.com\/index.php?rest_route=\/wp\/v2\/types\/post"}],"author":[{"embeddable":true,"href":"https:\/\/bitacora.eniac2000.com\/index.php?rest_route=\/wp\/v2\/users\/1"}],"replies":[{"embeddable":true,"href":"https:\/\/bitacora.eniac2000.com\/index.php?rest_route=%2Fwp%2Fv2%2Fcomments&post=337"}],"version-history":[{"count":0,"href":"https:\/\/bitacora.eniac2000.com\/index.php?rest_route=\/wp\/v2\/posts\/337\/revisions"}],"wp:attachment":[{"href":"https:\/\/bitacora.eniac2000.com\/index.php?rest_route=%2Fwp%2Fv2%2Fmedia&parent=337"}],"wp:term":[{"taxonomy":"category","embeddable":true,"href":"https:\/\/bitacora.eniac2000.com\/index.php?rest_route=%2Fwp%2Fv2%2Fcategories&post=337"},{"taxonomy":"post_tag","embeddable":true,"href":"https:\/\/bitacora.eniac2000.com\/index.php?rest_route=%2Fwp%2Fv2%2Ftags&post=337"},{"taxonomy":"series","embeddable":true,"href":"https:\/\/bitacora.eniac2000.com\/index.php?rest_route=%2Fwp%2Fv2%2Fseries&post=337"}],"curies":[{"name":"wp","href":"https:\/\/api.w.org\/{rel}","templated":true}]}}