{"id":3371,"date":"2013-05-01T18:54:09","date_gmt":"2013-05-01T17:54:09","guid":{"rendered":"http:\/\/bitacora.eniac2000.com\/?p=3371"},"modified":"2025-10-05T17:12:53","modified_gmt":"2025-10-05T15:12:53","slug":"etapa-ciclista-montecobre-bejarano-los-morales-21042013","status":"publish","type":"post","link":"https:\/\/bitacora.eniac2000.com\/?p=3371","title":{"rendered":"Etapa ciclista: Montecobre &#8211; Bejarano &#8211; Los Morales (21\/04\/2013)"},"content":{"rendered":"<p>El pasado 21 de abril dos miembros del Club Bartocalvos MTB disputaron la IX Marat\u00f3n MTB Sierra Morena: \u00c1ngel y Marcos. Dos aut\u00e9nticos h\u00e9roes, y unos verdaderos valientes. As\u00ed que el resto de los miembros del club decidimos salir a apoyarles en su magna epopeya. Yo, por pi parte, aunque hubiera querido participar, al coincidir la Marat\u00f3n con el d\u00eda de mi cumplea\u00f1os, no me parec\u00eda adecuado perderme todo el d\u00eda por ah\u00ed, dejando a mi familia plantada, as\u00ed que en su momento tom\u00e9 la decisi\u00f3n de no participar. Lo que s\u00ed hice, en compa\u00f1\u00eda de Kike, fue salir a rodar para ver la salida de la Marat\u00f3n, y luego contemplar el paso de los participantes en un lugar se\u00f1ero del recorrido: el vado del arroyo Bejarano.<\/p>\n<p>As\u00ed pues, los miembros del club quedamos en el Vial a las 9:30h, para acompa\u00f1ar en la salida a Maros y a \u00c1ngel.<\/p>\n<figure class=\"wp-block-piwigo-gallery-single-image piwigo-single-image\"><a href=\"https:\/\/www.eniac2000.com\/piwigo\/picture.php?\/10009\" target=\"_blank\" rel=\"noopener noreferrer\"><img decoding=\"async\" src=\"https:\/\/www.eniac2000.com\/piwigo\/_data\/i\/galleries\/albums\/ciclismo\/2013-04-21-montecobre-bejarano-morales\/DSC00020-me.jpg\" alt=\"DSC00020\" \/><\/a><figcaption><strong>DSC00020<\/strong><\/figcaption><\/figure>\n<p>La multitud de participantes era abrumadora: 1200 personas, entre ciclistas y fondistas a pie, que hab\u00edan salido a las 9:00h, a fin de permitir una salida escalonada con respecto a los ciclistas, que empezaban a las 10:00h.<\/p>\n<figure class=\"wp-block-piwigo-gallery-single-image piwigo-single-image\"><a href=\"https:\/\/www.eniac2000.com\/piwigo\/picture.php?\/10010\" target=\"_blank\" rel=\"noopener noreferrer\"><img decoding=\"async\" src=\"https:\/\/www.eniac2000.com\/piwigo\/_data\/i\/galleries\/albums\/ciclismo\/2013-04-21-montecobre-bejarano-morales\/DSC00021-me.jpg\" alt=\"DSC00021\" \/><\/a><figcaption><strong>DSC00021<\/strong><\/figcaption><\/figure>\n<p>La marat\u00f3n empez\u00f3 con cierto retraso, debido a la gran cantidad de gente congregada, pero una vez dada la salida, los corredores salieron como demonios.<\/p>\n<figure class=\"wp-block-piwigo-gallery-single-image piwigo-single-image\"><a href=\"https:\/\/www.eniac2000.com\/piwigo\/picture.php?\/10018\" target=\"_blank\" rel=\"noopener noreferrer\"><img decoding=\"async\" src=\"https:\/\/www.eniac2000.com\/piwigo\/_data\/i\/galleries\/albums\/ciclismo\/2013-04-21-montecobre-bejarano-morales\/DSC00029-me.jpg\" alt=\"DSC00029\" \/><\/a><figcaption><strong>DSC00029<\/strong><\/figcaption><\/figure>\n<p>Nosotros, por nuestra parte, salimos algunos minutos despu\u00e9s del gran grupo. Tomamos la avenida de Santa Mar\u00eda de Trassierra, con la idea de subir a la Sierra por Montecobre. A la altura del Canal nos volvimos a encontrar con el grupo, cuyas primeras unidades ya hab\u00edan realizado el circuito por el Patriarca, y enfilaban el Canal, camino de la vereda de la Canchuela. All\u00ed vimos a un primer accidentado, que hab\u00eda sufrido una ca\u00edda en la bajada del Patriarca al canal, y se encontraba cubierto de sangre, con cortes en brazos, piernas y cara, aunque aparentemente sin lesiones graves. Cruzamos el canal en cuanto el paso de corredores nos lo permiti\u00f3, y seguimos ascendiendo en busca del camino que lleva directamente hasta el Puente de Los Nogales, a fin de no coincidir por la carrera en el tramo del Canal.<\/p>\n<p>Llegamos por carretera hasta el cartel indicador del Puente de Los Nogales, y giramos a la izquierda, para dar a la vereda de Trassierra a la altura del antiguo matadero. Desde all\u00ed ascendimos hasta las inmediaciones de la Finca de La Gitana, de cara a iniciar el ascenso de Montecobre. En esa zona nos encontramos con los fondistas de la Marat\u00f3n, que, por su parte, realizaban el ascenso a la Sierra por la Vereda de Trassierra.<\/p>\n<p>Por nuestra parte, subimos Montecobre, y cruzamos la carretera, para continuar ascendiendo en direcci\u00f3n a la Casa de la Ventana, y la Torre de las Siete Esquinas. Una vez sobrepsada \u00e9sta, continuamos subiendo hasta el Mirador de las Ni\u00f1as, donde coronamos a las 11:22h. Para llegar de la manera m\u00e1s r\u00e1pida posible al Bejarano, atravesamos la urbanizaci\u00f3n Torrehoria por la pista de cemento que lleva directamente al camino que conduce al Lagar del Ca\u00f1o del Escarabita. All\u00ed nuevamente nos encontramos con los fondistas, quienes estaban a punto de llegar a la zona de avituallamiento del Lagar del Ca\u00f1o. Para nuestra sorpresa, llegamos al avituallamiento, vimos c\u00f3mo llegaban a \u00e9l algunos ciclistas de la Marat\u00f3n. Era incre\u00edble: hab\u00edan recorrido el Canal, subido La Canchuela, enlazado con Trassierra por el GR-48, y enlazado por la Fuente del Elefante en el mismo tiempo que nosotros hab\u00edamos tardado en ir casi directos. Era casi inhumano.<\/p>\n<p>Dejamos atr\u00e1s el punto de avituallamiento, y nos encaminamos hacia el Bejarano. Hasta all\u00ed fuimos rebasando fondistas, y siendo rebasados por ciclistas de la Marat\u00f3n, hasta que finalmente llegamos al vado, a las 11:40h, donde nos dispusimos a ver pasar a los participantes.<\/p>\n<figure class=\"wp-block-piwigo-gallery-single-image piwigo-single-image\"><a href=\"https:\/\/www.eniac2000.com\/piwigo\/picture.php?\/10022\" target=\"_blank\" rel=\"noopener noreferrer\"><img decoding=\"async\" src=\"https:\/\/www.eniac2000.com\/piwigo\/_data\/i\/galleries\/albums\/ciclismo\/2013-04-21-montecobre-bejarano-morales\/DSC00034-me.jpg\" alt=\"DSC00034\" \/><\/a><figcaption><strong>DSC00034<\/strong><\/figcaption><\/figure>\n<p>\u00c9ramos un buen pu\u00f1ado de gente los congregados en el lugar. Una bonita, aunque breve, bajada por bosque de ribera, al final de la cual se vadeaba el arroyo Bejarano, y justo tras la cual hab\u00eda que realizar un giro de 90\u00ba a la izquierda, y pasar por una estrecha portela, en subida, para seguir en paralelo al Bejarano, camino de la Vereda del Vado del Negro, y la bajada a Los Arenales.<\/p>\n<figure class=\"wp-block-piwigo-gallery-single-image piwigo-single-image\"><a href=\"https:\/\/www.eniac2000.com\/piwigo\/picture.php?\/10038\" target=\"_blank\" rel=\"noopener noreferrer\"><img decoding=\"async\" src=\"https:\/\/www.eniac2000.com\/piwigo\/_data\/i\/galleries\/albums\/ciclismo\/2013-04-21-montecobre-bejarano-morales\/DSC00053-me.jpg\" alt=\"DSC00053\" \/><\/a><figcaption><strong>DSC00053<\/strong><\/figcaption><\/figure>\n<p>Marcos, con el n\u00famero 58, fue el primero de los nuestros en aparecer, sobre las 12:25h.<\/p>\n<figure class=\"wp-block-piwigo-gallery-single-image piwigo-single-image\"><a href=\"https:\/\/www.eniac2000.com\/piwigo\/picture.php?\/10064\" target=\"_blank\" rel=\"noopener noreferrer\"><img decoding=\"async\" src=\"https:\/\/www.eniac2000.com\/piwigo\/_data\/i\/galleries\/albums\/ciclismo\/2013-04-21-montecobre-bejarano-morales\/DSC00080-me.jpg\" alt=\"DSC00080\" \/><\/a><figcaption><strong>DSC00080<\/strong><\/figcaption><\/figure>\n<p>\u00c1ngel, por su parte, con el 214, pas\u00f3 en segundo lugar, sobre las 12:55h.<\/p>\n<figure class=\"wp-block-piwigo-gallery-single-image piwigo-single-image\"><a href=\"https:\/\/www.eniac2000.com\/piwigo\/picture.php?\/10093\" target=\"_blank\" rel=\"noopener noreferrer\"><img decoding=\"async\" src=\"https:\/\/www.eniac2000.com\/piwigo\/_data\/i\/galleries\/albums\/ciclismo\/2013-04-21-montecobre-bejarano-morales\/DSC00112-me.jpg\" alt=\"DSC00112\" \/><\/a><figcaption><strong>DSC00112<\/strong><\/figcaption><\/figure>\n<p>Una vez pas\u00f3 \u00c1ngel, Kike y yo reanudamos nuestra marcha. Seguimos avanzando por el GR-48, hasta llegar al Lagar de la Cruz, a eso de las 13:30h. Se nos hac\u00eda tarde, y nos planteamos bajar a C\u00f3rdoba por carretera. Pero estando all\u00ed, la tentaci\u00f3n de bajar por Los Morales era demasiado fuerte. As\u00ed que acabamos tir\u00e1ndonos Morales abajo, aunque hicimos al final el trazado alternativo que lleva m\u00e1s cerca del hospital. Finalmente, enlazamos por la Huerta de Hierro, y bajamos por la Calle Sansue\u00f1a. Llegu\u00e9 a casa a las 13:55h, justo para ducharme y ver el Gran Premio de F\u00f3rmula 1. \ud83d\ude42<\/p>\n<p>Por su parte, \u00c1ngel y Marcos tuvieron desigual suerte en la Marat\u00f3n. Nuestros amigos, que los esperaban en la bajada del \u00c1nker, vieron bajar a Marcos en primer lugar, pero con mucha expresi\u00f3n de sufrimiento. en efecto, acab\u00f3 padeciendo la visita del t\u00edo del mazo, y tuvo que abandonar a la altura de la Virgen de Linares. \u00c1ngel, por su lado, merced a un ritmo m\u00e1s constante, empez\u00f3 a remontar posiciones desde la Loma de los Escalones, subiendo de manera brutal la cuesta de Arrastraculos.<\/p>\n<figure class=\"wp-block-piwigo-gallery-single-image piwigo-single-image\"><a href=\"https:\/\/www.eniac2000.com\/piwigo\/picture.php?\/10096\" target=\"_blank\" rel=\"noopener noreferrer\"><img decoding=\"async\" src=\"https:\/\/www.eniac2000.com\/piwigo\/_data\/i\/galleries\/albums\/ciclismo\/2013-04-21-montecobre-bejarano-morales\/IMG-20130421-WA0010_001-me.jpg\" alt=\"IMG-20130421-WA0010 001\" \/><\/a><figcaption><strong>IMG-20130421-WA0010 001<\/strong><\/figcaption><\/figure>\n<p>&#8230;para acabar entrando en meta tras 7h 10m y 31s de carrera. \u00a1Un h\u00e9roe!<\/p>\n<figure class=\"wp-block-piwigo-gallery-single-image piwigo-single-image\"><a href=\"https:\/\/www.eniac2000.com\/piwigo\/picture.php?\/10097\" target=\"_blank\" rel=\"noopener noreferrer\"><img decoding=\"async\" src=\"https:\/\/www.eniac2000.com\/piwigo\/_data\/i\/galleries\/albums\/ciclismo\/2013-04-21-montecobre-bejarano-morales\/IMG-20130423-WA0001_001-me.jpg\" alt=\"IMG-20130423-WA0001 001\" \/><\/a><figcaption><strong>IMG-20130423-WA0001 001<\/strong><\/figcaption><\/figure>\n<p>Los datos de la etapa son los siguientes:<\/p>\n<ul>\n<li><strong>Distancia:<\/strong> S\/D<\/li>\n<li><strong>Distancia (seg\u00fan el GPS):<\/strong> 30&#8217;685 km.<\/li>\n<li><strong>Tiempo de etapa:<\/strong> 2h 34m 21s<\/li>\n<li><strong>Tiempo desde el inicio de la etapa:<\/strong> 3h 57m 31s<\/li>\n<li><strong>Velocidad media:<\/strong> 11&#8217;928 km\/h<\/li>\n<li><strong>Velocidad m\u00e1xima:<\/strong> 50&#8217;89 km\/h<\/li>\n<li><strong>Pulsaciones medias:<\/strong> 140 pulsaciones\/min<\/li>\n<li><strong>Pulsaciones m\u00e1ximas:<\/strong> 182 pulsaciones\/min<\/li>\n<li><strong>Consumo medio de calor\u00edas:<\/strong> S\/D<\/li>\n<li><strong>Consumo m\u00e1ximo de calor\u00edas:<\/strong> S\/D<\/li>\n<li><strong>Tiempo en zonas de pulsaciones:<\/strong> S\/D<\/li>\n<li><strong>Consumo total de calor\u00edas:<\/strong> 3381 kcal<\/li>\n<li><strong>\u00cdndice IBP de dificultad:<\/strong> 66B MTB<\/li>\n<\/ul>\n<p>Y aqu\u00ed est\u00e1 el enlace al recorrido de la etapa: <a href=\"http:\/\/www.mtbafondo.es\/activity\/p\/826\/\">Montecobre &#8211; Bejarano &#8211; Los Morales<\/a><\/p>\n","protected":false},"excerpt":{"rendered":"<p>El pasado 21 de abril dos miembros del Club Bartocalvos<\/p>\n","protected":false},"author":1,"featured_media":0,"comment_status":"open","ping_status":"open","sticky":false,"template":"","format":"standard","meta":{"advanced_seo_description":"","jetpack_seo_html_title":"","jetpack_seo_noindex":false,"_jetpack_memberships_contains_paid_content":false,"footnotes":"","jetpack_publicize_message":"","jetpack_publicize_feature_enabled":true,"jetpack_social_post_already_shared":false,"jetpack_social_options":{"image_generator_settings":{"template":"highway","default_image_id":0,"font":"","enabled":false},"version":2}},"categories":[24,8],"tags":[218,392,750,1000,1032,1119,1135],"series":[],"class_list":["post-3371","post","type-post","status-publish","format-standard","hentry","category-ciclismo","category-deporte","tag-berajano","tag-cordoba","tag-gr-48","tag-los-morales","tag-maraton-mtb-guzman-el-bueno","tag-montecobre","tag-mtb"],"jetpack_publicize_connections":[],"jetpack_featured_media_url":"","jetpack_sharing_enabled":true,"_links":{"self":[{"href":"https:\/\/bitacora.eniac2000.com\/index.php?rest_route=\/wp\/v2\/posts\/3371","targetHints":{"allow":["GET"]}}],"collection":[{"href":"https:\/\/bitacora.eniac2000.com\/index.php?rest_route=\/wp\/v2\/posts"}],"about":[{"href":"https:\/\/bitacora.eniac2000.com\/index.php?rest_route=\/wp\/v2\/types\/post"}],"author":[{"embeddable":true,"href":"https:\/\/bitacora.eniac2000.com\/index.php?rest_route=\/wp\/v2\/users\/1"}],"replies":[{"embeddable":true,"href":"https:\/\/bitacora.eniac2000.com\/index.php?rest_route=%2Fwp%2Fv2%2Fcomments&post=3371"}],"version-history":[{"count":0,"href":"https:\/\/bitacora.eniac2000.com\/index.php?rest_route=\/wp\/v2\/posts\/3371\/revisions"}],"wp:attachment":[{"href":"https:\/\/bitacora.eniac2000.com\/index.php?rest_route=%2Fwp%2Fv2%2Fmedia&parent=3371"}],"wp:term":[{"taxonomy":"category","embeddable":true,"href":"https:\/\/bitacora.eniac2000.com\/index.php?rest_route=%2Fwp%2Fv2%2Fcategories&post=3371"},{"taxonomy":"post_tag","embeddable":true,"href":"https:\/\/bitacora.eniac2000.com\/index.php?rest_route=%2Fwp%2Fv2%2Ftags&post=3371"},{"taxonomy":"series","embeddable":true,"href":"https:\/\/bitacora.eniac2000.com\/index.php?rest_route=%2Fwp%2Fv2%2Fseries&post=3371"}],"curies":[{"name":"wp","href":"https:\/\/api.w.org\/{rel}","templated":true}]}}