{"id":3430,"date":"2013-10-06T07:34:54","date_gmt":"2013-10-06T06:34:54","guid":{"rendered":"http:\/\/bitacora.eniac2000.com\/?p=3430"},"modified":"2013-10-06T07:34:54","modified_gmt":"2013-10-06T06:34:54","slug":"panoramica-de-spanish-point-irlanda","status":"publish","type":"post","link":"https:\/\/bitacora.eniac2000.com\/?p=3430","title":{"rendered":"Panor\u00e1mica de Spanish Point, Irlanda"},"content":{"rendered":"<p>Ya habl\u00e9 un poco de Spanish Point en <a href=\"http:\/\/bitacora.eniac2000.com\/?p=3419\" title=\"De vacaciones\u2026\">una entrada anterior<\/a>. Lo que viene ahora es una panor\u00e1mica de la playa y el peque\u00f1o pueblo. Un lugar tranquilo y bello, a su manera, pero que transmite, cuando conoces la historia, una sensaci\u00f3n de tristeza sumamente peculiar:<\/p>\n<figure id=\"attachment_3432\" aria-describedby=\"caption-attachment-3432\" style=\"width: 400px\" class=\"wp-caption aligncenter\"><a href=\"http:\/\/bitacora.eniac2000.com\/wp-content\/uploads\/2013\/10\/pano-spanish-point-peq.jpg\"><img loading=\"lazy\" decoding=\"async\" src=\"http:\/\/bitacora.eniac2000.com\/wp-content\/uploads\/2013\/10\/pano-spanish-point-peq-400x59.jpg\" alt=\"Panor\u00e1mica de Spanish Point\" title=\"Panor\u00e1mica de Spanish Point\" width=\"400\" height=\"59\" class=\"size-medium wp-image-3432\" \/><\/a><figcaption id=\"caption-attachment-3432\" class=\"wp-caption-text\">Panor\u00e1mica de Spanish Point<\/figcaption><\/figure>\n<p>La panor\u00e1mica, por cierto, est\u00e1 tomada desde la explanada de aparcamiento existente junto al Hotel Armada. C\u00f3mo no. \ud83d\ude42<\/p>\n","protected":false},"excerpt":{"rendered":"<p>Ya habl\u00e9 un poco de Spanish Point en una entrada<\/p>\n","protected":false},"author":1,"featured_media":0,"comment_status":"open","ping_status":"open","sticky":false,"template":"","format":"standard","meta":{"advanced_seo_description":"","jetpack_seo_html_title":"","jetpack_seo_noindex":false,"_jetpack_memberships_contains_paid_content":false,"footnotes":"","jetpack_publicize_message":"","jetpack_publicize_feature_enabled":true,"jetpack_social_post_already_shared":false,"jetpack_social_options":{"image_generator_settings":{"template":"highway","default_image_id":0,"font":"","enabled":false},"version":2}},"categories":[20],"tags":[807,856,1229,1572],"series":[],"class_list":["post-3430","post","type-post","status-publish","format-standard","hentry","category-vida-corriente","tag-hotel-armada","tag-irlanda","tag-panoramica","tag-spanish-point"],"jetpack_publicize_connections":[],"jetpack_featured_media_url":"","jetpack_sharing_enabled":true,"_links":{"self":[{"href":"https:\/\/bitacora.eniac2000.com\/index.php?rest_route=\/wp\/v2\/posts\/3430","targetHints":{"allow":["GET"]}}],"collection":[{"href":"https:\/\/bitacora.eniac2000.com\/index.php?rest_route=\/wp\/v2\/posts"}],"about":[{"href":"https:\/\/bitacora.eniac2000.com\/index.php?rest_route=\/wp\/v2\/types\/post"}],"author":[{"embeddable":true,"href":"https:\/\/bitacora.eniac2000.com\/index.php?rest_route=\/wp\/v2\/users\/1"}],"replies":[{"embeddable":true,"href":"https:\/\/bitacora.eniac2000.com\/index.php?rest_route=%2Fwp%2Fv2%2Fcomments&post=3430"}],"version-history":[{"count":0,"href":"https:\/\/bitacora.eniac2000.com\/index.php?rest_route=\/wp\/v2\/posts\/3430\/revisions"}],"wp:attachment":[{"href":"https:\/\/bitacora.eniac2000.com\/index.php?rest_route=%2Fwp%2Fv2%2Fmedia&parent=3430"}],"wp:term":[{"taxonomy":"category","embeddable":true,"href":"https:\/\/bitacora.eniac2000.com\/index.php?rest_route=%2Fwp%2Fv2%2Fcategories&post=3430"},{"taxonomy":"post_tag","embeddable":true,"href":"https:\/\/bitacora.eniac2000.com\/index.php?rest_route=%2Fwp%2Fv2%2Ftags&post=3430"},{"taxonomy":"series","embeddable":true,"href":"https:\/\/bitacora.eniac2000.com\/index.php?rest_route=%2Fwp%2Fv2%2Fseries&post=3430"}],"curies":[{"name":"wp","href":"https:\/\/api.w.org\/{rel}","templated":true}]}}