{"id":3469,"date":"2013-11-11T09:39:03","date_gmt":"2013-11-11T08:39:03","guid":{"rendered":"http:\/\/bitacora.eniac2000.com\/?p=3469"},"modified":"2013-11-11T09:39:03","modified_gmt":"2013-11-11T08:39:03","slug":"bartocalvos-en-fuente-obejuna","status":"publish","type":"post","link":"https:\/\/bitacora.eniac2000.com\/?p=3469","title":{"rendered":"Bartocalvos en Fuente Obejuna"},"content":{"rendered":"<p>Este fin de semana Javi Aljama y yo hemos participado en la Marcha Ciclista Fuente Obejuna 2013.<\/p>\n<figure id=\"attachment_3470\" aria-describedby=\"caption-attachment-3470\" style=\"width: 400px\" class=\"wp-caption aligncenter\"><a href=\"http:\/\/bitacora.eniac2000.com\/wp-content\/uploads\/2013\/11\/javi-fuente-obejuna-2013.jpg\"><img loading=\"lazy\" decoding=\"async\" src=\"http:\/\/bitacora.eniac2000.com\/wp-content\/uploads\/2013\/11\/javi-fuente-obejuna-2013-400x267.jpg\" alt=\"Paso de arroyo en Fuente Obejuna 2013\" title=\"Paso de arroyo en Fuente Obejuna 2013\" width=\"400\" height=\"267\" class=\"size-medium wp-image-3470\" \/><\/a><figcaption id=\"caption-attachment-3470\" class=\"wp-caption-text\">Paso de arroyo en Fuente Obejuna 2013<\/figcaption><\/figure>\n<p>Este a\u00f1o el resultado ha sido sensiblemente mejor: de ser \u00faltimo y pen\u00faltimo en la edici\u00f3n de 2012, hemos escalado a la posici\u00f3n 12\u00aa y 13\u00aa. Del recorrido corto. <img src=\"https:\/\/bitacora.eniac2000.com\/wp-includes\/images\/smilies\/mrgreen.png\" alt=\":mrgreen:\" class=\"wp-smiley\" style=\"height: 1em; max-height: 1em;\" \/><\/p>\n","protected":false},"excerpt":{"rendered":"<p>Este fin de semana Javi Aljama y yo hemos participado<\/p>\n","protected":false},"author":1,"featured_media":0,"comment_status":"open","ping_status":"open","sticky":false,"template":"","format":"standard","meta":{"advanced_seo_description":"","jetpack_seo_html_title":"","jetpack_seo_noindex":false,"_jetpack_memberships_contains_paid_content":false,"footnotes":"","jetpack_publicize_message":"","jetpack_publicize_feature_enabled":true,"jetpack_social_post_already_shared":false,"jetpack_social_options":{"image_generator_settings":{"template":"highway","default_image_id":0,"font":"","enabled":false},"version":2}},"categories":[24,8],"tags":[705,1135],"series":[],"class_list":["post-3469","post","type-post","status-publish","format-standard","hentry","category-ciclismo","category-deporte","tag-fuente-obejuna","tag-mtb"],"jetpack_publicize_connections":[],"jetpack_featured_media_url":"","jetpack_sharing_enabled":true,"_links":{"self":[{"href":"https:\/\/bitacora.eniac2000.com\/index.php?rest_route=\/wp\/v2\/posts\/3469","targetHints":{"allow":["GET"]}}],"collection":[{"href":"https:\/\/bitacora.eniac2000.com\/index.php?rest_route=\/wp\/v2\/posts"}],"about":[{"href":"https:\/\/bitacora.eniac2000.com\/index.php?rest_route=\/wp\/v2\/types\/post"}],"author":[{"embeddable":true,"href":"https:\/\/bitacora.eniac2000.com\/index.php?rest_route=\/wp\/v2\/users\/1"}],"replies":[{"embeddable":true,"href":"https:\/\/bitacora.eniac2000.com\/index.php?rest_route=%2Fwp%2Fv2%2Fcomments&post=3469"}],"version-history":[{"count":0,"href":"https:\/\/bitacora.eniac2000.com\/index.php?rest_route=\/wp\/v2\/posts\/3469\/revisions"}],"wp:attachment":[{"href":"https:\/\/bitacora.eniac2000.com\/index.php?rest_route=%2Fwp%2Fv2%2Fmedia&parent=3469"}],"wp:term":[{"taxonomy":"category","embeddable":true,"href":"https:\/\/bitacora.eniac2000.com\/index.php?rest_route=%2Fwp%2Fv2%2Fcategories&post=3469"},{"taxonomy":"post_tag","embeddable":true,"href":"https:\/\/bitacora.eniac2000.com\/index.php?rest_route=%2Fwp%2Fv2%2Ftags&post=3469"},{"taxonomy":"series","embeddable":true,"href":"https:\/\/bitacora.eniac2000.com\/index.php?rest_route=%2Fwp%2Fv2%2Fseries&post=3469"}],"curies":[{"name":"wp","href":"https:\/\/api.w.org\/{rel}","templated":true}]}}