{"id":3561,"date":"2014-06-22T21:26:47","date_gmt":"2014-06-22T20:26:47","guid":{"rendered":"http:\/\/bitacora.eniac2000.com\/?p=3561"},"modified":"2014-06-22T21:26:47","modified_gmt":"2014-06-22T20:26:47","slug":"el-cordoba-de-nuevo-en-primera","status":"publish","type":"post","link":"https:\/\/bitacora.eniac2000.com\/?p=3561","title":{"rendered":"El C\u00f3rdoba, de nuevo en Primera"},"content":{"rendered":"<p>El C\u00f3rdoba C.F. ha vuelto a ascender a 1\u00aa Divisi\u00f3n, 42 a\u00f1os despu\u00e9s. Ha sido un partido tenso, en el que el C\u00f3rdoba ha estado eliminado hasta el minuto 93. Y es que el ascenso ha llegado en la \u00faltima jugada del partido, tras una invasi\u00f3n de campo por parte de los aficionados de Las Palmas, un minuto y medio antes del fin del partido.<\/p>\n<p><iframe loading=\"lazy\" src=\"http:\/\/www.canalplus.es\/play\/embed-cp.html?xref=20140622plucanftb_2.Ves\" width=\"100%\" height=\"100%\" frameborder=\"0\" allowfullscreen=\"1\"><\/iframe><\/p>\n<p>No quiero ser malvado, pero a veces hay justicia en este mundo.<\/p>\n<p>Para celebrarlo esta vez no contaba con una Paulaner, pero s\u00ed que ten\u00eda esto:<\/p>\n<figure id=\"attachment_3562\" aria-describedby=\"caption-attachment-3562\" style=\"width: 300px\" class=\"wp-caption aligncenter\"><a href=\"http:\/\/bitacora.eniac2000.com\/wp-content\/uploads\/2014\/06\/IMG-20140622-WA0004.jpg\"><img loading=\"lazy\" decoding=\"async\" src=\"http:\/\/bitacora.eniac2000.com\/wp-content\/uploads\/2014\/06\/IMG-20140622-WA0004-300x400.jpg\" alt=\"Estrella Galicia para celebrar el ascenso del C\u00f3rdoba\" title=\"Estrella Galicia para celebrar el ascenso del C\u00f3rdoba\" width=\"300\" height=\"400\" class=\"size-medium wp-image-3562\" \/><\/a><figcaption id=\"caption-attachment-3562\" class=\"wp-caption-text\">Estrella Galicia para celebrar el ascenso del C\u00f3rdoba<\/figcaption><\/figure>\n<p>Y ya he recibido algunas im\u00e1genes de la celebraci\u00f3n en Las Tendillas:<\/p>\n\n<p>42 a\u00f1os ha tenido que esperar. Y curiosamente, ha ascendido el 22\/06\/14, fecha cuyos n\u00fameros, sumados, hacen 42. Y es que ya lo dec\u00edan en la Gu\u00eda del Autoestopista Gal\u00e1ctico: <a href=\"http:\/\/bitacora.eniac2000.com\/?p=1956\">42 es la respuesta<\/a> al sentido de la vida, el Universo, y todo lo dem\u00e1s. Al menos, para el C\u00f3rdoba. <img src=\"https:\/\/bitacora.eniac2000.com\/wp-includes\/images\/smilies\/mrgreen.png\" alt=\":mrgreen:\" class=\"wp-smiley\" style=\"height: 1em; max-height: 1em;\" \/><\/p>\n<p>Tambi\u00e9n hay que admitir que ha sido sorprendente: el C\u00f3rdoba se clasific\u00f3 7\u00ba en la liga regular, y entr\u00f3 en la fase final gracias a que el F.C. Barcelona B, que hab\u00eda quedado 3\u00ba, no pod\u00eda jugar la fase de ascenso. Debe de haber sido la vez en la que el ha ascendido un equipo clasificado en una posici\u00f3n tan baja&#8230; Y es similar a cuando ascendi\u00f3 a 2\u00aa frente al Cartagonova: clasific\u00f3 4\u00ba en Segunda B, y ascendi\u00f3 en el campo del rival. Y es que este C\u00f3rdoba es de hacer las cosas grandes fuera de casa&#8230;<\/p>\n","protected":false},"excerpt":{"rendered":"<p>El C\u00f3rdoba C.F. ha vuelto a ascender a 1\u00aa Divisi\u00f3n,<\/p>\n","protected":false},"author":1,"featured_media":0,"comment_status":"open","ping_status":"open","sticky":false,"template":"","format":"standard","meta":{"advanced_seo_description":"","jetpack_seo_html_title":"","jetpack_seo_noindex":false,"_jetpack_memberships_contains_paid_content":false,"footnotes":"","jetpack_publicize_message":"","jetpack_publicize_feature_enabled":true,"jetpack_social_post_already_shared":false,"jetpack_social_options":{"image_generator_settings":{"template":"highway","default_image_id":0,"font":"","enabled":false},"version":2}},"categories":[8],"tags":[393,648,1305],"series":[],"class_list":["post-3561","post","type-post","status-publish","format-standard","hentry","category-deporte","tag-cordoba-c-f","tag-futbol","tag-primera-division"],"jetpack_publicize_connections":[],"jetpack_featured_media_url":"","jetpack_sharing_enabled":true,"_links":{"self":[{"href":"https:\/\/bitacora.eniac2000.com\/index.php?rest_route=\/wp\/v2\/posts\/3561","targetHints":{"allow":["GET"]}}],"collection":[{"href":"https:\/\/bitacora.eniac2000.com\/index.php?rest_route=\/wp\/v2\/posts"}],"about":[{"href":"https:\/\/bitacora.eniac2000.com\/index.php?rest_route=\/wp\/v2\/types\/post"}],"author":[{"embeddable":true,"href":"https:\/\/bitacora.eniac2000.com\/index.php?rest_route=\/wp\/v2\/users\/1"}],"replies":[{"embeddable":true,"href":"https:\/\/bitacora.eniac2000.com\/index.php?rest_route=%2Fwp%2Fv2%2Fcomments&post=3561"}],"version-history":[{"count":0,"href":"https:\/\/bitacora.eniac2000.com\/index.php?rest_route=\/wp\/v2\/posts\/3561\/revisions"}],"wp:attachment":[{"href":"https:\/\/bitacora.eniac2000.com\/index.php?rest_route=%2Fwp%2Fv2%2Fmedia&parent=3561"}],"wp:term":[{"taxonomy":"category","embeddable":true,"href":"https:\/\/bitacora.eniac2000.com\/index.php?rest_route=%2Fwp%2Fv2%2Fcategories&post=3561"},{"taxonomy":"post_tag","embeddable":true,"href":"https:\/\/bitacora.eniac2000.com\/index.php?rest_route=%2Fwp%2Fv2%2Ftags&post=3561"},{"taxonomy":"series","embeddable":true,"href":"https:\/\/bitacora.eniac2000.com\/index.php?rest_route=%2Fwp%2Fv2%2Fseries&post=3561"}],"curies":[{"name":"wp","href":"https:\/\/api.w.org\/{rel}","templated":true}]}}