{"id":3579,"date":"2014-08-18T19:58:35","date_gmt":"2014-08-18T18:58:35","guid":{"rendered":"http:\/\/bitacora.eniac2000.com\/?p=3579"},"modified":"2014-08-18T19:58:35","modified_gmt":"2014-08-18T18:58:35","slug":"lisboa","status":"publish","type":"post","link":"https:\/\/bitacora.eniac2000.com\/?p=3579","title":{"rendered":"Lisboa"},"content":{"rendered":"<p>Hace unos d\u00edas estuvimos en Lisboa de vacaciones. Un viaje muy agradable e interesante, del que <a href=\"http:\/\/bitacora.eniac2000.com\/?p=3575\" title=\"Canci\u00f3n del d\u00eda (XXXI)\">ya adelant\u00e9 algo en mi anterior entrada<\/a>. Hoy traigo una bonita panor\u00e1mica:<\/p>\n<figure id=\"attachment_3580\" aria-describedby=\"caption-attachment-3580\" style=\"width: 400px\" class=\"wp-caption aligncenter\"><a href=\"http:\/\/bitacora.eniac2000.com\/wp-content\/uploads\/2014\/08\/pano-lisboa-peq.jpg\"><img loading=\"lazy\" decoding=\"async\" src=\"http:\/\/bitacora.eniac2000.com\/wp-content\/uploads\/2014\/08\/pano-lisboa-peq-400x74.jpg\" alt=\"Panor\u00e1mica de Lisboa desde el Castillo de San Jorge\" title=\"Panor\u00e1mica de Lisboa desde el Castillo de San Jorge\" width=\"400\" height=\"74\" class=\"size-medium wp-image-3580\" \/><\/a><figcaption id=\"caption-attachment-3580\" class=\"wp-caption-text\">Panor\u00e1mica de Lisboa desde el Castillo de San Jorge<\/figcaption><\/figure>\n<p>La panor\u00e1mica est\u00e1 tomada desde el Castillo de San Jorge, excelente fortaleza emplazada en lo m\u00e1s alto de la ciudad.<\/p>\n","protected":false},"excerpt":{"rendered":"<p>Hace unos d\u00edas estuvimos en Lisboa de vacaciones. Un viaje<\/p>\n","protected":false},"author":1,"featured_media":0,"comment_status":"open","ping_status":"open","sticky":false,"template":"","format":"standard","meta":{"advanced_seo_description":"","jetpack_seo_html_title":"","jetpack_seo_noindex":false,"_jetpack_memberships_contains_paid_content":false,"footnotes":"","jetpack_publicize_message":"","jetpack_publicize_feature_enabled":true,"jetpack_social_post_already_shared":false,"jetpack_social_options":{"image_generator_settings":{"template":"highway","default_image_id":0,"font":"","enabled":false},"version":2}},"categories":[20],"tags":[357,987,1229],"series":[],"class_list":["post-3579","post","type-post","status-publish","format-standard","hentry","category-vida-corriente","tag-castillo-de-san-jorge","tag-lisboa","tag-panoramica"],"jetpack_publicize_connections":[],"jetpack_featured_media_url":"","jetpack_sharing_enabled":true,"_links":{"self":[{"href":"https:\/\/bitacora.eniac2000.com\/index.php?rest_route=\/wp\/v2\/posts\/3579","targetHints":{"allow":["GET"]}}],"collection":[{"href":"https:\/\/bitacora.eniac2000.com\/index.php?rest_route=\/wp\/v2\/posts"}],"about":[{"href":"https:\/\/bitacora.eniac2000.com\/index.php?rest_route=\/wp\/v2\/types\/post"}],"author":[{"embeddable":true,"href":"https:\/\/bitacora.eniac2000.com\/index.php?rest_route=\/wp\/v2\/users\/1"}],"replies":[{"embeddable":true,"href":"https:\/\/bitacora.eniac2000.com\/index.php?rest_route=%2Fwp%2Fv2%2Fcomments&post=3579"}],"version-history":[{"count":0,"href":"https:\/\/bitacora.eniac2000.com\/index.php?rest_route=\/wp\/v2\/posts\/3579\/revisions"}],"wp:attachment":[{"href":"https:\/\/bitacora.eniac2000.com\/index.php?rest_route=%2Fwp%2Fv2%2Fmedia&parent=3579"}],"wp:term":[{"taxonomy":"category","embeddable":true,"href":"https:\/\/bitacora.eniac2000.com\/index.php?rest_route=%2Fwp%2Fv2%2Fcategories&post=3579"},{"taxonomy":"post_tag","embeddable":true,"href":"https:\/\/bitacora.eniac2000.com\/index.php?rest_route=%2Fwp%2Fv2%2Ftags&post=3579"},{"taxonomy":"series","embeddable":true,"href":"https:\/\/bitacora.eniac2000.com\/index.php?rest_route=%2Fwp%2Fv2%2Fseries&post=3579"}],"curies":[{"name":"wp","href":"https:\/\/api.w.org\/{rel}","templated":true}]}}