{"id":363,"date":"2006-05-06T19:04:35","date_gmt":"2006-05-06T17:04:35","guid":{"rendered":"http:\/\/bitacora.eniac2000.com\/?p=363"},"modified":"2006-05-06T19:04:35","modified_gmt":"2006-05-06T17:04:35","slug":"xviii-exposicion-de-primavera-de-bonsai","status":"publish","type":"post","link":"https:\/\/bitacora.eniac2000.com\/?p=363","title":{"rendered":"XVIII Exposici\u00f3n de Primavera de Bons\u00e1i"},"content":{"rendered":"<p><img decoding=\"async\" src=\"http:\/\/www.bonsai-italia.com\/img\/bonsai02.jpg\" alt=\"Bonsai\" \/><\/p>\n<p>Y yo me estaba preguntando: \u00bfqu\u00e9 habr\u00e1 en <a href=\"http:\/\/www.ayuncordoba.es\/portal\/web\/ver_textoconimagen.jsp?id=2669\">C\u00f3rdoba en mayo<\/a> entre el fin de semana de los <a href=\"http:\/\/www.patiosdecordoba.net\/index.html\">Patios<\/a> y su <a href=\"http:\/\/www.ayuncordoba.es\/portal\/web1\/pdf\/otros\/planopatios2006.pdf\">concurso<\/a>,  y el primero de la <a href=\"http:\/\/www.cordobapedia.org\/wiki\/Feria_de_Nuestra_Se%C3%B1ora_de_la_Salud\">Feria<\/a>? Bueno, ya tengo una respuesta. El pr\u00f3ximo fin de semana se celebrar\u00e1 en el Patio Barroco de la Diputaci\u00f3n la <a href=\"http:\/\/www.dipucordoba.es\/informacion\/noticias\/noticia.php?id=12282\">XVIII Exposici\u00f3n de Primavera de Bons\u00e1i<\/a>.<\/p>\n<p>No creo que pueda asistir, ya que calculo que tendr\u00e9 que estar en Sevilla por temas universitarios, pero es algo que no me gustar\u00eda perderme. Qu\u00e9 se le va a hacer&#8230;<\/p>\n","protected":false},"excerpt":{"rendered":"<p>Y yo me estaba preguntando: \u00bfqu\u00e9 habr\u00e1 en C\u00f3rdoba en<\/p>\n","protected":false},"author":1,"featured_media":0,"comment_status":"open","ping_status":"open","sticky":false,"template":"","format":"standard","meta":{"advanced_seo_description":"","jetpack_seo_html_title":"","jetpack_seo_noindex":false,"_jetpack_memberships_contains_paid_content":false,"footnotes":"","jetpack_publicize_message":"","jetpack_publicize_feature_enabled":true,"jetpack_social_post_already_shared":false,"jetpack_social_options":{"image_generator_settings":{"template":"highway","default_image_id":0,"font":"","enabled":false},"version":2}},"categories":[20],"tags":[],"series":[],"class_list":["post-363","post","type-post","status-publish","format-standard","hentry","category-vida-corriente"],"jetpack_publicize_connections":[],"jetpack_featured_media_url":"","jetpack_sharing_enabled":true,"_links":{"self":[{"href":"https:\/\/bitacora.eniac2000.com\/index.php?rest_route=\/wp\/v2\/posts\/363","targetHints":{"allow":["GET"]}}],"collection":[{"href":"https:\/\/bitacora.eniac2000.com\/index.php?rest_route=\/wp\/v2\/posts"}],"about":[{"href":"https:\/\/bitacora.eniac2000.com\/index.php?rest_route=\/wp\/v2\/types\/post"}],"author":[{"embeddable":true,"href":"https:\/\/bitacora.eniac2000.com\/index.php?rest_route=\/wp\/v2\/users\/1"}],"replies":[{"embeddable":true,"href":"https:\/\/bitacora.eniac2000.com\/index.php?rest_route=%2Fwp%2Fv2%2Fcomments&post=363"}],"version-history":[{"count":0,"href":"https:\/\/bitacora.eniac2000.com\/index.php?rest_route=\/wp\/v2\/posts\/363\/revisions"}],"wp:attachment":[{"href":"https:\/\/bitacora.eniac2000.com\/index.php?rest_route=%2Fwp%2Fv2%2Fmedia&parent=363"}],"wp:term":[{"taxonomy":"category","embeddable":true,"href":"https:\/\/bitacora.eniac2000.com\/index.php?rest_route=%2Fwp%2Fv2%2Fcategories&post=363"},{"taxonomy":"post_tag","embeddable":true,"href":"https:\/\/bitacora.eniac2000.com\/index.php?rest_route=%2Fwp%2Fv2%2Ftags&post=363"},{"taxonomy":"series","embeddable":true,"href":"https:\/\/bitacora.eniac2000.com\/index.php?rest_route=%2Fwp%2Fv2%2Fseries&post=363"}],"curies":[{"name":"wp","href":"https:\/\/api.w.org\/{rel}","templated":true}]}}