{"id":3657,"date":"2015-04-12T20:10:20","date_gmt":"2015-04-12T19:10:20","guid":{"rendered":"http:\/\/bitacora.eniac2000.com\/?p=3657"},"modified":"2015-04-12T20:10:20","modified_gmt":"2015-04-12T19:10:20","slug":"via-de-la-plata-marzo-abril-de-2015","status":"publish","type":"post","link":"https:\/\/bitacora.eniac2000.com\/?p=3657","title":{"rendered":"V\u00eda de la Plata, marzo-abril de 2015"},"content":{"rendered":"<p>Esta Semana Santa he estado rodando con mi padre entre M\u00e9rida y Zamora. Hemos hecho la V\u00eda de la Plata, siguiendo -en l\u00edneas generales- el trazado de la antigua v\u00eda romana:<\/p>\n<figure style=\"width: 600px\" class=\"wp-caption alignnone\"><a href=\"http:\/\/bitacora.eniac2000.com\/wp-content\/uploads\/2015\/04\/wpid-wp-14288641356001.jpeg\"><img decoding=\"async\" title=\"wp-1428864135600\" class=\"alignnone size-full\"  alt=\"image\" src=\"http:\/\/bitacora.eniac2000.com\/wp-content\/uploads\/2015\/04\/wpid-wp-14288641356001.jpeg\" \/><\/a><figcaption class=\"wp-caption-text\">V\u00eda romana, con la Sierra de B\u00e9jar al fondo<\/figcaption><\/figure>\n<p>Unos d\u00edas espectaculares, que espero poder contar pr\u00f3ximamente.<\/p>\n","protected":false},"excerpt":{"rendered":"<p>Esta Semana Santa he estado rodando con mi padre entre<\/p>\n","protected":false},"author":1,"featured_media":0,"comment_status":"open","ping_status":"open","sticky":false,"template":"","format":"standard","meta":{"advanced_seo_description":"","jetpack_seo_html_title":"","jetpack_seo_noindex":false,"_jetpack_memberships_contains_paid_content":false,"footnotes":"","jetpack_publicize_message":"","jetpack_publicize_feature_enabled":true,"jetpack_social_post_already_shared":false,"jetpack_social_options":{"image_generator_settings":{"template":"highway","default_image_id":0,"font":"","enabled":false},"version":2}},"categories":[2,24,8,19],"tags":[210,285,1135],"series":[],"class_list":["post-3657","post","type-post","status-publish","format-standard","hentry","category-camino-de-santiago","category-ciclismo","category-deporte","category-via-de-la-plata","tag-bejar","tag-calzada-romana","tag-mtb","post_format-post-format-standard"],"jetpack_publicize_connections":[],"jetpack_featured_media_url":"","jetpack_sharing_enabled":true,"_links":{"self":[{"href":"https:\/\/bitacora.eniac2000.com\/index.php?rest_route=\/wp\/v2\/posts\/3657","targetHints":{"allow":["GET"]}}],"collection":[{"href":"https:\/\/bitacora.eniac2000.com\/index.php?rest_route=\/wp\/v2\/posts"}],"about":[{"href":"https:\/\/bitacora.eniac2000.com\/index.php?rest_route=\/wp\/v2\/types\/post"}],"author":[{"embeddable":true,"href":"https:\/\/bitacora.eniac2000.com\/index.php?rest_route=\/wp\/v2\/users\/1"}],"replies":[{"embeddable":true,"href":"https:\/\/bitacora.eniac2000.com\/index.php?rest_route=%2Fwp%2Fv2%2Fcomments&post=3657"}],"version-history":[{"count":0,"href":"https:\/\/bitacora.eniac2000.com\/index.php?rest_route=\/wp\/v2\/posts\/3657\/revisions"}],"wp:attachment":[{"href":"https:\/\/bitacora.eniac2000.com\/index.php?rest_route=%2Fwp%2Fv2%2Fmedia&parent=3657"}],"wp:term":[{"taxonomy":"category","embeddable":true,"href":"https:\/\/bitacora.eniac2000.com\/index.php?rest_route=%2Fwp%2Fv2%2Fcategories&post=3657"},{"taxonomy":"post_tag","embeddable":true,"href":"https:\/\/bitacora.eniac2000.com\/index.php?rest_route=%2Fwp%2Fv2%2Ftags&post=3657"},{"taxonomy":"series","embeddable":true,"href":"https:\/\/bitacora.eniac2000.com\/index.php?rest_route=%2Fwp%2Fv2%2Fseries&post=3657"}],"curies":[{"name":"wp","href":"https:\/\/api.w.org\/{rel}","templated":true}]}}