{"id":3670,"date":"2015-06-06T23:06:54","date_gmt":"2015-06-06T22:06:54","guid":{"rendered":"http:\/\/bitacora.eniac2000.com\/?p=3670"},"modified":"2015-06-06T23:06:54","modified_gmt":"2015-06-06T22:06:54","slug":"punta-europa-gibraltar","status":"publish","type":"post","link":"https:\/\/bitacora.eniac2000.com\/?p=3670","title":{"rendered":"Punta Europa, Gibraltar"},"content":{"rendered":"<figure id=\"attachment_3671\" aria-describedby=\"caption-attachment-3671\" style=\"width: 400px\" class=\"wp-caption aligncenter\"><a href=\"http:\/\/bitacora.eniac2000.com\/wp-content\/uploads\/2015\/06\/IMAG0506.jpg\"><img loading=\"lazy\" decoding=\"async\" src=\"http:\/\/bitacora.eniac2000.com\/wp-content\/uploads\/2015\/06\/IMAG0506-400x236.jpg\" alt=\"Punta Europa, con el Pe\u00f1\u00f3n al fondo\" title=\"Punta Europa, con el Pe\u00f1\u00f3n al fondo\" width=\"400\" height=\"236\" class=\"size-medium wp-image-3671\" \/><\/a><figcaption id=\"caption-attachment-3671\" class=\"wp-caption-text\">Punta Europa, con el Pe\u00f1\u00f3n al fondo<\/figcaption><\/figure>\n<p>Y tras la Torre de la Sal, fuimos hasta Punta Europa, en Gibraltar. Aunque eso no fue m\u00e1s que el preludio a la verdadera acci\u00f3n: la subida del Pe\u00f1\u00f3n. Pero eso ya quedar\u00e1 para otro d\u00eda.<\/p>\n","protected":false},"excerpt":{"rendered":"<p>Y tras la Torre de la Sal, fuimos hasta Punta<\/p>\n","protected":false},"author":1,"featured_media":0,"comment_status":"open","ping_status":"open","sticky":false,"template":"","format":"standard","meta":{"advanced_seo_description":"","jetpack_seo_html_title":"","jetpack_seo_noindex":false,"_jetpack_memberships_contains_paid_content":false,"footnotes":"","jetpack_publicize_message":"","jetpack_publicize_feature_enabled":true,"jetpack_social_post_already_shared":false,"jetpack_social_options":{"image_generator_settings":{"template":"highway","default_image_id":0,"font":"","enabled":false},"version":2}},"categories":[24,8],"tags":[730,1048,1357],"series":[],"class_list":["post-3670","post","type-post","status-publish","format-standard","hentry","category-ciclismo","category-deporte","tag-gibraltar","tag-mbt","tag-punta-europa"],"jetpack_publicize_connections":[],"jetpack_featured_media_url":"","jetpack_sharing_enabled":true,"_links":{"self":[{"href":"https:\/\/bitacora.eniac2000.com\/index.php?rest_route=\/wp\/v2\/posts\/3670","targetHints":{"allow":["GET"]}}],"collection":[{"href":"https:\/\/bitacora.eniac2000.com\/index.php?rest_route=\/wp\/v2\/posts"}],"about":[{"href":"https:\/\/bitacora.eniac2000.com\/index.php?rest_route=\/wp\/v2\/types\/post"}],"author":[{"embeddable":true,"href":"https:\/\/bitacora.eniac2000.com\/index.php?rest_route=\/wp\/v2\/users\/1"}],"replies":[{"embeddable":true,"href":"https:\/\/bitacora.eniac2000.com\/index.php?rest_route=%2Fwp%2Fv2%2Fcomments&post=3670"}],"version-history":[{"count":0,"href":"https:\/\/bitacora.eniac2000.com\/index.php?rest_route=\/wp\/v2\/posts\/3670\/revisions"}],"wp:attachment":[{"href":"https:\/\/bitacora.eniac2000.com\/index.php?rest_route=%2Fwp%2Fv2%2Fmedia&parent=3670"}],"wp:term":[{"taxonomy":"category","embeddable":true,"href":"https:\/\/bitacora.eniac2000.com\/index.php?rest_route=%2Fwp%2Fv2%2Fcategories&post=3670"},{"taxonomy":"post_tag","embeddable":true,"href":"https:\/\/bitacora.eniac2000.com\/index.php?rest_route=%2Fwp%2Fv2%2Ftags&post=3670"},{"taxonomy":"series","embeddable":true,"href":"https:\/\/bitacora.eniac2000.com\/index.php?rest_route=%2Fwp%2Fv2%2Fseries&post=3670"}],"curies":[{"name":"wp","href":"https:\/\/api.w.org\/{rel}","templated":true}]}}