{"id":3772,"date":"2016-01-09T18:11:26","date_gmt":"2016-01-09T17:11:26","guid":{"rendered":"http:\/\/bitacora.eniac2000.com\/?p=3772"},"modified":"2025-10-11T04:59:59","modified_gmt":"2025-10-11T02:59:59","slug":"camino-mozarabe-prologo-22iii2013","status":"publish","type":"post","link":"https:\/\/bitacora.eniac2000.com\/?p=3772","title":{"rendered":"Camino Moz\u00e1rabe: Pr\u00f3logo (22\/III\/2013)"},"content":{"rendered":"<div class=\"seriesmeta\">Esta entrada es la parte 1 de 5 de la serie <a href=\"https:\/\/bitacora.eniac2000.com\/?series=camino-de-santiago-2013\" class=\"series-1833\" title=\"Camino de Santiago 2013\">Camino de Santiago 2013<\/a><\/div><p>En la Semana Santa de 2013 mi padre y yo realizamos una de las que era mis m\u00e1ximas aspiraciones desde hac\u00eda muchos a\u00f1os: recorrer el viejo trazado del Camino Moz\u00e1rabe entre C\u00f3rdoba y M\u00e9rida. Este trazado, que sigue en lo fundamental gran parte de la vieja v\u00eda romana (primero) entre Corduba y Em\u00e9rita Augusta y (posteriormente) del camino \u00e1rabe entre C\u00f3rdoba y Badajoz, era para m\u00ed un viejo sue\u00f1o de ciclismo, paisajes, aventura y cultura.<\/p>\n<p>As\u00ed pues, tras una serie de dimes y diretes, conseguimos fijar la fecha de la realizaci\u00f3n de este tramo del Camino para la Semana Santa de 2013. En concreto, empezar\u00edamos a rodar el s\u00e1bado 23 de marzo, primer d\u00eda de mis vacaciones de Semana Santa. Pero el d\u00eda previo, el 22, no pudimos menos que cumplir con la tradici\u00f3n de visitar la Iglesia de Santiago de C\u00f3rdoba, donde recibimos la preceptiva bendici\u00f3n sacerdotal, y tuvimos la ocasi\u00f3n de visitar las tallas que -en d\u00edas posteriores- habr\u00edan de salir en procesi\u00f3n desde dicha parroquia&#8230;<\/p>\n<figure class=\"wp-block-piwigo-gallery-single-image piwigo-single-image\"><a href=\"https:\/\/www.eniac2000.com\/piwigo\/picture.php?\/5655\" target=\"_blank\" rel=\"noopener noreferrer\"><img decoding=\"async\" src=\"https:\/\/www.eniac2000.com\/piwigo\/_data\/i\/galleries\/albums\/2013-03-camino-mozarabe\/prologo\/IMAG0520-me.jpg\" alt=\"IMAG0520\" \/><\/a><figcaption><strong>IMAG0520<\/strong><\/figcaption><\/figure>\n<figure class=\"wp-block-piwigo-gallery-single-image piwigo-single-image\"><a href=\"https:\/\/www.eniac2000.com\/piwigo\/picture.php?\/5656\" target=\"_blank\" rel=\"noopener noreferrer\"><img decoding=\"async\" src=\"https:\/\/www.eniac2000.com\/piwigo\/_data\/i\/galleries\/albums\/2013-03-camino-mozarabe\/prologo\/IMAG0521-me.jpg\" alt=\"IMAG0521\" \/><\/a><figcaption><strong>IMAG0521<\/strong><\/figcaption><\/figure>\n<p>&#8230;siempre que el tiempo no lo impidiera. Y es que el tiempo, en esa reci\u00e9n estrenada primavera de 2013, estaba un tanto agitado. Chubascos y un tiempo agitado marcaban su ley, y promet\u00edan ponernos las cosas dif\u00edciles. A\u00fan no sab\u00edamos cu\u00e1nto.<\/p>\n<figure class=\"wp-block-piwigo-gallery-single-image piwigo-single-image\"><a href=\"https:\/\/www.eniac2000.com\/piwigo\/picture.php?\/5660\" target=\"_blank\" rel=\"noopener noreferrer\"><img decoding=\"async\" src=\"https:\/\/www.eniac2000.com\/piwigo\/_data\/i\/galleries\/albums\/2013-03-camino-mozarabe\/prologo\/IMAG0525-me.jpg\" alt=\"IMAG0525\" \/><\/a><figcaption><strong>IMAG0525<\/strong><\/figcaption><\/figure>\n<p>En cualquier caso, el viernes dejamos nuestras bicicletas preparadas, con las alforjas llenas y la mec\u00e1nica bien ajustada. O al menos -en mi caso- eso pensaba yo: estrenaba corona Shimano XT de 9 pi\u00f1ones, recibida ese mismo d\u00eda por correo, y cadena acorde. Hubiera sido mi intenci\u00f3n haber podido rodar un poco con ambos recambios antes de empezar el Camino, pero no hab\u00eda sido posible. S\u00f3lo quedaba esperar no tener ning\u00fan tipo de problema. Optimista&#8230;<\/p>\n","protected":false},"excerpt":{"rendered":"<div class=\"seriesmeta\">Esta entrada es la parte 1 de 5 de la serie <a href=\"https:\/\/bitacora.eniac2000.com\/?series=camino-de-santiago-2013\" class=\"series-1833\" title=\"Camino de Santiago 2013\">Camino de Santiago 2013<\/a><\/div><p>En la Semana Santa de 2013 mi padre y yo<\/p>\n","protected":false},"author":1,"featured_media":0,"comment_status":"open","ping_status":"open","sticky":false,"template":"","format":"standard","meta":{"advanced_seo_description":"","jetpack_seo_html_title":"","jetpack_seo_noindex":false,"_jetpack_memberships_contains_paid_content":false,"footnotes":"","jetpack_publicize_message":"","jetpack_publicize_feature_enabled":true,"jetpack_social_post_already_shared":false,"jetpack_social_options":{"image_generator_settings":{"template":"highway","default_image_id":0,"font":"","enabled":false},"version":2}},"categories":[2,5],"tags":[1135],"series":[1833],"class_list":["post-3772","post","type-post","status-publish","format-standard","hentry","category-camino-de-santiago","category-camino-mozarabe","tag-mtb","series-camino-de-santiago-2013"],"jetpack_publicize_connections":[],"jetpack_featured_media_url":"","jetpack_sharing_enabled":true,"_links":{"self":[{"href":"https:\/\/bitacora.eniac2000.com\/index.php?rest_route=\/wp\/v2\/posts\/3772","targetHints":{"allow":["GET"]}}],"collection":[{"href":"https:\/\/bitacora.eniac2000.com\/index.php?rest_route=\/wp\/v2\/posts"}],"about":[{"href":"https:\/\/bitacora.eniac2000.com\/index.php?rest_route=\/wp\/v2\/types\/post"}],"author":[{"embeddable":true,"href":"https:\/\/bitacora.eniac2000.com\/index.php?rest_route=\/wp\/v2\/users\/1"}],"replies":[{"embeddable":true,"href":"https:\/\/bitacora.eniac2000.com\/index.php?rest_route=%2Fwp%2Fv2%2Fcomments&post=3772"}],"version-history":[{"count":1,"href":"https:\/\/bitacora.eniac2000.com\/index.php?rest_route=\/wp\/v2\/posts\/3772\/revisions"}],"predecessor-version":[{"id":11005,"href":"https:\/\/bitacora.eniac2000.com\/index.php?rest_route=\/wp\/v2\/posts\/3772\/revisions\/11005"}],"wp:attachment":[{"href":"https:\/\/bitacora.eniac2000.com\/index.php?rest_route=%2Fwp%2Fv2%2Fmedia&parent=3772"}],"wp:term":[{"taxonomy":"category","embeddable":true,"href":"https:\/\/bitacora.eniac2000.com\/index.php?rest_route=%2Fwp%2Fv2%2Fcategories&post=3772"},{"taxonomy":"post_tag","embeddable":true,"href":"https:\/\/bitacora.eniac2000.com\/index.php?rest_route=%2Fwp%2Fv2%2Ftags&post=3772"},{"taxonomy":"series","embeddable":true,"href":"https:\/\/bitacora.eniac2000.com\/index.php?rest_route=%2Fwp%2Fv2%2Fseries&post=3772"}],"curies":[{"name":"wp","href":"https:\/\/api.w.org\/{rel}","templated":true}]}}