{"id":3862,"date":"2016-02-01T22:53:45","date_gmt":"2016-02-01T21:53:45","guid":{"rendered":"http:\/\/bitacora.eniac2000.com\/?p=3862"},"modified":"2016-02-01T22:53:45","modified_gmt":"2016-02-01T21:53:45","slug":"arde-un-edificio-historico-en-la-plaza-de-la-herreria-pontevedra","status":"publish","type":"post","link":"https:\/\/bitacora.eniac2000.com\/?p=3862","title":{"rendered":"Arde un edificio hist\u00f3rico en la Plaza de la Herrer\u00eda, Pontevedra"},"content":{"rendered":"<p>Esta tarde se ha desatado un incendio en pleno casco hist\u00f3rico de Pontevedra: en la Plaza de la Herrer\u00eda.<\/p>\n<figure id=\"attachment_3859\" aria-describedby=\"caption-attachment-3859\" style=\"width: 400px\" class=\"wp-caption aligncenter\"><a href=\"http:\/\/bitacora.eniac2000.com\/wp-content\/uploads\/2016\/02\/wpid-wp-1454363324011.jpeg\"><img loading=\"lazy\" decoding=\"async\" src=\"http:\/\/bitacora.eniac2000.com\/wp-content\/uploads\/2016\/02\/wpid-wp-1454363324011-400x233.jpeg\" alt=\"Incendio en La Herrer\u00eda\" title=\"Incendio en La Herrer\u00eda\" width=\"400\" height=\"233\" class=\"size-medium wp-image-3859\" \/><\/a><figcaption id=\"caption-attachment-3859\" class=\"wp-caption-text\">Incendio en La Herrer\u00eda<\/figcaption><\/figure>\n<p>El incendio parece haberse iniciado en un comercio en los bajos del edificio, y se ha propagado r\u00e1pidamente por la estructura de \u00e9ste. Los edificios de la zona son de piedra y madera, \u00e9sta \u00faltima f\u00e1cil pasto de las llamas.<\/p>\n<p><a href='http:\/\/bitacora.eniac2000.com\/wp-content\/uploads\/2016\/02\/wpid-wp-1454363362842.mp4'>Incendio en La Herrer\u00eda<\/a><\/p>\n<p>Por el momento se desconocen las causas del incendio, pero seg\u00fan apuntan diversas fuentes, <a href=\"http:\/\/politica.elpais.com\/politica\/2016\/02\/01\/actualidad\/1454360471_381902.html\" target=\"_blank\">podr\u00eda ser un cortocircuit<\/a>o.<\/p>\n","protected":false},"excerpt":{"rendered":"<p>Esta tarde se ha desatado un incendio en pleno casco<\/p>\n","protected":false},"author":1,"featured_media":0,"comment_status":"open","ping_status":"open","sticky":false,"template":"","format":"standard","meta":{"advanced_seo_description":"","jetpack_seo_html_title":"","jetpack_seo_noindex":false,"_jetpack_memberships_contains_paid_content":false,"footnotes":"","jetpack_publicize_message":"","jetpack_publicize_feature_enabled":true,"jetpack_social_post_already_shared":false,"jetpack_social_options":{"image_generator_settings":{"template":"highway","default_image_id":0,"font":"","enabled":false},"version":2}},"categories":[20],"tags":[841,935,1295],"series":[],"class_list":["post-3862","post","type-post","status-publish","format-standard","hentry","category-vida-corriente","tag-incendio","tag-la-herreria","tag-pontevedra"],"jetpack_publicize_connections":[],"jetpack_featured_media_url":"","jetpack_sharing_enabled":true,"_links":{"self":[{"href":"https:\/\/bitacora.eniac2000.com\/index.php?rest_route=\/wp\/v2\/posts\/3862","targetHints":{"allow":["GET"]}}],"collection":[{"href":"https:\/\/bitacora.eniac2000.com\/index.php?rest_route=\/wp\/v2\/posts"}],"about":[{"href":"https:\/\/bitacora.eniac2000.com\/index.php?rest_route=\/wp\/v2\/types\/post"}],"author":[{"embeddable":true,"href":"https:\/\/bitacora.eniac2000.com\/index.php?rest_route=\/wp\/v2\/users\/1"}],"replies":[{"embeddable":true,"href":"https:\/\/bitacora.eniac2000.com\/index.php?rest_route=%2Fwp%2Fv2%2Fcomments&post=3862"}],"version-history":[{"count":0,"href":"https:\/\/bitacora.eniac2000.com\/index.php?rest_route=\/wp\/v2\/posts\/3862\/revisions"}],"wp:attachment":[{"href":"https:\/\/bitacora.eniac2000.com\/index.php?rest_route=%2Fwp%2Fv2%2Fmedia&parent=3862"}],"wp:term":[{"taxonomy":"category","embeddable":true,"href":"https:\/\/bitacora.eniac2000.com\/index.php?rest_route=%2Fwp%2Fv2%2Fcategories&post=3862"},{"taxonomy":"post_tag","embeddable":true,"href":"https:\/\/bitacora.eniac2000.com\/index.php?rest_route=%2Fwp%2Fv2%2Ftags&post=3862"},{"taxonomy":"series","embeddable":true,"href":"https:\/\/bitacora.eniac2000.com\/index.php?rest_route=%2Fwp%2Fv2%2Fseries&post=3862"}],"curies":[{"name":"wp","href":"https:\/\/api.w.org\/{rel}","templated":true}]}}