{"id":3866,"date":"2016-02-14T22:11:41","date_gmt":"2016-02-14T21:11:41","guid":{"rendered":"http:\/\/bitacora.eniac2000.com\/?p=3866"},"modified":"2016-02-14T22:11:41","modified_gmt":"2016-02-14T21:11:41","slug":"fuji-urbana","status":"publish","type":"post","link":"https:\/\/bitacora.eniac2000.com\/?p=3866","title":{"rendered":"Fuji urbana"},"content":{"rendered":"<p>Esta tarde he realizado una peque\u00f1a adaptaci\u00f3n urbana en la Fuji:<\/p>\n<figure id=\"attachment_3867\" aria-describedby=\"caption-attachment-3867\" style=\"width: 400px\" class=\"wp-caption aligncenter\"><a href=\"http:\/\/bitacora.eniac2000.com\/wp-content\/uploads\/2016\/02\/DSC00343.jpg\"><img loading=\"lazy\" decoding=\"async\" src=\"http:\/\/bitacora.eniac2000.com\/wp-content\/uploads\/2016\/02\/DSC00343-400x300.jpg\" alt=\"Fuji urbana\" title=\"Fuji urbana\" width=\"400\" height=\"300\" class=\"size-medium wp-image-3867\" \/><\/a><figcaption id=\"caption-attachment-3867\" class=\"wp-caption-text\">Fuji urbana<\/figcaption><\/figure>\n<p>He montado cubiertas lisas de 26&#215;1.5, transport\u00edn y, sobre todo, engrasado especial para soportar el invierno dublin\u00e9s y el salitre de las calles -sobre todo, esto \u00faltimo-. A esto habr\u00eda que sumarle unos guardabarros, pero no ve a llegar a tanto la cosa. \ud83d\ude42<\/p>\n<p>La raz\u00f3n es que tengo un radio roto en la plegable, que me ha obligado a pasar por el taller, y hasta el martes no tendr\u00e9 los radios nuevos.<\/p>\n","protected":false},"excerpt":{"rendered":"<p>Esta tarde he realizado una peque\u00f1a adaptaci\u00f3n urbana en la<\/p>\n","protected":false},"author":1,"featured_media":0,"comment_status":"open","ping_status":"open","sticky":false,"template":"","format":"standard","meta":{"advanced_seo_description":"","jetpack_seo_html_title":"","jetpack_seo_noindex":false,"_jetpack_memberships_contains_paid_content":false,"footnotes":"","jetpack_publicize_message":"","jetpack_publicize_feature_enabled":true,"jetpack_social_post_already_shared":false,"jetpack_social_options":{"image_generator_settings":{"template":"highway","default_image_id":0,"font":"","enabled":false},"version":2}},"categories":[24,8],"tags":[709,850],"series":[],"class_list":["post-3866","post","type-post","status-publish","format-standard","hentry","category-ciclismo","category-deporte","tag-fuji","tag-invierno"],"jetpack_publicize_connections":[],"jetpack_featured_media_url":"","jetpack_sharing_enabled":true,"_links":{"self":[{"href":"https:\/\/bitacora.eniac2000.com\/index.php?rest_route=\/wp\/v2\/posts\/3866","targetHints":{"allow":["GET"]}}],"collection":[{"href":"https:\/\/bitacora.eniac2000.com\/index.php?rest_route=\/wp\/v2\/posts"}],"about":[{"href":"https:\/\/bitacora.eniac2000.com\/index.php?rest_route=\/wp\/v2\/types\/post"}],"author":[{"embeddable":true,"href":"https:\/\/bitacora.eniac2000.com\/index.php?rest_route=\/wp\/v2\/users\/1"}],"replies":[{"embeddable":true,"href":"https:\/\/bitacora.eniac2000.com\/index.php?rest_route=%2Fwp%2Fv2%2Fcomments&post=3866"}],"version-history":[{"count":0,"href":"https:\/\/bitacora.eniac2000.com\/index.php?rest_route=\/wp\/v2\/posts\/3866\/revisions"}],"wp:attachment":[{"href":"https:\/\/bitacora.eniac2000.com\/index.php?rest_route=%2Fwp%2Fv2%2Fmedia&parent=3866"}],"wp:term":[{"taxonomy":"category","embeddable":true,"href":"https:\/\/bitacora.eniac2000.com\/index.php?rest_route=%2Fwp%2Fv2%2Fcategories&post=3866"},{"taxonomy":"post_tag","embeddable":true,"href":"https:\/\/bitacora.eniac2000.com\/index.php?rest_route=%2Fwp%2Fv2%2Ftags&post=3866"},{"taxonomy":"series","embeddable":true,"href":"https:\/\/bitacora.eniac2000.com\/index.php?rest_route=%2Fwp%2Fv2%2Fseries&post=3866"}],"curies":[{"name":"wp","href":"https:\/\/api.w.org\/{rel}","templated":true}]}}