{"id":3872,"date":"2016-02-20T19:10:48","date_gmt":"2016-02-20T18:10:48","guid":{"rendered":"http:\/\/bitacora.eniac2000.com\/?p=3872"},"modified":"2025-10-11T05:02:28","modified_gmt":"2025-10-11T03:02:28","slug":"via-de-la-plata-merida-zamora-prologo-27iii2015","status":"publish","type":"post","link":"https:\/\/bitacora.eniac2000.com\/?p=3872","title":{"rendered":"V\u00eda de la Plata M\u00e9rida-Zamora: Pr\u00f3logo (27\/III\/2015)"},"content":{"rendered":"<div class=\"seriesmeta\">Esta entrada es la parte 1 de 7 de la serie <a href=\"https:\/\/bitacora.eniac2000.com\/?series=camino-de-santiago-2015\" class=\"series-1834\" title=\"Camino de Santiago 2015\">Camino de Santiago 2015<\/a><\/div><p>En la Semana Santa de 2015, fieles a una tradici\u00f3n que en 2015 cumpl\u00eda 10 a\u00f1os, mi padre y yo nos volvimos a poner en marcha para completar una aventura jacobea. En este caso, se trataba de culminar el Camino Moz\u00e1rabe entre C\u00f3rdoba y Santiago de Compostela, del que ya hab\u00edamos hecho dos tramos:<\/p>\n<ul>\n<li><strong>V\u00eda de la Plaza entre Zamora y Santiago de Compostela<\/strong>. <a href=\"http:\/\/bitacora.eniac2000.com\/?series=camino-de-santiago-2010\" target=\"_blank\">Realizado en 2010<\/a>, acompa\u00f1ados por Pablo, y Ana con el coche escoba.<\/li>\n<li><strong>Camino Moz\u00e1rabe entre C\u00f3rdoba y M\u00e9rida<\/strong>. <a href=\"http:\/\/bitacora.eniac2000.com\/?series=camino-de-santiago-2013\" target=\"_blank\">Realizado en 2013<\/a>.<\/li>\n<\/ul>\n<p>Se trataba, en este caso, de culminar el tramo intermedio, entre M\u00e9rida y Zamora. 358 kil\u00f3metros a realizar en 6 jornadas, alternando asfalto, pista, senderos y -gracias, gracias, gracias- antiguas v\u00edas romanas que cruzan la Pen\u00ednsula de Sur a Norte, con 2000 a\u00f1os de historia a sus espaldas.<\/p>\n<p>La fecha escogida, como en otras ocasiones, fue la Semana Santa, al disponer de una serie de d\u00edas de vacaciones que facilitaban enormenente estas tareas log\u00edsticas. A fin de poder aprovechar la Semana Santa de manera \u00edntegra, decidimos realizar entre el S\u00e1bado de Pasi\u00f3n y el Jueves Santo, y poder tener algunos d\u00edas para otros menesteres: mi padre -el aut\u00e9ntico h\u00e9roe- salir el Viernes en procesi\u00f3n con la Hermandad de Los Dolores, y yo pasar unos d\u00edas de vacaciones en Galicia con Ana.<\/p>\n<figure class=\"wp-block-piwigo-gallery-single-image piwigo-single-image\"><a href=\"https:\/\/www.eniac2000.com\/piwigo\/picture.php?\/6232\" target=\"_blank\" rel=\"noopener noreferrer\"><img decoding=\"async\" src=\"https:\/\/www.eniac2000.com\/piwigo\/_data\/i\/galleries\/albums\/2015-03-via-plata-merida-zamora\/dia0\/IMAG0024-me.jpg\" alt=\"IMAG0024\" \/><\/a><figcaption><strong>IMAG0024<\/strong><\/figcaption><\/figure>\n<p>En esta ocasi\u00f3n, y para evitar dolores de cabeza, decidimos salir juntos desde Sevilla el mismo Viernes de Dolores. Tras finalizar mi jornada laboral, me dirig\u00ed a Santiponce, cerr\u00e9 la casa, y con la bicicleta ya preparada, me dirig\u00ed a la estaci\u00f3n de autobuses de Plaza de Armas.<\/p>\n<figure class=\"wp-block-piwigo-gallery-single-image piwigo-single-image\"><a href=\"https:\/\/www.eniac2000.com\/piwigo\/picture.php?\/6233\" target=\"_blank\" rel=\"noopener noreferrer\"><img decoding=\"async\" src=\"https:\/\/www.eniac2000.com\/piwigo\/_data\/i\/galleries\/albums\/2015-03-via-plata-merida-zamora\/dia0\/IMG-20150327-WA0001-me.jpg\" alt=\"IMG-20150327-WA0001\" \/><\/a><figcaption><strong>IMG-20150327-WA0001<\/strong><\/figcaption><\/figure>\n<p>Mi padre, por su parte, tom\u00f3 el regional entre C\u00f3rdoba y Sevilla, para llegar a la estaci\u00f3n de tren de Santa Justa. Desde all\u00ed cruz\u00f3 Sevilla hasta llegar a Plaza de Armas, donde nos encontramos. El d\u00eda era caluroso y seco. Qu\u00e9 diferencia con la Semana Santa de 2013. No hab\u00eda color.<\/p>\n<figure class=\"wp-block-piwigo-gallery-single-image piwigo-single-image\"><a href=\"https:\/\/www.eniac2000.com\/piwigo\/picture.php?\/6236\" target=\"_blank\" rel=\"noopener noreferrer\"><img decoding=\"async\" src=\"https:\/\/www.eniac2000.com\/piwigo\/_data\/i\/galleries\/albums\/2015-03-via-plata-merida-zamora\/dia0\/IMG-20150327-WA0007-me.jpg\" alt=\"IMG-20150327-WA0007\" \/><\/a><figcaption><strong>IMG-20150327-WA0007<\/strong><\/figcaption><\/figure>\n<p>En Plaza de Armas empaquetamos las bicis y nos dispusimos a esperar el autob\u00fas. Era un d\u00eda de mucho trasiego de viajeros, y se notaba. Comienzo de vacaciones para muchos, y de aventuras para unos cuantos, entre los que nos encontr\u00e1bamos. Las aventuras, en realidad, empezaron pronto. El autob\u00fas ven\u00eda con retraso, a resultas de lo cual no llegamos hasta M\u00e9rida hasta el filo de las once de la noche. Al menos no tuvimos que preocuparnos de buscar restaurante para cenar, ya que lo hicimos en una de las paradas del autob\u00fas. Y, al llegar tan tarde, pudimos captar alguna bonita fotograf\u00eda del Puente Lusitania, desde el Puente Romano de M\u00e9rida. Que hubiera sido el interesante de fotografiar, pero no se puede tener todo&#8230;<\/p>\n<p><figure class=\"wp-block-piwigo-gallery-single-image piwigo-single-image\"><a href=\"https:\/\/www.eniac2000.com\/piwigo\/picture.php?\/6244\" target=\"_blank\" rel=\"noopener noreferrer\"><img decoding=\"async\" src=\"https:\/\/www.eniac2000.com\/piwigo\/_data\/i\/galleries\/albums\/2015-03-via-plata-merida-zamora\/dia0\/IMG_20150327_234516-me.jpg\" alt=\"IMG 20150327 234516\" \/><\/a><figcaption><strong>IMG 20150327 234516<\/strong><\/figcaption><\/figure><br \/>\n<br \/>\n<figure class=\"wp-block-piwigo-gallery-single-image piwigo-single-image\"><a href=\"https:\/\/www.eniac2000.com\/piwigo\/picture.php?\/6243\" target=\"_blank\" rel=\"noopener noreferrer\"><img decoding=\"async\" src=\"https:\/\/www.eniac2000.com\/piwigo\/_data\/i\/galleries\/albums\/2015-03-via-plata-merida-zamora\/dia0\/IMG_20150327_234431-me.jpg\" alt=\"IMG 20150327 234431\" \/><\/a><figcaption><strong>IMG 20150327 234431<\/strong><\/figcaption><\/figure><\/p>\n<p>La noche en M\u00e9rida la pasamos en el Hotel Nova Roma, que ya conoc\u00eda de haber visitado M\u00e9rida con Ana unos a\u00f1os antes. C\u00e9ntrico y con un precio razonable, nos permit\u00eda hacer una salida temprana desde una ubicaci\u00f3n inigualable en nuestra primera jornada.<\/p>\n","protected":false},"excerpt":{"rendered":"<div class=\"seriesmeta\">Esta entrada es la parte 1 de 7 de la serie <a href=\"https:\/\/bitacora.eniac2000.com\/?series=camino-de-santiago-2015\" class=\"series-1834\" title=\"Camino de Santiago 2015\">Camino de Santiago 2015<\/a><\/div><p>En la Semana Santa de 2015, fieles a una tradici\u00f3n<\/p>\n","protected":false},"author":1,"featured_media":0,"comment_status":"open","ping_status":"open","sticky":false,"template":"","format":"standard","meta":{"advanced_seo_description":"","jetpack_seo_html_title":"","jetpack_seo_noindex":false,"_jetpack_memberships_contains_paid_content":false,"footnotes":"","jetpack_publicize_message":"","jetpack_publicize_feature_enabled":true,"jetpack_social_post_already_shared":false,"jetpack_social_options":{"image_generator_settings":{"template":"highway","default_image_id":0,"font":"","enabled":false},"version":2}},"categories":[2,24,8,19],"tags":[294,297,416,1046,1135,1523,1704],"series":[1834],"class_list":["post-3872","post","type-post","status-publish","format-standard","hentry","category-camino-de-santiago","category-ciclismo","category-deporte","category-via-de-la-plata","tag-camino-de-santiago","tag-camino-mozarabe","tag-ciclismo-2","tag-merida","tag-mtb","tag-sevilla","tag-via-de-la-plata","series-camino-de-santiago-2015"],"jetpack_publicize_connections":[],"jetpack_featured_media_url":"","jetpack_sharing_enabled":true,"_links":{"self":[{"href":"https:\/\/bitacora.eniac2000.com\/index.php?rest_route=\/wp\/v2\/posts\/3872","targetHints":{"allow":["GET"]}}],"collection":[{"href":"https:\/\/bitacora.eniac2000.com\/index.php?rest_route=\/wp\/v2\/posts"}],"about":[{"href":"https:\/\/bitacora.eniac2000.com\/index.php?rest_route=\/wp\/v2\/types\/post"}],"author":[{"embeddable":true,"href":"https:\/\/bitacora.eniac2000.com\/index.php?rest_route=\/wp\/v2\/users\/1"}],"replies":[{"embeddable":true,"href":"https:\/\/bitacora.eniac2000.com\/index.php?rest_route=%2Fwp%2Fv2%2Fcomments&post=3872"}],"version-history":[{"count":1,"href":"https:\/\/bitacora.eniac2000.com\/index.php?rest_route=\/wp\/v2\/posts\/3872\/revisions"}],"predecessor-version":[{"id":11011,"href":"https:\/\/bitacora.eniac2000.com\/index.php?rest_route=\/wp\/v2\/posts\/3872\/revisions\/11011"}],"wp:attachment":[{"href":"https:\/\/bitacora.eniac2000.com\/index.php?rest_route=%2Fwp%2Fv2%2Fmedia&parent=3872"}],"wp:term":[{"taxonomy":"category","embeddable":true,"href":"https:\/\/bitacora.eniac2000.com\/index.php?rest_route=%2Fwp%2Fv2%2Fcategories&post=3872"},{"taxonomy":"post_tag","embeddable":true,"href":"https:\/\/bitacora.eniac2000.com\/index.php?rest_route=%2Fwp%2Fv2%2Ftags&post=3872"},{"taxonomy":"series","embeddable":true,"href":"https:\/\/bitacora.eniac2000.com\/index.php?rest_route=%2Fwp%2Fv2%2Fseries&post=3872"}],"curies":[{"name":"wp","href":"https:\/\/api.w.org\/{rel}","templated":true}]}}