{"id":3940,"date":"2016-05-15T11:45:27","date_gmt":"2016-05-15T10:45:27","guid":{"rendered":"http:\/\/bitacora.eniac2000.com\/?p=3940"},"modified":"2016-05-15T11:45:27","modified_gmt":"2016-05-15T10:45:27","slug":"lough-tay-ballinastoe-irlanda","status":"publish","type":"post","link":"https:\/\/bitacora.eniac2000.com\/?p=3940","title":{"rendered":"Lough Tay, Ballinastoe, Irlanda"},"content":{"rendered":"<figure id=\"attachment_3941\" aria-describedby=\"caption-attachment-3941\" style=\"width: 400px\" class=\"wp-caption aligncenter\"><a href=\"http:\/\/bitacora.eniac2000.com\/wp-content\/uploads\/2016\/05\/IMAG1515.jpg\"><img loading=\"lazy\" decoding=\"async\" src=\"http:\/\/bitacora.eniac2000.com\/wp-content\/uploads\/2016\/05\/IMAG1515-400x225.jpg\" alt=\"Lough Tay, Ballinastoe, Irlanda\" title=\"Lough Tay, Ballinastoe, Irlanda\" width=\"400\" height=\"225\" class=\"size-medium wp-image-3941\" \/><\/a><figcaption id=\"caption-attachment-3941\" class=\"wp-caption-text\">Lough Tay, Ballinastoe, Irlanda<\/figcaption><\/figure>\n<p>Ayer estuve haciendo ciclismo en las Monta\u00f1as Wicklow, al sur de Dubl\u00edn, en la zona de Ballinastoe, donda hay un parque ciclista de monta\u00f1a abierto al p\u00fablico. El parque en s\u00ed est\u00e1 muy bien, pero lo que es verdaderamente espectacular es la vista del Lago Tay desde la parte superior de la colina donde se encuentra el parque. Espero que os guste.<\/p>\n","protected":false},"excerpt":{"rendered":"<p>Ayer estuve haciendo ciclismo en las Monta\u00f1as Wicklow, al sur<\/p>\n","protected":false},"author":1,"featured_media":0,"comment_status":"open","ping_status":"open","sticky":false,"template":"","format":"standard","meta":{"advanced_seo_description":"","jetpack_seo_html_title":"","jetpack_seo_noindex":false,"_jetpack_memberships_contains_paid_content":false,"footnotes":"","jetpack_publicize_message":"","jetpack_publicize_feature_enabled":true,"jetpack_social_post_already_shared":false,"jetpack_social_options":{"image_generator_settings":{"template":"highway","default_image_id":0,"font":"","enabled":false},"version":2}},"categories":[20],"tags":[196,416,856,1006,1135,1783],"series":[],"class_list":["post-3940","post","type-post","status-publish","format-standard","hentry","category-vida-corriente","tag-ballinastoe","tag-ciclismo-2","tag-irlanda","tag-lough-tay","tag-mtb","tag-wicklow"],"jetpack_publicize_connections":[],"jetpack_featured_media_url":"","jetpack_sharing_enabled":true,"_links":{"self":[{"href":"https:\/\/bitacora.eniac2000.com\/index.php?rest_route=\/wp\/v2\/posts\/3940","targetHints":{"allow":["GET"]}}],"collection":[{"href":"https:\/\/bitacora.eniac2000.com\/index.php?rest_route=\/wp\/v2\/posts"}],"about":[{"href":"https:\/\/bitacora.eniac2000.com\/index.php?rest_route=\/wp\/v2\/types\/post"}],"author":[{"embeddable":true,"href":"https:\/\/bitacora.eniac2000.com\/index.php?rest_route=\/wp\/v2\/users\/1"}],"replies":[{"embeddable":true,"href":"https:\/\/bitacora.eniac2000.com\/index.php?rest_route=%2Fwp%2Fv2%2Fcomments&post=3940"}],"version-history":[{"count":0,"href":"https:\/\/bitacora.eniac2000.com\/index.php?rest_route=\/wp\/v2\/posts\/3940\/revisions"}],"wp:attachment":[{"href":"https:\/\/bitacora.eniac2000.com\/index.php?rest_route=%2Fwp%2Fv2%2Fmedia&parent=3940"}],"wp:term":[{"taxonomy":"category","embeddable":true,"href":"https:\/\/bitacora.eniac2000.com\/index.php?rest_route=%2Fwp%2Fv2%2Fcategories&post=3940"},{"taxonomy":"post_tag","embeddable":true,"href":"https:\/\/bitacora.eniac2000.com\/index.php?rest_route=%2Fwp%2Fv2%2Ftags&post=3940"},{"taxonomy":"series","embeddable":true,"href":"https:\/\/bitacora.eniac2000.com\/index.php?rest_route=%2Fwp%2Fv2%2Fseries&post=3940"}],"curies":[{"name":"wp","href":"https:\/\/api.w.org\/{rel}","templated":true}]}}