{"id":399,"date":"2006-06-14T10:18:27","date_gmt":"2006-06-14T08:18:27","guid":{"rendered":"http:\/\/bitacora.eniac2000.com\/?p=399"},"modified":"2006-06-14T10:18:27","modified_gmt":"2006-06-14T08:18:27","slug":"restauran-la-fuente-musical-de-los-reales-alcazares","status":"publish","type":"post","link":"https:\/\/bitacora.eniac2000.com\/?p=399","title":{"rendered":"Restauran la fuente musical de los Reales Alc\u00e1zares"},"content":{"rendered":"<p>Esta noticia es de las que te reconcilian con esta ciudad: <a href=\"http:\/\/www.diariodesevilla.com\/diariodesevilla\/articulo.asp?idart=2927496&#038;idcat=1421\">Restaurada la \u00fanica fuente musical existente en Espa\u00f1a<\/a>.<\/p>\n<p><img decoding=\"async\" src=\"http:\/\/www.diariodesevilla.com\/diariodesevilla\/imagenart.JPG?idart=2927496\" alt=\"Fuente musical\" \/><\/p>\n<p>En los jardines de los Reales Alc\u00e1zares de Sevilla exist\u00eda la \u00fanica fuente musical de Espa\u00f1a, prodigio de la ingenier\u00eda y la hidrodin\u00e1mica. Funcionaba como una especie de \u00f3rgano, pero usando agua. Llevaba estropeada desde comienzos del siglo XX, y este viernes, tras haber sido arreglada en el Reino Unido, volver\u00e1 a sonar.<\/p>\n<p>Una buena noticia, sin lugar a dudas.<\/p>\n","protected":false},"excerpt":{"rendered":"<p>Esta noticia es de las que te reconcilian con esta<\/p>\n","protected":false},"author":1,"featured_media":0,"comment_status":"open","ping_status":"open","sticky":false,"template":"","format":"standard","meta":{"advanced_seo_description":"","jetpack_seo_html_title":"","jetpack_seo_noindex":false,"_jetpack_memberships_contains_paid_content":false,"footnotes":"","jetpack_publicize_message":"","jetpack_publicize_feature_enabled":true,"jetpack_social_post_already_shared":false,"jetpack_social_options":{"image_generator_settings":{"template":"highway","default_image_id":0,"font":"","enabled":false},"version":2}},"categories":[20],"tags":[],"series":[],"class_list":["post-399","post","type-post","status-publish","format-standard","hentry","category-vida-corriente"],"jetpack_publicize_connections":[],"jetpack_featured_media_url":"","jetpack_sharing_enabled":true,"_links":{"self":[{"href":"https:\/\/bitacora.eniac2000.com\/index.php?rest_route=\/wp\/v2\/posts\/399","targetHints":{"allow":["GET"]}}],"collection":[{"href":"https:\/\/bitacora.eniac2000.com\/index.php?rest_route=\/wp\/v2\/posts"}],"about":[{"href":"https:\/\/bitacora.eniac2000.com\/index.php?rest_route=\/wp\/v2\/types\/post"}],"author":[{"embeddable":true,"href":"https:\/\/bitacora.eniac2000.com\/index.php?rest_route=\/wp\/v2\/users\/1"}],"replies":[{"embeddable":true,"href":"https:\/\/bitacora.eniac2000.com\/index.php?rest_route=%2Fwp%2Fv2%2Fcomments&post=399"}],"version-history":[{"count":0,"href":"https:\/\/bitacora.eniac2000.com\/index.php?rest_route=\/wp\/v2\/posts\/399\/revisions"}],"wp:attachment":[{"href":"https:\/\/bitacora.eniac2000.com\/index.php?rest_route=%2Fwp%2Fv2%2Fmedia&parent=399"}],"wp:term":[{"taxonomy":"category","embeddable":true,"href":"https:\/\/bitacora.eniac2000.com\/index.php?rest_route=%2Fwp%2Fv2%2Fcategories&post=399"},{"taxonomy":"post_tag","embeddable":true,"href":"https:\/\/bitacora.eniac2000.com\/index.php?rest_route=%2Fwp%2Fv2%2Ftags&post=399"},{"taxonomy":"series","embeddable":true,"href":"https:\/\/bitacora.eniac2000.com\/index.php?rest_route=%2Fwp%2Fv2%2Fseries&post=399"}],"curies":[{"name":"wp","href":"https:\/\/api.w.org\/{rel}","templated":true}]}}