{"id":3991,"date":"2016-09-22T19:21:38","date_gmt":"2016-09-22T18:21:38","guid":{"rendered":"http:\/\/bitacora.eniac2000.com\/?p=3991"},"modified":"2025-10-05T17:12:53","modified_gmt":"2025-10-05T15:12:53","slug":"se-acabo-el-verano","status":"publish","type":"post","link":"https:\/\/bitacora.eniac2000.com\/?p=3991","title":{"rendered":"Se acab\u00f3 el verano"},"content":{"rendered":"<p>Hoy es el equinoccio de oto\u00f1o, por lo que hoy ha sido el \u00faltomo d\u00eda de verano. Bueno, o a lo que en Irlanda llaman verano. Y lo que esta ma\u00f1ana me encontr\u00e9 cuando saqu\u00e9 a pasear a Ulises fue la plasmaci\u00f3n perfecta de ese cambio de estaci\u00f3n:<\/p>\n<figure class=\"wp-block-piwigo-gallery-single-image piwigo-single-image\"><a href=\"https:\/\/www.eniac2000.com\/piwigo\/picture.php?\/12217\" target=\"_blank\" rel=\"noopener noreferrer\"><img decoding=\"async\" src=\"https:\/\/www.eniac2000.com\/piwigo\/_data\/i\/galleries\/albums\/ciclismo\/plegable\/DSC00445-me.jpg\" alt=\"DSC00445\" \/><\/a><figcaption><strong>DSC00445<\/strong><\/figcaption><\/figure>\n<p>Una ma\u00f1ana soleada, con un precioso amanecer, pero con niebla sobre el lago que hay junto a casa, as\u00ed como una <em>revigorizante<\/em> temperatura de 7\u00baC.<\/p>\n<p>Hasta ahora los d\u00edas han sido m\u00e1s largos en Irlanda que en Espa\u00f1a, con el c\u00e9nit de las 17 horas y media desde la salida a la puesta de sol en el solsticio de verano. A partir de ahora, los d\u00edas van a decrecer r\u00e1pidamente. Nos dirigimos de manera inexorable a las largas noches de invierno.<\/p>\n","protected":false},"excerpt":{"rendered":"<p>Hoy es el equinoccio de oto\u00f1o, por lo que hoy<\/p>\n","protected":false},"author":1,"featured_media":0,"comment_status":"open","ping_status":"open","sticky":false,"template":"","format":"standard","meta":{"advanced_seo_description":"","jetpack_seo_html_title":"","jetpack_seo_noindex":false,"_jetpack_memberships_contains_paid_content":false,"footnotes":"","jetpack_publicize_message":"","jetpack_publicize_feature_enabled":true,"jetpack_social_post_already_shared":false,"jetpack_social_options":{"image_generator_settings":{"template":"highway","default_image_id":0,"font":"","enabled":false},"version":2}},"categories":[20],"tags":[607,1217,1286],"series":[],"class_list":["post-3991","post","type-post","status-publish","format-standard","hentry","category-vida-corriente","tag-equinoccio","tag-otono","tag-plegable"],"jetpack_publicize_connections":[],"jetpack_featured_media_url":"","jetpack_sharing_enabled":true,"_links":{"self":[{"href":"https:\/\/bitacora.eniac2000.com\/index.php?rest_route=\/wp\/v2\/posts\/3991","targetHints":{"allow":["GET"]}}],"collection":[{"href":"https:\/\/bitacora.eniac2000.com\/index.php?rest_route=\/wp\/v2\/posts"}],"about":[{"href":"https:\/\/bitacora.eniac2000.com\/index.php?rest_route=\/wp\/v2\/types\/post"}],"author":[{"embeddable":true,"href":"https:\/\/bitacora.eniac2000.com\/index.php?rest_route=\/wp\/v2\/users\/1"}],"replies":[{"embeddable":true,"href":"https:\/\/bitacora.eniac2000.com\/index.php?rest_route=%2Fwp%2Fv2%2Fcomments&post=3991"}],"version-history":[{"count":0,"href":"https:\/\/bitacora.eniac2000.com\/index.php?rest_route=\/wp\/v2\/posts\/3991\/revisions"}],"wp:attachment":[{"href":"https:\/\/bitacora.eniac2000.com\/index.php?rest_route=%2Fwp%2Fv2%2Fmedia&parent=3991"}],"wp:term":[{"taxonomy":"category","embeddable":true,"href":"https:\/\/bitacora.eniac2000.com\/index.php?rest_route=%2Fwp%2Fv2%2Fcategories&post=3991"},{"taxonomy":"post_tag","embeddable":true,"href":"https:\/\/bitacora.eniac2000.com\/index.php?rest_route=%2Fwp%2Fv2%2Ftags&post=3991"},{"taxonomy":"series","embeddable":true,"href":"https:\/\/bitacora.eniac2000.com\/index.php?rest_route=%2Fwp%2Fv2%2Fseries&post=3991"}],"curies":[{"name":"wp","href":"https:\/\/api.w.org\/{rel}","templated":true}]}}