{"id":408,"date":"2006-06-19T08:27:25","date_gmt":"2006-06-19T06:27:25","guid":{"rendered":"http:\/\/bitacora.eniac2000.com\/?p=408"},"modified":"2006-06-19T08:27:25","modified_gmt":"2006-06-19T06:27:25","slug":"la-boquita-del-senador-arturo-perez-reverte","status":"publish","type":"post","link":"https:\/\/bitacora.eniac2000.com\/?p=408","title":{"rendered":"La boquita del senador (Arturo P\u00e9rez-Reverte)"},"content":{"rendered":"<p>Me gusta mucho c\u00f3mo escribe <a href=\"http:\/\/www.capitanalatriste.com\">P\u00e9rez-Reverte<\/a>. Pero suele gustarme a\u00fan m\u00e1s lo que dice. Su art\u00edculo <a href=\"http:\/\/www.xlsemanal.com\/web\/firma.php?id_edicion=1107&#038;id_firma=2670\">de esta semana de XLSemanal<\/a> es de los que merecen ser destacados. Aqu\u00ed dejo un extracto:<\/p>\n<blockquote><p>Y ya puestos a preguntar, \u00bfse ocupar\u00eda, llegado el caso, el senador Maqueda de explicarme personalmente mi derecho a vivir? \u00bf\u00c9l y cu\u00e1ntos m\u00e1s? \u00bfVendr\u00edan de d\u00eda, o vendr\u00edan de noche? \u00bfVendr\u00edan juntos a explic\u00e1rmelo, o vendr\u00edan de uno en uno?\u2026 Porque me parece que el senador Maqueda est\u00e1 mal informado. No todos somos Ana Frank.<\/p><\/blockquote>\n","protected":false},"excerpt":{"rendered":"<p>Me gusta mucho c\u00f3mo escribe P\u00e9rez-Reverte. Pero suele gustarme a\u00fan<\/p>\n","protected":false},"author":1,"featured_media":0,"comment_status":"open","ping_status":"open","sticky":false,"template":"","format":"standard","meta":{"advanced_seo_description":"","jetpack_seo_html_title":"","jetpack_seo_noindex":false,"_jetpack_memberships_contains_paid_content":false,"footnotes":"","jetpack_publicize_message":"","jetpack_publicize_feature_enabled":true,"jetpack_social_post_already_shared":false,"jetpack_social_options":{"image_generator_settings":{"template":"highway","default_image_id":0,"font":"","enabled":false},"version":2}},"categories":[20],"tags":[],"series":[],"class_list":["post-408","post","type-post","status-publish","format-standard","hentry","category-vida-corriente"],"jetpack_publicize_connections":[],"jetpack_featured_media_url":"","jetpack_sharing_enabled":true,"_links":{"self":[{"href":"https:\/\/bitacora.eniac2000.com\/index.php?rest_route=\/wp\/v2\/posts\/408","targetHints":{"allow":["GET"]}}],"collection":[{"href":"https:\/\/bitacora.eniac2000.com\/index.php?rest_route=\/wp\/v2\/posts"}],"about":[{"href":"https:\/\/bitacora.eniac2000.com\/index.php?rest_route=\/wp\/v2\/types\/post"}],"author":[{"embeddable":true,"href":"https:\/\/bitacora.eniac2000.com\/index.php?rest_route=\/wp\/v2\/users\/1"}],"replies":[{"embeddable":true,"href":"https:\/\/bitacora.eniac2000.com\/index.php?rest_route=%2Fwp%2Fv2%2Fcomments&post=408"}],"version-history":[{"count":0,"href":"https:\/\/bitacora.eniac2000.com\/index.php?rest_route=\/wp\/v2\/posts\/408\/revisions"}],"wp:attachment":[{"href":"https:\/\/bitacora.eniac2000.com\/index.php?rest_route=%2Fwp%2Fv2%2Fmedia&parent=408"}],"wp:term":[{"taxonomy":"category","embeddable":true,"href":"https:\/\/bitacora.eniac2000.com\/index.php?rest_route=%2Fwp%2Fv2%2Fcategories&post=408"},{"taxonomy":"post_tag","embeddable":true,"href":"https:\/\/bitacora.eniac2000.com\/index.php?rest_route=%2Fwp%2Fv2%2Ftags&post=408"},{"taxonomy":"series","embeddable":true,"href":"https:\/\/bitacora.eniac2000.com\/index.php?rest_route=%2Fwp%2Fv2%2Fseries&post=408"}],"curies":[{"name":"wp","href":"https:\/\/api.w.org\/{rel}","templated":true}]}}