{"id":4150,"date":"2017-07-04T09:34:47","date_gmt":"2017-07-04T08:34:47","guid":{"rendered":"http:\/\/bitacora.eniac2000.com\/?p=4150"},"modified":"2017-07-04T09:34:47","modified_gmt":"2017-07-04T08:34:47","slug":"arcoiris-sobre-el-lago-tay","status":"publish","type":"post","link":"https:\/\/bitacora.eniac2000.com\/?p=4150","title":{"rendered":"Arco\u00edris sobre el Lago Tay"},"content":{"rendered":"<p>Hace un par de fines de semana estuve disfrutando del verano irland\u00e9s en uno de mis lugares favoritos en el mundo: el Lago Tay en las Monta\u00f1as Wicklow. Y como los t\u00e9rminos verano e irland\u00e9s por lo general componen un ox\u00edmoron casi perfecto, en esta ocasi\u00f3n no iba a ser menos. Pero a cambio pudimos disfrutar de una maravillosa vista del lago, con un fen\u00f3meno que he tenido pocas veces -por no decir que es la primera-<br \/>\n la ocasi\u00f3n de contemplar: un arco\u00edris <em>visto desde arriba<\/em>.<\/p>\n<figure id=\"attachment_4149\" aria-describedby=\"caption-attachment-4149\" style=\"width: 400px\" class=\"wp-caption aligncenter\"><a href=\"http:\/\/bitacora.eniac2000.com\/wp-content\/uploads\/2017\/07\/wpid-IMG_20170625_102042.jpg\"><img loading=\"lazy\" decoding=\"async\" src=\"http:\/\/bitacora.eniac2000.com\/wp-content\/uploads\/2017\/07\/wpid-IMG_20170625_102042-400x300.jpg\" alt=\"Arco\u00edris sobre el Lago Tay\" title=\"Arco\u00edris sobre el Lago Tay\" width=\"400\" height=\"300\" class=\"size-medium wp-image-4149\" \/><\/a><figcaption id=\"caption-attachment-4149\" class=\"wp-caption-text\">Arco\u00edris sobre el Lago Tay<\/figcaption><\/figure>\n<p>Espero que os guste.<\/p>\n","protected":false},"excerpt":{"rendered":"<p>Hace un par de fines de semana estuve disfrutando del<\/p>\n","protected":false},"author":1,"featured_media":0,"comment_status":"open","ping_status":"open","sticky":false,"template":"","format":"standard","meta":{"advanced_seo_description":"","jetpack_seo_html_title":"","jetpack_seo_noindex":false,"_jetpack_memberships_contains_paid_content":false,"footnotes":"","jetpack_publicize_message":"","jetpack_publicize_feature_enabled":true,"jetpack_social_post_already_shared":false,"jetpack_social_options":{"image_generator_settings":{"template":"highway","default_image_id":0,"font":"","enabled":false},"version":2}},"categories":[20],"tags":[131,954,1006,1111],"series":[],"class_list":["post-4150","post","type-post","status-publish","format-standard","hentry","category-vida-corriente","tag-arcoiris","tag-lago-tay","tag-lough-tay","tag-montanas-wicklow"],"jetpack_publicize_connections":[],"jetpack_featured_media_url":"","jetpack_sharing_enabled":true,"_links":{"self":[{"href":"https:\/\/bitacora.eniac2000.com\/index.php?rest_route=\/wp\/v2\/posts\/4150","targetHints":{"allow":["GET"]}}],"collection":[{"href":"https:\/\/bitacora.eniac2000.com\/index.php?rest_route=\/wp\/v2\/posts"}],"about":[{"href":"https:\/\/bitacora.eniac2000.com\/index.php?rest_route=\/wp\/v2\/types\/post"}],"author":[{"embeddable":true,"href":"https:\/\/bitacora.eniac2000.com\/index.php?rest_route=\/wp\/v2\/users\/1"}],"replies":[{"embeddable":true,"href":"https:\/\/bitacora.eniac2000.com\/index.php?rest_route=%2Fwp%2Fv2%2Fcomments&post=4150"}],"version-history":[{"count":0,"href":"https:\/\/bitacora.eniac2000.com\/index.php?rest_route=\/wp\/v2\/posts\/4150\/revisions"}],"wp:attachment":[{"href":"https:\/\/bitacora.eniac2000.com\/index.php?rest_route=%2Fwp%2Fv2%2Fmedia&parent=4150"}],"wp:term":[{"taxonomy":"category","embeddable":true,"href":"https:\/\/bitacora.eniac2000.com\/index.php?rest_route=%2Fwp%2Fv2%2Fcategories&post=4150"},{"taxonomy":"post_tag","embeddable":true,"href":"https:\/\/bitacora.eniac2000.com\/index.php?rest_route=%2Fwp%2Fv2%2Ftags&post=4150"},{"taxonomy":"series","embeddable":true,"href":"https:\/\/bitacora.eniac2000.com\/index.php?rest_route=%2Fwp%2Fv2%2Fseries&post=4150"}],"curies":[{"name":"wp","href":"https:\/\/api.w.org\/{rel}","templated":true}]}}