{"id":442,"date":"2006-08-12T15:44:37","date_gmt":"2006-08-12T13:44:37","guid":{"rendered":"http:\/\/bitacora.eniac2000.com\/?p=442"},"modified":"2025-10-10T23:59:28","modified_gmt":"2025-10-10T21:59:28","slug":"camino-portugues-2006-balance","status":"publish","type":"post","link":"https:\/\/bitacora.eniac2000.com\/?p=442","title":{"rendered":"Camino Portugu\u00e9s: 2006. Balance"},"content":{"rendered":"<div class=\"seriesmeta\">Esta entrada es la parte 1 de 3 de la serie <a href=\"https:\/\/bitacora.eniac2000.com\/?series=camino-de-santiago-2006\" class=\"series-1827\" title=\"Camino de Santiago 2006\">Camino de Santiago 2006<\/a><\/div><p>He dejado pasar un poco de tiempo antes de ponerme a hacer el balance de lo que ha supuesto este a\u00f1o el Camino de Santiago. Ha tenido, con respecto al a\u00f1o anterior, grandes diferencias. Para empezar, el propio camino: mientras el a\u00f1o anterior escogimos el ramal ingl\u00e9s, desde El Ferrol, este a\u00f1o recorrimos el ramal portugu\u00e9s, desde Ponte de Lima.<\/p>\n<p>En segundo lugar, la distancia. Subimos hasta los 150 kil\u00f3metros, frente a los 120 del anterior. Obviamente, esto repercuti\u00f3 en que emple\u00e1ramos m\u00e1s di\u00e1s (siete, en total), para los citados kil\u00f3metros. Sin embargo, supongo que porque ya est\u00e1bamos algo endurecidos, sufrimos menos problemas de ampollas y similares. Ya empezamos a estar fogueados&#8230;<\/p>\n<p>En tercer lugar, las personas: repetimos Ana, mi padre y yo, y se nos incorpor\u00f3 mi t\u00eda Mari, hermana de mi padre. Vaya cuatro&#8230; \ud83d\ude42<\/p>\n<p><figure class=\"wp-block-piwigo-gallery-single-image piwigo-single-image\"><a href=\"https:\/\/www.eniac2000.com\/piwigo\/picture.php?\/464\" target=\"_blank\" rel=\"noopener noreferrer\"><img decoding=\"async\" src=\"https:\/\/www.eniac2000.com\/piwigo\/_data\/i\/galleries\/albums\/2006-camino-portugues\/dsc07374-me.jpg\" alt=\"dsc07374\" \/><\/a><figcaption><strong>dsc07374<\/strong><\/figcaption><\/figure><br \/>\n<strong>Lugar de comienzo del camino. Ponte de Lima (Portugal)<\/strong><\/p>\n<p>En cuanto al camino en s\u00ed, admirable. Tuvo de todo: d\u00edas dur\u00edsimos en los que parec\u00eda que \u00edbamos a tener que tirar la toalla, o que nos recogieran alguna patrulla de guardabosques; d\u00edas tremendamente relajados y asequibles; calor, much\u00edsimo calor, tanto que parec\u00eda que se iban a derretir las muelas; albergues magn\u00edficos, y otros algo dejados de la mano de dios; compa\u00f1eros de toda clase y saz\u00f3n, entre los que destacan un grupo de cuatro madrile\u00f1os, magn\u00edfica gente, cuyo primer sello de la credencial de peregrinos era de la unidad de detenidos de la polic\u00eda local de Tuy; m\u00e1s calor; aguas termales; manifestaciones y <a href=\"http:\/\/bitacora.eniac2000.com\/wp-gallery2.php?g2_view=core.ShowItem&#038;g2_itemId=6286\">fiestas francamente peculiares<\/a>; diversas aventuras con animales asilvestrados (a\u00fan no puedo olvidar con qu\u00e9 ojos voraces me miraba aquella oveja fam\u00e9lica); buena comida y mejor bebida&#8230; En suma, un viaje irrepetible.<\/p>\n<p><figure class=\"wp-block-piwigo-gallery-single-image piwigo-single-image\"><a href=\"https:\/\/www.eniac2000.com\/piwigo\/picture.php?\/503\" target=\"_blank\" rel=\"noopener noreferrer\"><img decoding=\"async\" src=\"https:\/\/www.eniac2000.com\/piwigo\/_data\/i\/galleries\/albums\/2006-camino-portugues\/dsc07418-me.jpg\" alt=\"dsc07418\" \/><\/a><figcaption><strong>dsc07418<\/strong><\/figcaption><\/figure><br \/>\n<strong>Vista de Tuy desde la fortaleza de Valen\u00e7a do Minho (Portugal)<br \/>\n<\/strong><\/p>\n<p>Y digo bien, lo de irrepetible, porque por desgracia nunca m\u00e1s podr\u00e1 volver a hacerse tal y como fue este pasado mes de julio. La raz\u00f3n: gran parte del recorrido que seguimos se ha convertido en humo. Los voraces incendios que golpean con sa\u00f1a la tierra gallega parecen seguir milim\u00e9tricamente el recorrido que nosotros hicimos. Han ardido los montes de  Redondela, Mos, Figueirido, Canicouva, los alrededores de Pontevedra, Ponte Caldelas (no forma parte del camino, pero tambi\u00e9n estuvimos all\u00ed con la familia de Ana), Caldas, Pontecesures, Padr\u00f3n (el 90% de la superficie del municio ha quedado arrasada), Iria Flavia, A Escravitude, Teo, y la propia Santiago.<\/p>\n<p><a href=\"\/wp-content\/incendiosgalicia2006.jpg\"><img decoding=\"async\" src=\"\/wp-content\/thumb-incendiosgalicia2006.jpg\" alt='Imagen sat&Atilde;&copy;lite de los incendios de Galicia' \/><\/a><br \/>\n<strong>Imagen sat\u00e9lite de Galicia y norte de Portugal<\/strong><\/p>\n<p>Obviamente, el mapa del horror no se detiene ah\u00ed, pero duele sobremanera pensar que tan bellos lugares ya tan s\u00f3lo perviven en mi memoria, y en cierta medida, en las fotograf\u00edas que tomamos.<\/p>\n<p><figure class=\"wp-block-piwigo-gallery-single-image piwigo-single-image\"><a href=\"https:\/\/www.eniac2000.com\/piwigo\/picture.php?\/659\" target=\"_blank\" rel=\"noopener noreferrer\"><img decoding=\"async\" src=\"https:\/\/www.eniac2000.com\/piwigo\/_data\/i\/galleries\/albums\/2006-camino-portugues\/dsc07614-me.jpg\" alt=\"dsc07614\" \/><\/a><figcaption><strong>dsc07614<\/strong><\/figcaption><\/figure><br \/>\n<strong>Vado de un arroyo en las cercan\u00edas de San Mauro, Pontevedra<\/strong><\/p>\n<p>Poco a poco ir\u00e9 relatando este viaje, con un nuevo objetivo: lograr que parte de lo que una vez fue el Camino Portugu\u00e9s, y que hoy yace convertido en cenizas, pueda ser conocido tal y como yo lo vi antes de su destrucci\u00f3n en este aciago verano de 2006.<\/p>\n","protected":false},"excerpt":{"rendered":"<div class=\"seriesmeta\">Esta entrada es la parte 1 de 3 de la serie <a href=\"https:\/\/bitacora.eniac2000.com\/?series=camino-de-santiago-2006\" class=\"series-1827\" title=\"Camino de Santiago 2006\">Camino de Santiago 2006<\/a><\/div><p>He dejado pasar un poco de tiempo antes de ponerme<\/p>\n","protected":false},"author":1,"featured_media":0,"comment_status":"open","ping_status":"open","sticky":false,"template":"","format":"standard","meta":{"advanced_seo_description":"","jetpack_seo_html_title":"","jetpack_seo_noindex":false,"_jetpack_memberships_contains_paid_content":false,"footnotes":"","jetpack_publicize_message":"","jetpack_publicize_feature_enabled":true,"jetpack_social_post_already_shared":false,"jetpack_social_options":{"image_generator_settings":{"template":"highway","default_image_id":0,"font":"","enabled":false},"version":2}},"categories":[2,6],"tags":[],"series":[1827],"class_list":["post-442","post","type-post","status-publish","format-standard","hentry","category-camino-de-santiago","category-camino-portugues","series-camino-de-santiago-2006"],"jetpack_publicize_connections":[],"jetpack_featured_media_url":"","jetpack_sharing_enabled":true,"_links":{"self":[{"href":"https:\/\/bitacora.eniac2000.com\/index.php?rest_route=\/wp\/v2\/posts\/442","targetHints":{"allow":["GET"]}}],"collection":[{"href":"https:\/\/bitacora.eniac2000.com\/index.php?rest_route=\/wp\/v2\/posts"}],"about":[{"href":"https:\/\/bitacora.eniac2000.com\/index.php?rest_route=\/wp\/v2\/types\/post"}],"author":[{"embeddable":true,"href":"https:\/\/bitacora.eniac2000.com\/index.php?rest_route=\/wp\/v2\/users\/1"}],"replies":[{"embeddable":true,"href":"https:\/\/bitacora.eniac2000.com\/index.php?rest_route=%2Fwp%2Fv2%2Fcomments&post=442"}],"version-history":[{"count":1,"href":"https:\/\/bitacora.eniac2000.com\/index.php?rest_route=\/wp\/v2\/posts\/442\/revisions"}],"predecessor-version":[{"id":10963,"href":"https:\/\/bitacora.eniac2000.com\/index.php?rest_route=\/wp\/v2\/posts\/442\/revisions\/10963"}],"wp:attachment":[{"href":"https:\/\/bitacora.eniac2000.com\/index.php?rest_route=%2Fwp%2Fv2%2Fmedia&parent=442"}],"wp:term":[{"taxonomy":"category","embeddable":true,"href":"https:\/\/bitacora.eniac2000.com\/index.php?rest_route=%2Fwp%2Fv2%2Fcategories&post=442"},{"taxonomy":"post_tag","embeddable":true,"href":"https:\/\/bitacora.eniac2000.com\/index.php?rest_route=%2Fwp%2Fv2%2Ftags&post=442"},{"taxonomy":"series","embeddable":true,"href":"https:\/\/bitacora.eniac2000.com\/index.php?rest_route=%2Fwp%2Fv2%2Fseries&post=442"}],"curies":[{"name":"wp","href":"https:\/\/api.w.org\/{rel}","templated":true}]}}