{"id":4549,"date":"2020-11-09T21:07:30","date_gmt":"2020-11-09T20:07:30","guid":{"rendered":"http:\/\/bitacora.eniac2000.com\/?p=4549"},"modified":"2025-10-11T05:04:11","modified_gmt":"2025-10-11T03:04:11","slug":"camino-del-cid-2019-introduccion","status":"publish","type":"post","link":"https:\/\/bitacora.eniac2000.com\/?p=4549","title":{"rendered":"Camino del Cid 2019: Introducci\u00f3n"},"content":{"rendered":"<div class=\"seriesmeta\">Esta entrada es la parte 1 de 7 de la serie <a href=\"https:\/\/bitacora.eniac2000.com\/?series=camino-del-cid-2019\" class=\"series-1835\" title=\"Camino del Cid 2019\">Camino del Cid 2019<\/a><\/div><blockquote><p>Quien conmigo quisiera venir para cercar a Valencia (&#8230;) sepa que le esperar\u00e9 tres d\u00edas en el Canal de Cella<\/p><\/blockquote>\n<figure class=\"wp-block-piwigo-gallery-single-image piwigo-single-image\"><a href=\"https:\/\/www.eniac2000.com\/piwigo\/picture.php?\/7451\" target=\"_blank\" rel=\"noopener noreferrer\"><img decoding=\"async\" src=\"https:\/\/www.eniac2000.com\/piwigo\/_data\/i\/galleries\/albums\/2019-camino_cid\/prologo\/salvoconducto-camino-cid-me.jpg\" alt=\"salvoconducto-camino-cid\" \/><\/a><figcaption><strong>salvoconducto-camino-cid<\/strong><\/figcaption><\/figure>\n<p>A principios del mes de julio de 2019 mi padre y yo recorrimos en bici el recorrido entre Cella (Teruel) y Valencia, siguiendo el trazado del Camino del Cid. Era \u00e9ste un recorrido que llevaba casi quince a\u00f1os queriendo recorrer, camino que sigue las andanzas del gran h\u00e9roe castellano, uno de los grandes personajes que se alza entre la historia y la leyenda, y que es en parte mito fundacional de la Corona de Castilla y, por ende, del concepto de Espa\u00f1a.<\/p>\n<p>Es, sin embargo, el Cid un personaje hist\u00f3rico, al que grandes literatos como Men\u00e9ndez Pidal dedicaron su vida, y al que se le puede seguir la pista con razonable exactitud hist\u00f3rica, a diferencia de otros personajes medievales. Fruto de esta capacidad de ser seguido, plasmada en una serie de documentos, cantares, y leyendas, se dise\u00f1\u00f3 a principios del Siglo XXI un recorrido que une Burgos con Valencia, adem\u00e1s del gran cantidad de sitios hist\u00f3ricos relacionados con el Cid. Tuve conocimiento de este recorrido en torno a 2006, y desde entonces estuve so\u00f1ando con poderlo recorrer. Tendr\u00edan que pasar 13 a\u00f1os hasta poder realizarlo.<\/p>\n<figure class=\"wp-block-piwigo-gallery-single-image piwigo-single-image\"><a href=\"https:\/\/www.eniac2000.com\/piwigo\/picture.php?\/7452\" target=\"_blank\" rel=\"noopener noreferrer\"><img decoding=\"async\" src=\"https:\/\/www.eniac2000.com\/piwigo\/_data\/i\/galleries\/albums\/2019-camino_cid\/prologo\/sellos-camino-cid-me.jpg\" alt=\"sellos-camino-cid\" \/><\/a><figcaption><strong>sellos-camino-cid<\/strong><\/figcaption><\/figure>\n<p>Es costumbre de mi padre y m\u00eda dedicar a finales de primavera o principios de verano algunas jornadas para hacer un viaje juntos. Por lo general hab\u00edamos realizado distintos trazados del Camino de Santiago. Pero para el primer recorrido tras mi vuelta de Irlanda hab\u00eda pensado en realizar algo especial. No pudo ser algo que hici\u00e9ramos de inmediato, pero pronto tuve claro que el escogido ser\u00eda el Camino del Cid. Faltaba por determinar el tramo. El punto de destino, c\u00f3mo no, ten\u00eda que ser Valencia, pero no ten\u00eda claro el origen. \u00bfBurgos? Ojal\u00e1, pero hubi\u00e9ramos necesitado muchos d\u00edas. Al final la respuesta la dio el propio Camino, gracias a una estupenda herramienta para calcular trayectos en funci\u00f3n de tu medio para recorrer el Camino del Cid, y tu disponibilidad. Ten\u00edamos cuatro jornadas. Y la respuesta fue Cella, punto de partida del recorrido denominado <a href=\"https:\/\/www.caminodelcid.org\/rutas\/la-conquista-de-valencia-btt---mtb-554118\/\" target=\"_blank\">La Conquista de Valencia<\/a>.<\/p>\n<p>Cella, una peque\u00f1a poblaci\u00f3n cercana a Teruel, y mencionada en El Cantar de M\u00edo Cid con las palabras que abren este art\u00edculo. Una excelente opci\u00f3n. Nos permit\u00eda viajar desde la zona de Teruel (capital que s\u00ed conoc\u00eda) atravesando la parte sureste del Sistema Ib\u00e9rico, descender hasta Sagunto, y desde all\u00ed enlazar con Valencia, todos estas zonas desconocidas para m\u00ed. Y como guinda del pastel, recorriendo dos trazados de v\u00edas verdes: la de <a href=\"http:\/\/http:\/\/www.viasverdes.com\/itinerarios\/itinerario.asp?id=46\" target=\"_blank\">Ojos<\/a> <a href=\"http:\/\/www.viasverdes.com\/itinerarios\/itinerario.asp?id=101\" target=\"_blank\">Negros<\/a> y la de <a href=\"http:\/\/http:\/\/www.viasverdes.com\/itinerarios\/itinerario.asp?id=106\" target=\"_blank\">Xurra<\/a>. La primera de ellas un impresionante recorrido por un antiguo ferrocarril minero, desde la mina de hierro m\u00e1s importante de Europa, y la segunda, un precioso recorrido por la huerta valencia, entre campos de naranjos, verduras y&#8230; chufas. Algo a lo que no pod\u00eda resistirme.<\/p>\n<p>Determinamos empezar nuestro recorrido el 3 de junio de 2019, y contar con algunas jornadas adicionales para los desplazamientos. Finalmente, el plan de viaje escogido fue salir de C\u00f3rdoba el 2 de julio, y dirigirnos a Cella en coche. All\u00ed nos hospedar\u00edamos en una casa rural durante una noche y donde el coche nos esperar\u00eda hasta nuestra vuelta. Viajar\u00edamos durante 4 jornadas hasta Valencia, para volver en tren regional hasta Cella (donde hay parada de tren), volver a hacer noche en la casa rural, y posteriormente volver a C\u00f3rdoba. Un plan redondo. Y que, en mi caso, implicaba a mi vez viajar el 1 desde Sevilla a C\u00f3rdoba en tren.<\/p>\n<figure class=\"wp-block-piwigo-gallery-single-image piwigo-single-image\"><a href=\"https:\/\/www.eniac2000.com\/piwigo\/picture.php?\/7324\" target=\"_blank\" rel=\"noopener noreferrer\"><img decoding=\"async\" src=\"https:\/\/www.eniac2000.com\/piwigo\/_data\/i\/galleries\/albums\/2019-camino_cid\/prologo\/IMG_20190602_083910-me.jpg\" alt=\"IMG 20190602 083910\" \/><\/a><figcaption><strong>IMG 20190602 083910<\/strong><\/figcaption><\/figure>\n<p>En cuanto a nuestras monturas, escogimos lo siguiente: mi padre su por entonces flamante bicicleta de monta\u00f1a el\u00e9ctrica, que le permit\u00eda rodar con alegr\u00eda en cualquier tipo de trazado, como los que nos \u00edbamos a encontrar: v\u00eda verde, carreteras secundarias, alg\u00fan que otro puerto de monta\u00f1a y algo de pista. Por la m\u00eda, mi vieja y querida Fuji Sundance SE, cuyo cuadro rajado hac\u00eda no demasiado tiempo que hab\u00eda hecho restaurar, y que hab\u00eda equipado para ciclismo urbano, a fin de utilizarla en mis desplazamientos al trabajo.<\/p>\n<figure class=\"wp-block-piwigo-gallery-single-image piwigo-single-image\"><a href=\"https:\/\/www.eniac2000.com\/piwigo\/picture.php?\/7269\" target=\"_blank\" rel=\"noopener noreferrer\"><img decoding=\"async\" src=\"https:\/\/www.eniac2000.com\/piwigo\/_data\/i\/galleries\/albums\/2019-camino_cid\/prologo\/20190528_203817-me.jpg\" alt=\"20190528 203817\" \/><\/a><figcaption><strong>20190528 203817<\/strong><\/figcaption><\/figure>\n<p>Sin embargo, sobre este punto de partida hice un par de modificaciones. Sabiendo lo que se me ven\u00eda encima, reemplac\u00e9 la corona de pi\u00f1ones de ciudad, un grupo de carretera adecuado para rodar r\u00e1pido y bien, por la corona XT de monta\u00f1a. Con el \u00fanico plato de 48 dientes, y sabiendo que hab\u00eda que superar puertos de monta\u00f1a, consider\u00e9 necesario disponer de un poco de ayuda a la hora de subir. Nunca podr\u00e9 dar suficientes gracias por haber realizado dicho cambio. Y el segundo, sustitu\u00ed el sill\u00edn Selle de carretera por uno de gel de cicloturismo. Nunca podr\u00e9 lamentarlo lo suficiente. Y es que, si en el Camino de Santiago se dice que nunca has de estrenar botas para recorrerlo, tendr\u00eda que haber imaginado que algo similar se ha de tener en cuenta en el caso de los sillines. Pero no adelantemos acontecimientos.<\/p>\n<p>Esta es la introducci\u00f3n de las jornadas que vivimos recorriendo el fascinante trayecto del Camino del Cid: La Conquista de Valencia.<\/p>\n","protected":false},"excerpt":{"rendered":"<div class=\"seriesmeta\">Esta entrada es la parte 1 de 7 de la serie <a href=\"https:\/\/bitacora.eniac2000.com\/?series=camino-del-cid-2019\" class=\"series-1835\" title=\"Camino del Cid 2019\">Camino del Cid 2019<\/a><\/div><p>Quien conmigo quisiera venir para cercar a Valencia (&#8230;) sepa<\/p>\n","protected":false},"author":1,"featured_media":0,"comment_status":"open","ping_status":"open","sticky":false,"template":"","format":"standard","meta":{"advanced_seo_description":"","jetpack_seo_html_title":"","jetpack_seo_noindex":false,"_jetpack_memberships_contains_paid_content":false,"footnotes":"","jetpack_publicize_message":"","jetpack_publicize_feature_enabled":true,"jetpack_social_post_already_shared":false,"jetpack_social_options":{"image_generator_settings":{"template":"highway","default_image_id":0,"font":"","enabled":false},"version":2}},"categories":[3,24,8,15],"tags":[295,396,416,709,924,1135,1190,1615,1695,1716,1804],"series":[1835],"class_list":["post-4549","post","type-post","status-publish","format-standard","hentry","category-camino-del-cid","category-ciclismo","category-deporte","category-la-conquista-de-valencia","tag-camino-del-cid-2","tag-cella","tag-ciclismo-2","tag-fuji","tag-la-conquista-de-valencia-2","tag-mtb","tag-ojos-negros","tag-teruel","tag-valencia","tag-vias-verdes","tag-xurra","series-camino-del-cid-2019"],"jetpack_publicize_connections":[],"jetpack_featured_media_url":"","jetpack_sharing_enabled":true,"_links":{"self":[{"href":"https:\/\/bitacora.eniac2000.com\/index.php?rest_route=\/wp\/v2\/posts\/4549","targetHints":{"allow":["GET"]}}],"collection":[{"href":"https:\/\/bitacora.eniac2000.com\/index.php?rest_route=\/wp\/v2\/posts"}],"about":[{"href":"https:\/\/bitacora.eniac2000.com\/index.php?rest_route=\/wp\/v2\/types\/post"}],"author":[{"embeddable":true,"href":"https:\/\/bitacora.eniac2000.com\/index.php?rest_route=\/wp\/v2\/users\/1"}],"replies":[{"embeddable":true,"href":"https:\/\/bitacora.eniac2000.com\/index.php?rest_route=%2Fwp%2Fv2%2Fcomments&post=4549"}],"version-history":[{"count":1,"href":"https:\/\/bitacora.eniac2000.com\/index.php?rest_route=\/wp\/v2\/posts\/4549\/revisions"}],"predecessor-version":[{"id":11019,"href":"https:\/\/bitacora.eniac2000.com\/index.php?rest_route=\/wp\/v2\/posts\/4549\/revisions\/11019"}],"wp:attachment":[{"href":"https:\/\/bitacora.eniac2000.com\/index.php?rest_route=%2Fwp%2Fv2%2Fmedia&parent=4549"}],"wp:term":[{"taxonomy":"category","embeddable":true,"href":"https:\/\/bitacora.eniac2000.com\/index.php?rest_route=%2Fwp%2Fv2%2Fcategories&post=4549"},{"taxonomy":"post_tag","embeddable":true,"href":"https:\/\/bitacora.eniac2000.com\/index.php?rest_route=%2Fwp%2Fv2%2Ftags&post=4549"},{"taxonomy":"series","embeddable":true,"href":"https:\/\/bitacora.eniac2000.com\/index.php?rest_route=%2Fwp%2Fv2%2Fseries&post=4549"}],"curies":[{"name":"wp","href":"https:\/\/api.w.org\/{rel}","templated":true}]}}