{"id":4587,"date":"2020-12-04T19:04:01","date_gmt":"2020-12-04T18:04:01","guid":{"rendered":"http:\/\/bitacora.eniac2000.com\/?p=4587"},"modified":"2025-10-11T05:04:26","modified_gmt":"2025-10-11T03:04:26","slug":"camino-del-cid-2019-etapa-2-la-puebla-de-valverde-montanejos-04iv2019","status":"publish","type":"post","link":"https:\/\/bitacora.eniac2000.com\/?p=4587","title":{"rendered":"Camino del Cid 2019. Etapa 2: La Puebla de Valverde &#8211; Montanejos (04\/VI\/2019)"},"content":{"rendered":"<div class=\"seriesmeta\">Esta entrada es la parte 4 de 7 de la serie <a href=\"https:\/\/bitacora.eniac2000.com\/?series=camino-del-cid-2019\" class=\"series-1835\" title=\"Camino del Cid 2019\">Camino del Cid 2019<\/a><\/div><p>Comenzamos la segunda etapa de nuestro viaje apenas pasadas las 8:00h. Durante la previa hab\u00edamos mantenido un debate sobre c\u00f3mo empezar la etapa. Sab\u00edamos que ten\u00eda que ser en subida hasta enlazar con una pista que nos tendr\u00eda que llevar hasta Valbona, pero ten\u00edamos dos maneras de empezar: la primera por una pista de tierra que sal\u00eda de La Puebla por la puerta de Valencia, y que constitu\u00eda el camino antiguo, y la segunda, salir por la puerta de Teruel, tomar la N-234, y una vez salvado el repecho, tomar dicho camino. Dado que era temprano por la ma\u00f1ana, y no era cosa de empezar en fr\u00edo con una cuesta del quince, optamos por lo sencillo, y subimos de manera suave por la carretera.<\/p>\n<p>Como dec\u00eda, una vez salvado el repecho, y a la altura de un dep\u00f3sito de \u00e1ridos, hay que tomar un desv\u00edo a mano izquierda que, unos 600 metros despu\u00e9s, se cruza con el camino mencionado al principio, y en cuyo cruce hay que girar a la derecha para, 750 metros despu\u00e9s, volver a girar a la izquierda. <\/p>\n<figure class=\"wp-block-piwigo-gallery-single-image piwigo-single-image\"><a href=\"https:\/\/www.eniac2000.com\/piwigo\/picture.php?\/6875\" target=\"_blank\" rel=\"noopener noreferrer\"><img decoding=\"async\" src=\"https:\/\/www.eniac2000.com\/piwigo\/_data\/i\/galleries\/albums\/2019-camino_cid\/dia2\/IMG_20190604_084224-me.jpg\" alt=\"IMG 20190604 084224\" \/><\/a><figcaption><strong>IMG 20190604 084224<\/strong><\/figcaption><\/figure>\n<p>Este camino lleva, durante unos 8 kil\u00f3metros, en suave descenso hasta el cauce de un r\u00edo donde se encuentra un cruce de caminos. En nuestro caso, seguimos las indicaciones del Camino del Cid para llegar hasta Valbona, a\u00fan a 5 kil\u00f3metros de trayecto. <\/p>\n<figure class=\"wp-block-piwigo-gallery-single-image piwigo-single-image\"><a href=\"https:\/\/www.eniac2000.com\/piwigo\/picture.php?\/6878\" target=\"_blank\" rel=\"noopener noreferrer\"><img decoding=\"async\" src=\"https:\/\/www.eniac2000.com\/piwigo\/_data\/i\/galleries\/albums\/2019-camino_cid\/dia2\/IMG_20190604_085249-me.jpg\" alt=\"IMG 20190604 085249\" \/><\/a><figcaption><strong>IMG 20190604 085249<\/strong><\/figcaption><\/figure>\n<p>\u00c9ste empieza con una subida constante de algo m\u00e1s de 2 kil\u00f3metros por una zona boscosa, hasta llegar a un viejo caser\u00edo, junto a la carretera A-232. Desde ah\u00ed es preciso superar una peque\u00f1a tachuela, ya por carretera, hasta hacer entrada en Valbona, a donde llegamos pasadas las 9:30h. <\/p>\n<figure class=\"wp-block-piwigo-gallery-single-image piwigo-single-image\"><a href=\"https:\/\/www.eniac2000.com\/piwigo\/picture.php?\/6879\" target=\"_blank\" rel=\"noopener noreferrer\"><img decoding=\"async\" src=\"https:\/\/www.eniac2000.com\/piwigo\/_data\/i\/galleries\/albums\/2019-camino_cid\/dia2\/IMG_20190604_093920-me.jpg\" alt=\"IMG 20190604 093920\" \/><\/a><figcaption><strong>IMG 20190604 093920<\/strong><\/figcaption><\/figure>\n<p>Desde Valbona, y siempre por una carretera casi perfectamente rectil\u00ednea y en suave pero constante ascenso, llegamos a la cercana Mora de Rubielos, distante unos 5&#8217;5 kil\u00f3metros de Valbona. Mora de Rubielos es primero de los pueblos de la zona que destaca por su monumentalidad. Cuenta con un impresionante castillo, el Castillo Palacio de los Fern\u00e1ndez de Heredia, que resalta por su dominio sobre todo el pueblo.<\/p>\n<figure class=\"wp-block-piwigo-gallery-single-image piwigo-single-image\"><a href=\"https:\/\/www.eniac2000.com\/piwigo\/picture.php?\/6889\" target=\"_blank\" rel=\"noopener noreferrer\"><img decoding=\"async\" src=\"https:\/\/www.eniac2000.com\/piwigo\/_data\/i\/galleries\/albums\/2019-camino_cid\/dia2\/IMG_20190604_094714-me.jpg\" alt=\"IMG 20190604 094714\" \/><\/a><figcaption><strong>IMG 20190604 094714<\/strong><\/figcaption><\/figure>\n<p>Pero es imposible no fijarse en la espl\u00e9ndida arquitectura tradicional de la villa, y como el sitio lo merec\u00eda, decidimos hacer la primera parada seria del d\u00eda, en la Plaza de la Iglesia, que es en realidad una antigua colegiata del Siglo XV, consagrada en honor de Santa Mar\u00eda.<\/p>\n<figure class=\"wp-block-piwigo-gallery-single-image piwigo-single-image\"><a href=\"https:\/\/www.eniac2000.com\/piwigo\/picture.php?\/6895\" target=\"_blank\" rel=\"noopener noreferrer\"><img decoding=\"async\" src=\"https:\/\/www.eniac2000.com\/piwigo\/_data\/i\/galleries\/albums\/2019-camino_cid\/dia2\/IMG_20190604_095851-me.jpg\" alt=\"IMG 20190604 095851\" \/><\/a><figcaption><strong>IMG 20190604 095851<\/strong><\/figcaption><\/figure>\n<p>Tomamos caf\u00e9 y tostadas en el bar El Escal\u00f3n, donde fuimos estupendamente atendidos, aconsejados -el due\u00f1o es ciclista y ha realizado el Camino del Cid- y donde nos obtuvieron un par de pl\u00e1tanos para el trayecto. Adem\u00e1s, nos sellaron los salvoconductos y obtuvimos -por fin- una nueva chapa para la colecci\u00f3n. Un lugar imprescindible.<\/p>\n<p>Tras la pausa, retomamos nuestro rodar. Salimos de Mora de Rubielos por la omnipresente A-232, de nuevo en ascenso, hasta llegar a la que -tras la salida de La Puebla de Valverde- ser\u00eda a la postre la cota m\u00e1xima de la jornada, con 1118 msnm, junto a la Fuente del Hocino. Poco despu\u00e9s decidimos realizar una variaci\u00f3n sobre el recorrido previsto. Y es que el Camino del Cid dispone de dos variantes en este punto: la cicloturista por carretera hasta Rubielos de Mora, y una bajada por pista boscosa, pensada para MTB. Como casi todo el d\u00eda iba a ser carretera, insist\u00ed en esta divertida variaci\u00f3n.<\/p>\n<figure class=\"wp-block-piwigo-gallery-single-image piwigo-single-image\"><a href=\"https:\/\/www.eniac2000.com\/piwigo\/picture.php?\/6906\" target=\"_blank\" rel=\"noopener noreferrer\"><img decoding=\"async\" src=\"https:\/\/www.eniac2000.com\/piwigo\/_data\/i\/galleries\/albums\/2019-camino_cid\/dia2\/IMG_20190604_104619-me.jpg\" alt=\"IMG 20190604 104619\" \/><\/a><figcaption><strong>IMG 20190604 104619<\/strong><\/figcaption><\/figure>\n<p>Divertida al menos al principio, con bajada por pista amplia y buena, pero que poco a poco se fue complicando con roca suelta y camino estrecho. Estupenda para MTB, pero no tanto para cubiertas lisas y alforjas. Para colmo de males, llegamos al fondo de un valle, que posteriormente hubo que remontar por la llamada Subida de los Fantasmas (donde realic\u00e9 en su momento la 9\u00aa mejor marca de todos los tiempos) hasta llegar de nuevo a la A-232. Una tortura con el monoplato de 48 dientes y las alforjas, pero ya se sabe, sarna con gusto no pica.<\/p>\n<p>De vuelta a la carretera, llegamos en bajada hasta Rubielos de Mora. Es curioso el tema de los top\u00f3nimos de estos dos pueblos tan cercanos. Y no s\u00f3lo compiten en el nombre. Tambi\u00e9n lo hacen en belleza, tanto por sus edificios singulares, como por el estupendo estado de conservaci\u00f3n del casco urbano en su totalidad.<\/p>\n<figure class=\"wp-block-piwigo-gallery-single-image piwigo-single-image\"><a href=\"https:\/\/www.eniac2000.com\/piwigo\/picture.php?\/6909\" target=\"_blank\" rel=\"noopener noreferrer\"><img decoding=\"async\" src=\"https:\/\/www.eniac2000.com\/piwigo\/_data\/i\/galleries\/albums\/2019-camino_cid\/dia2\/IMG_20190604_113556-me.jpg\" alt=\"IMG 20190604 113556\" \/><\/a><figcaption><strong>IMG 20190604 113556<\/strong><\/figcaption><\/figure>\n<p>Sin embargo, no tuvimos tanta suerte en el tema del sellado del salvoconducto. Aunque eran las 11:30h y nos dirigimos al ayuntamiento, no conseguimos encontrar a nadie que nos sellara el mismo. As\u00ed que ni sello ni chapa, y como el calor empezaba a apretar, no era plan perder m\u00e1s tiempo de la cuenta en ello. Salimos de Rubielos de Mora en un nuevo ascenso por la A-232 que nos permiti\u00f3 disfrutar, poco despu\u00e9s de una estupenda vista de la poblaci\u00f3n, en un cercano alto.<\/p>\n<figure class=\"wp-block-piwigo-gallery-single-image piwigo-single-image\"><a href=\"https:\/\/www.eniac2000.com\/piwigo\/picture.php?\/6923\" target=\"_blank\" rel=\"noopener noreferrer\"><img decoding=\"async\" src=\"https:\/\/www.eniac2000.com\/piwigo\/_data\/i\/galleries\/albums\/2019-camino_cid\/dia2\/IMG_20190604_115654-me.jpg\" alt=\"IMG 20190604 115654\" \/><\/a><figcaption><strong>IMG 20190604 115654<\/strong><\/figcaption><\/figure>\n<p>Continuamos, esta vez en un terreno en falso llano, hasta llegar a Fuentes de Rubielos, donde abandonamos la A-232 para dirigirnos, en un espectacular descenso por carretera, hasta Olba, y desde all\u00ed a Los Lucas, \u00faltima poblaci\u00f3n -apenas un pu\u00f1ado de casas- aragonesa antes de entrar en la Comunidad Valenciana, provincia de Castell\u00f3n, para m\u00e1s se\u00f1as.<\/p>\n<figure class=\"wp-block-piwigo-gallery-single-image piwigo-single-image\"><a href=\"https:\/\/www.eniac2000.com\/piwigo\/picture.php?\/6930\" target=\"_blank\" rel=\"noopener noreferrer\"><img decoding=\"async\" src=\"https:\/\/www.eniac2000.com\/piwigo\/_data\/i\/galleries\/albums\/2019-camino_cid\/dia2\/IMG_20190604_122837-me.jpg\" alt=\"IMG 20190604 122837\" \/><\/a><figcaption><strong>IMG 20190604 122837<\/strong><\/figcaption><\/figure>\n<p>Una vez cruzada la raya provincial, no tardamos en llegar a la Puebla de Arenoso, donde destaca en gran Pantano del Arenoso, que ya no dejar\u00edamos de bordear hasta casi llegar a Montanejos, nuestro destino en esta jornada.<\/p>\n<figure class=\"wp-block-piwigo-gallery-single-image piwigo-single-image\"><a href=\"https:\/\/www.eniac2000.com\/piwigo\/picture.php?\/6932\" target=\"_blank\" rel=\"noopener noreferrer\"><img decoding=\"async\" src=\"https:\/\/www.eniac2000.com\/piwigo\/_data\/i\/galleries\/albums\/2019-camino_cid\/dia2\/IMG_20190604_124337-me.jpg\" alt=\"IMG 20190604 124337\" \/><\/a><figcaption><strong>IMG 20190604 124337<\/strong><\/figcaption><\/figure>\n<p>Fuimos todo el rato por una carretera en continuo sube y baja junto al pantano, hasta llegar a la presa. Desde ese punto se inicia la fase final de la etapa, en un bonito descenso hasta la cercana Montanejos, que permite apreciar una espectacular orograf\u00eda excavada por el r\u00edo Mijares, en forma de hoces que permiten apreciar un magn\u00edfico espect\u00e1culo natural&#8230;<\/p>\n<p><figure class=\"wp-block-piwigo-gallery-single-image piwigo-single-image\"><a href=\"https:\/\/www.eniac2000.com\/piwigo\/picture.php?\/6938\" target=\"_blank\" rel=\"noopener noreferrer\"><img decoding=\"async\" src=\"https:\/\/www.eniac2000.com\/piwigo\/_data\/i\/galleries\/albums\/2019-camino_cid\/dia2\/IMG_20190604_132220_HDR-me.jpg\" alt=\"IMG 20190604 132220 HDR\" \/><\/a><figcaption><strong>IMG 20190604 132220 HDR<\/strong><\/figcaption><\/figure><br \/>\n<figure class=\"wp-block-piwigo-gallery-single-image piwigo-single-image\"><a href=\"https:\/\/www.eniac2000.com\/piwigo\/picture.php?\/6941\" target=\"_blank\" rel=\"noopener noreferrer\"><img decoding=\"async\" src=\"https:\/\/www.eniac2000.com\/piwigo\/_data\/i\/galleries\/albums\/2019-camino_cid\/dia2\/IMG_20190604_132319-me.jpg\" alt=\"IMG 20190604 132319\" \/><\/a><figcaption><strong>IMG 20190604 132319<\/strong><\/figcaption><\/figure><\/p>\n<p>&#8230;pero tambi\u00e9n artificial, constituido por un t\u00fanel carretero con ventanas a las hoces, y el tremendo desaguadero de la presa, que conforma un chorro de agua constante sobre el viejo cauce.<\/p>\n<figure class=\"wp-block-piwigo-gallery-single-image piwigo-single-image\"><a href=\"https:\/\/www.eniac2000.com\/piwigo\/picture.php?\/6935\" target=\"_blank\" rel=\"noopener noreferrer\"><img decoding=\"async\" src=\"https:\/\/www.eniac2000.com\/piwigo\/_data\/i\/galleries\/albums\/2019-camino_cid\/dia2\/IMG_20190604_131711-me.jpg\" alt=\"IMG 20190604 131711\" \/><\/a><figcaption><strong>IMG 20190604 131711<\/strong><\/figcaption><\/figure>\n<p>Llegamos a Montanejos -por una vez en bajada- a las 13:30h. No tardamos en encontrar nuestro hotel, el Rosales del Mijares, que cuenta con unas estupendas habitaciones y un mejor servicio. Es Montanejos una poblaci\u00f3n conocida por sus fuentes termales, sus playas fluviales, y su estupendo clima para el verano, y es algo que se nota en la idiosincrasia de la poblaci\u00f3n.<\/p>\n<figure class=\"wp-block-piwigo-gallery-single-image piwigo-single-image\"><a href=\"https:\/\/www.eniac2000.com\/piwigo\/picture.php?\/6948\" target=\"_blank\" rel=\"noopener noreferrer\"><img decoding=\"async\" src=\"https:\/\/www.eniac2000.com\/piwigo\/_data\/i\/galleries\/albums\/2019-camino_cid\/dia2\/IMG_20190604_191611-me.jpg\" alt=\"IMG 20190604 191611\" \/><\/a><figcaption><strong>IMG 20190604 191611<\/strong><\/figcaption><\/figure>\n<p>Ya con la cuarta chapa de la jornada, disfrutamos de un op\u00edparo almuerzo en el propio restaurante. La tarde la empleamos en las tareas de mantenimiento habituales, y en pasear por el pueblo. La cena la disfrutamos en un cercano bar regentado por un rumano que prepara unas hamburguesas espectaculares. Una estupenda manera de terminar la jornada. Y que vendr\u00eda bien para coger fuerzas, de cara a la que se me ven\u00eda encima a la ma\u00f1ana siguiente.<\/p>\n<p><strong>Datos de la etapa<\/strong><\/p>\n<ul>\n<li><strong>Distancia:<\/strong> 69&#8217;860 km<\/li>\n<li><strong>Distancia (seg\u00fan el GPS):<\/strong> 69&#8217;85 km<\/li>\n<li><strong>Altitud ascendida:<\/strong> 861 m<\/li>\n<li><strong>Tiempo de etapa:<\/strong> 3:49:46<\/li>\n<li><strong>Tiempo desde el inicio de la etapa:<\/strong> 5:20:42<\/li>\n<li><strong>Calor\u00edas consumidas:<\/strong> 3165 kcal<\/li>\n<\/ul>\n<p><iframe height='405' width='590' frameborder='0' allowtransparency='true' scrolling='no' src='https:\/\/www.strava.com\/activities\/2422480992\/embed\/039806ce50ada887979caa7a67dfafc3277f60f5'><\/iframe><\/p>\n","protected":false},"excerpt":{"rendered":"<div class=\"seriesmeta\">Esta entrada es la parte 4 de 7 de la serie <a href=\"https:\/\/bitacora.eniac2000.com\/?series=camino-del-cid-2019\" class=\"series-1835\" title=\"Camino del Cid 2019\">Camino del Cid 2019<\/a><\/div><p>Comenzamos la segunda etapa de nuestro viaje apenas pasadas las<\/p>\n","protected":false},"author":1,"featured_media":0,"comment_status":"open","ping_status":"open","sticky":false,"template":"","format":"standard","meta":{"advanced_seo_description":"","jetpack_seo_html_title":"","jetpack_seo_noindex":false,"_jetpack_memberships_contains_paid_content":false,"footnotes":"","jetpack_publicize_message":"","jetpack_publicize_feature_enabled":true,"jetpack_social_post_already_shared":false,"jetpack_social_options":{"image_generator_settings":{"template":"highway","default_image_id":0,"font":"","enabled":false},"version":2}},"categories":[3,24,8,15],"tags":[707,941,1112,1126,1135,1193,1315,1453,1690],"series":[1835],"class_list":["post-4587","post","type-post","status-publish","format-standard","hentry","category-camino-del-cid","category-ciclismo","category-deporte","category-la-conquista-de-valencia","tag-fuentes-de-rubielos","tag-la-puebla-de-valverde","tag-montanejos","tag-mora-de-rubielos","tag-mtb","tag-olba","tag-puebla-del-arenoso","tag-rubielos-de-mora","tag-valbona","series-camino-del-cid-2019"],"jetpack_publicize_connections":[],"jetpack_featured_media_url":"","jetpack_sharing_enabled":true,"_links":{"self":[{"href":"https:\/\/bitacora.eniac2000.com\/index.php?rest_route=\/wp\/v2\/posts\/4587","targetHints":{"allow":["GET"]}}],"collection":[{"href":"https:\/\/bitacora.eniac2000.com\/index.php?rest_route=\/wp\/v2\/posts"}],"about":[{"href":"https:\/\/bitacora.eniac2000.com\/index.php?rest_route=\/wp\/v2\/types\/post"}],"author":[{"embeddable":true,"href":"https:\/\/bitacora.eniac2000.com\/index.php?rest_route=\/wp\/v2\/users\/1"}],"replies":[{"embeddable":true,"href":"https:\/\/bitacora.eniac2000.com\/index.php?rest_route=%2Fwp%2Fv2%2Fcomments&post=4587"}],"version-history":[{"count":1,"href":"https:\/\/bitacora.eniac2000.com\/index.php?rest_route=\/wp\/v2\/posts\/4587\/revisions"}],"predecessor-version":[{"id":11022,"href":"https:\/\/bitacora.eniac2000.com\/index.php?rest_route=\/wp\/v2\/posts\/4587\/revisions\/11022"}],"wp:attachment":[{"href":"https:\/\/bitacora.eniac2000.com\/index.php?rest_route=%2Fwp%2Fv2%2Fmedia&parent=4587"}],"wp:term":[{"taxonomy":"category","embeddable":true,"href":"https:\/\/bitacora.eniac2000.com\/index.php?rest_route=%2Fwp%2Fv2%2Fcategories&post=4587"},{"taxonomy":"post_tag","embeddable":true,"href":"https:\/\/bitacora.eniac2000.com\/index.php?rest_route=%2Fwp%2Fv2%2Ftags&post=4587"},{"taxonomy":"series","embeddable":true,"href":"https:\/\/bitacora.eniac2000.com\/index.php?rest_route=%2Fwp%2Fv2%2Fseries&post=4587"}],"curies":[{"name":"wp","href":"https:\/\/api.w.org\/{rel}","templated":true}]}}