{"id":4601,"date":"2020-12-11T22:28:52","date_gmt":"2020-12-11T21:28:52","guid":{"rendered":"http:\/\/bitacora.eniac2000.com\/?p=4601"},"modified":"2025-10-11T05:04:46","modified_gmt":"2025-10-11T03:04:46","slug":"camino-del-cid-2019-epilogo7vi2019","status":"publish","type":"post","link":"https:\/\/bitacora.eniac2000.com\/?p=4601","title":{"rendered":"Camino del Cid 2019: Ep\u00edlogo(07\/VI\/2019)"},"content":{"rendered":"<div class=\"seriesmeta\">Esta entrada es la parte 7 de 7 de la serie <a href=\"https:\/\/bitacora.eniac2000.com\/?series=camino-del-cid-2019\" class=\"series-1835\" title=\"Camino del Cid 2019\">Camino del Cid 2019<\/a><\/div><p>No puedo cerrar esta historia sin contar nuestra vuelta a Andaluc\u00eda. Como no pod\u00eda ser menos, volvimos en coche hasta C\u00f3rdoba, en un viaje de 5 horitas de coche. De nuevo por la N-330 hasta Utiel, para tomar posteriormente la A-3, la A-43, y por \u00faltimo, la A-4 hasta C\u00f3rdoba, aunque con una parada bastante especial: Las Navas de Tolosa.<\/p>\n<figure class=\"wp-block-piwigo-gallery-single-image piwigo-single-image\"><a href=\"https:\/\/www.eniac2000.com\/piwigo\/picture.php?\/7260\" target=\"_blank\" rel=\"noopener noreferrer\"><img decoding=\"async\" src=\"https:\/\/www.eniac2000.com\/piwigo\/_data\/i\/galleries\/albums\/2019-camino_cid\/epilogo\/IMG_20190607_130141-me.jpg\" alt=\"IMG 20190607 130141\" \/><\/a><figcaption><strong>IMG 20190607 130141<\/strong><\/figcaption><\/figure>\n<p>En mi caso, no me demor\u00e9 mucho en mi ciudad, ya que ten\u00eda que volver a Sevilla esa misma tarde en un media distancia que no hab\u00eda conseguido reservar en Valencia, pero cuya reserva -bici incluida- s\u00ed pude hacer por Internet.<\/p>\n<figure class=\"wp-block-piwigo-gallery-single-image piwigo-single-image\"><a href=\"https:\/\/www.eniac2000.com\/piwigo\/picture.php?\/7264\" target=\"_blank\" rel=\"noopener noreferrer\"><img decoding=\"async\" src=\"https:\/\/www.eniac2000.com\/piwigo\/_data\/i\/galleries\/albums\/2019-camino_cid\/epilogo\/IMG_20190607_144707-me.jpg\" alt=\"IMG 20190607 144707\" \/><\/a><figcaption><strong>IMG 20190607 144707<\/strong><\/figcaption><\/figure>\n<p>Ya en Sevilla, en vez de esperar el cercan\u00edas para Santiponce, me anim\u00e9 a cruzar la ciudad, y encaminarme a casa desde la Estaci\u00f3n de Santa Justa. Lo que tampoco era un gran drama. Algo menos de 11 kil\u00f3metros, cruzando por la Ronda Hist\u00f3rica hasta el Puente de la Barqueta, luego la Isla de la Cartuja, y por \u00faltimo mi vuelta a casa habitual desde el trabajo, por el Estadio Ol\u00edmpico y el Campo de Tiro de Camas. Nada espectacular, despu\u00e9s de haber hecho m\u00e1s de 260 kil\u00f3metros con alforjas en los d\u00edas anteriores.<\/p>\n<p>El \u00fanico aspecto molesto es algo que, en realidad, no he referido en la historia. Y es algo que ya apunt\u00e9 en el pr\u00f3logo de este relato: el sill\u00edn. Comet\u00ed el tremendo error de estrenar un sill\u00edn ergon\u00f3mico para este viaje. Un sill\u00edn pensado para cicloturismo, en teor\u00eda m\u00e1s c\u00f3modo que mi Selle de carreras, pero en la pr\u00e1ctica, una verdadera tortura. Durante las 4 jornadas de viaje -recordemos, m\u00e1s de 260 kil\u00f3metros- me estuvo haciendo rozaduras, y provocando molestias en la ingle, que en determinados momentos llegaron a dormirme las partes nobles, adem\u00e1s de hacerme unas muy fastidiosas rozaduras. As\u00ed que un consejo: nunca, nunca, nunca se ha de estrenar un sill\u00edn para un viaje de alforjas.<\/p>\n<p>Y as\u00ed, sin m\u00e1s, llegu\u00e9 a casa. Y no tard\u00e9 mucho en disfrutar de una Irish IPA de Kildare -de cervezas va la cosa- con mi se\u00f1ora esposa, que tan pacientemente hab\u00eda aguantado a su se\u00f1or marido haciendo el indio por ah\u00ed. <img src=\"https:\/\/bitacora.eniac2000.com\/wp-includes\/images\/smilies\/mrgreen.png\" alt=\":mrgreen:\" class=\"wp-smiley\" style=\"height: 1em; max-height: 1em;\" \/><\/p>\n<figure class=\"wp-block-piwigo-gallery-single-image piwigo-single-image\"><a href=\"https:\/\/www.eniac2000.com\/piwigo\/picture.php?\/7265\" target=\"_blank\" rel=\"noopener noreferrer\"><img decoding=\"async\" src=\"https:\/\/www.eniac2000.com\/piwigo\/_data\/i\/galleries\/albums\/2019-camino_cid\/epilogo\/IMG_20190607_205838-me.jpg\" alt=\"IMG 20190607 205838\" \/><\/a><figcaption><strong>IMG 20190607 205838<\/strong><\/figcaption><\/figure>\n<p>Y color\u00edn colorado, esta historia se ha acabado.<\/p>\n<p>&#8230;<\/p>\n<p>&#8230;<\/p>\n<p>&#8230;<\/p>\n<p>O casi, porque hay tres peque\u00f1os detalles m\u00e1s:<\/p>\n<p><figure class=\"wp-block-piwigo-gallery-single-image piwigo-single-image\"><a href=\"https:\/\/www.eniac2000.com\/piwigo\/picture.php?\/7267\" target=\"_blank\" rel=\"noopener noreferrer\"><img decoding=\"async\" src=\"https:\/\/www.eniac2000.com\/piwigo\/_data\/i\/galleries\/albums\/2019-camino_cid\/epilogo\/IMG_20190609_123531_532-me.jpg\" alt=\"IMG 20190609 123531 532\" \/><\/a><figcaption><strong>IMG 20190609 123531 532<\/strong><\/figcaption><\/figure><br \/>\n<figure class=\"wp-block-piwigo-gallery-single-image piwigo-single-image\"><a href=\"https:\/\/www.eniac2000.com\/piwigo\/picture.php?\/7266\" target=\"_blank\" rel=\"noopener noreferrer\"><img decoding=\"async\" src=\"https:\/\/www.eniac2000.com\/piwigo\/_data\/i\/galleries\/albums\/2019-camino_cid\/epilogo\/IMG_20190609_123515_605-me.jpg\" alt=\"IMG 20190609 123515 605\" \/><\/a><figcaption><strong>IMG 20190609 123515 605<\/strong><\/figcaption><\/figure><br \/>\nAs\u00ed quedaron las cubiertas de la bici, la delantera y la trasera. Se nota d\u00f3nde iba m\u00e1s carga.<\/p>\n<p><figure class=\"wp-block-piwigo-gallery-single-image piwigo-single-image\"><a href=\"https:\/\/www.eniac2000.com\/piwigo\/picture.php?\/7257\" target=\"_blank\" rel=\"noopener noreferrer\"><img decoding=\"async\" src=\"https:\/\/www.eniac2000.com\/piwigo\/_data\/i\/galleries\/albums\/2019-camino_cid\/epilogo\/100_2098-me.JPG\" alt=\"100 2098\" \/><\/a><figcaption><strong>100 2098<\/strong><\/figcaption><\/figure><br \/>\nTanto le gust\u00f3 a Ana lo que le contamos mi padre y yo de nuestro viaje, que ese mismo septiembre ella y yo pasamos unos d\u00edas de vacaciones en la zona. Camino del Cid, pero de Teruel hacia el norte. La foto sobre este texto es del puente romano de Calamocha. \ud83d\ude42<\/p>\n<p><figure class=\"wp-block-piwigo-gallery-single-image piwigo-single-image\"><a href=\"https:\/\/www.eniac2000.com\/piwigo\/picture.php?\/7268\" target=\"_blank\" rel=\"noopener noreferrer\"><img decoding=\"async\" src=\"https:\/\/www.eniac2000.com\/piwigo\/_data\/i\/galleries\/albums\/2019-camino_cid\/epilogo\/sidi-perez-reverte-me.jpg\" alt=\"sidi-perez-reverte\" \/><\/a><figcaption><strong>sidi-perez-reverte<\/strong><\/figcaption><\/figure><br \/>\nTambi\u00e9n ese septiembre Arturo P\u00e9rez-Reverte public\u00f3 su novela \u00abSidi, Un Relato de Frontera\u00bb, sobre las vivencias de un Rodrigo D\u00edaz de Vivar cuando era un desterrado de Castilla, que ten\u00eda que ganarse la vida en la frontera de los reinos cristianos y musulmanes. Hubiera sido estupendo tener la novela en el viaje, pero con el Poema de M\u00edo Cid ya fuimos suficientemente ilustrados.<\/p>\n<p>Y ahora s\u00ed, <em>vale<\/em>.<\/p>\n","protected":false},"excerpt":{"rendered":"<div class=\"seriesmeta\">Esta entrada es la parte 7 de 7 de la serie <a href=\"https:\/\/bitacora.eniac2000.com\/?series=camino-del-cid-2019\" class=\"series-1835\" title=\"Camino del Cid 2019\">Camino del Cid 2019<\/a><\/div><p>No puedo cerrar esta historia sin contar nuestra vuelta a<\/p>\n","protected":false},"author":1,"featured_media":0,"comment_status":"open","ping_status":"open","sticky":false,"template":"","format":"standard","meta":{"advanced_seo_description":"","jetpack_seo_html_title":"","jetpack_seo_noindex":false,"_jetpack_memberships_contains_paid_content":false,"footnotes":"","jetpack_publicize_message":"","jetpack_publicize_feature_enabled":true,"jetpack_social_post_already_shared":false,"jetpack_social_options":{"image_generator_settings":{"template":"highway","default_image_id":0,"font":"","enabled":false},"version":2}},"categories":[3,24,8,15],"tags":[154,277,392,966,1135,1500,1523,1533],"series":[1835],"class_list":["post-4601","post","type-post","status-publish","format-standard","hentry","category-camino-del-cid","category-ciclismo","category-deporte","category-la-conquista-de-valencia","tag-arturo-perez-reverte","tag-calamocha","tag-cordoba","tag-las-navas-de-tolosa","tag-mtb","tag-santiponce","tag-sevilla","tag-sidi","series-camino-del-cid-2019"],"jetpack_publicize_connections":[],"jetpack_featured_media_url":"","jetpack_sharing_enabled":true,"_links":{"self":[{"href":"https:\/\/bitacora.eniac2000.com\/index.php?rest_route=\/wp\/v2\/posts\/4601","targetHints":{"allow":["GET"]}}],"collection":[{"href":"https:\/\/bitacora.eniac2000.com\/index.php?rest_route=\/wp\/v2\/posts"}],"about":[{"href":"https:\/\/bitacora.eniac2000.com\/index.php?rest_route=\/wp\/v2\/types\/post"}],"author":[{"embeddable":true,"href":"https:\/\/bitacora.eniac2000.com\/index.php?rest_route=\/wp\/v2\/users\/1"}],"replies":[{"embeddable":true,"href":"https:\/\/bitacora.eniac2000.com\/index.php?rest_route=%2Fwp%2Fv2%2Fcomments&post=4601"}],"version-history":[{"count":1,"href":"https:\/\/bitacora.eniac2000.com\/index.php?rest_route=\/wp\/v2\/posts\/4601\/revisions"}],"predecessor-version":[{"id":11025,"href":"https:\/\/bitacora.eniac2000.com\/index.php?rest_route=\/wp\/v2\/posts\/4601\/revisions\/11025"}],"wp:attachment":[{"href":"https:\/\/bitacora.eniac2000.com\/index.php?rest_route=%2Fwp%2Fv2%2Fmedia&parent=4601"}],"wp:term":[{"taxonomy":"category","embeddable":true,"href":"https:\/\/bitacora.eniac2000.com\/index.php?rest_route=%2Fwp%2Fv2%2Fcategories&post=4601"},{"taxonomy":"post_tag","embeddable":true,"href":"https:\/\/bitacora.eniac2000.com\/index.php?rest_route=%2Fwp%2Fv2%2Ftags&post=4601"},{"taxonomy":"series","embeddable":true,"href":"https:\/\/bitacora.eniac2000.com\/index.php?rest_route=%2Fwp%2Fv2%2Fseries&post=4601"}],"curies":[{"name":"wp","href":"https:\/\/api.w.org\/{rel}","templated":true}]}}