{"id":4614,"date":"2020-12-13T14:18:20","date_gmt":"2020-12-13T13:18:20","guid":{"rendered":"http:\/\/bitacora.eniac2000.com\/?p=4614"},"modified":"2025-10-05T17:12:53","modified_gmt":"2025-10-05T15:12:53","slug":"etapa-ciclista-forcarey-puentes-del-lerez-santa-maria-de-acibeiro-28112020","status":"publish","type":"post","link":"https:\/\/bitacora.eniac2000.com\/?p=4614","title":{"rendered":"Etapa ciclista: Forcarey &#8211; Puentes del L\u00e9rez &#8211; Santa Mar\u00eda de Acibeiro (28\/11\/2020)"},"content":{"rendered":"<p>El s\u00e1bado 28 de noviembre hice la que ser\u00eda mi primera etapa ciclista en Forcarey. Por razones laborales Ana y yo vamos a pasar por aqu\u00ed una temporada, por lo cual no tuve menos que subirme una bicicleta de monta\u00f1a: una Giant Trance X4 que adquir\u00ed recientemente de segunda mano. Estupenda herramienta, vive Diox.<\/p>\n<figure class=\"wp-block-piwigo-gallery-single-image piwigo-single-image\"><a href=\"https:\/\/www.eniac2000.com\/piwigo\/picture.php?\/10957\" target=\"_blank\" rel=\"noopener noreferrer\"><img decoding=\"async\" src=\"https:\/\/www.eniac2000.com\/piwigo\/_data\/i\/galleries\/albums\/ciclismo\/20201128-forcarey-Acibeiro\/IMG_20201128_084651214_HDR-me.jpg\" alt=\"IMG 20201128 084651214 HDR\" \/><\/a><figcaption><strong>IMG 20201128 084651214 HDR<\/strong><\/figcaption><\/figure>\n<p>Tiene Forcarey algunos aspectos interesantes: se ubica en una zona del interior de la provincia de Pontevedra, casi en el centro geogr\u00e1fico de Galicia, y aproximadamente a la misma distancia de Pontevedra, Santiago de Compostela y Orense. Y al ser una zona de media monta\u00f1a, tiene gran cantidad de recorridos para hacer. La zona, adem\u00e1s, es pr\u00f3diga en elementos culturales para conocer: calzadas romanas, poblados celtas, monumentos megal\u00edticos, monasterios y puentes medievales, adem\u00e1s del nacimiento de los tres r\u00edos m\u00e1s importantes (excepci\u00f3n del Mi\u00f1o) de la provincia de Pontevedra: el Verdugo, el Umia y el L\u00e9rez. De este \u00faltimo pasa cerca de Forcarey un recorrido PR (PR-G 113, para ser exactos) por sus puentes, desde el Monasterio de Santa Mar\u00eda de Acibeiro (siglo XII), que se puede recorrer de manera lineal, pero que se puede hacer circular enlazando por algunas carreteras y pistas de la zona.<\/p>\n<figure class=\"wp-block-piwigo-gallery-single-image piwigo-single-image\"><a href=\"https:\/\/www.eniac2000.com\/piwigo\/picture.php?\/10958\" target=\"_blank\" rel=\"noopener noreferrer\"><img decoding=\"async\" src=\"https:\/\/www.eniac2000.com\/piwigo\/_data\/i\/galleries\/albums\/ciclismo\/20201128-forcarey-Acibeiro\/IMG_20201128_085437548-me.jpg\" alt=\"IMG 20201128 085437548\" \/><\/a><figcaption><strong>IMG 20201128 085437548<\/strong><\/figcaption><\/figure>\n<p>As\u00ed pues, sal\u00ed de Forcarey, bajando hasta la ribera del L\u00e9rez por la aldea de A Ponte. All\u00ed pude encontrar sin mucha dificultad las marcas blancas y amarillas del PR-G 113. Lo tom\u00e9 en sentido descendente del r\u00edo. Era una ma\u00f1ana heladora, y el encontrarse junto al r\u00edo no contribu\u00eda a mejorar las cosas. Adem\u00e1s el sendero no es ciclable en muchos de los tramos, por lo que era necesario echar pie a tierra y la bici al hombro. Lo que con pedales autom\u00e1ticos no era especialmente sencillo -ni seguro- con la cantidad de barro, hojarasca h\u00fameda y piedras de la zona.<\/p>\n<figure class=\"wp-block-piwigo-gallery-single-image piwigo-single-image\"><a href=\"https:\/\/www.eniac2000.com\/piwigo\/picture.php?\/10960\" target=\"_blank\" rel=\"noopener noreferrer\"><img decoding=\"async\" src=\"https:\/\/www.eniac2000.com\/piwigo\/_data\/i\/galleries\/albums\/ciclismo\/20201128-forcarey-Acibeiro\/IMG_20201128_090226213_HDR-me.jpg\" alt=\"IMG 20201128 090226213 HDR\" \/><\/a><figcaption><strong>IMG 20201128 090226213 HDR<\/strong><\/figcaption><\/figure>\n<p>Sin embargo, el esfuerzo tuvo pronto su recompensa, cuando el estrecho sendero fluvial se abri\u00f3 al llegar a una vieja represa, motivada por la existencia de un molino harinero, junto al puente de Gomail. Una aut\u00e9ntica belleza medieval de tres arcos, y que adem\u00e1s conllevaba una sorpresa:<\/p>\n<p><figure class=\"wp-block-piwigo-gallery-single-image piwigo-single-image\"><a href=\"https:\/\/www.eniac2000.com\/piwigo\/picture.php?\/10962\" target=\"_blank\" rel=\"noopener noreferrer\"><img decoding=\"async\" src=\"https:\/\/www.eniac2000.com\/piwigo\/_data\/i\/galleries\/albums\/ciclismo\/20201128-forcarey-Acibeiro\/IMG_20201128_091135432-me.jpg\" alt=\"IMG 20201128 091135432\" \/><\/a><figcaption><strong>IMG 20201128 091135432<\/strong><\/figcaption><\/figure><br \/>\n<figure class=\"wp-block-piwigo-gallery-single-image piwigo-single-image\"><a href=\"https:\/\/www.eniac2000.com\/piwigo\/picture.php?\/10964\" target=\"_blank\" rel=\"noopener noreferrer\"><img decoding=\"async\" src=\"https:\/\/www.eniac2000.com\/piwigo\/_data\/i\/galleries\/albums\/ciclismo\/20201128-forcarey-Acibeiro\/IMG_20201128_091214977_HDR-me.jpg\" alt=\"IMG 20201128 091214977 HDR\" \/><\/a><figcaption><strong>IMG 20201128 091214977 HDR<\/strong><\/figcaption><\/figure><\/p>\n<p>&#8230;y es que nos encontr\u00e1bamos en el trazado de un nuevo Camino de Santiago que se ha recuperado: el de Geira y de los Arrieros. Este Camino transcurre por una antigua calzada romana desde lo que hoy es el norte de Portugal hasta la zona norte de Galicia. A\u00fan no cuenta con reconocimiento oficial, pero es algo que se espera que no tarde en conseguir.<\/p>\n<p>Pasado este punto, tocaba salir del fondo del valle, y para ello el camino sigue una antigua corredoira, que lleva a las aldeas de Gax\u00edn y Cabanas, primero, y luego a Cachafeiro. Una aut\u00e9ntica paliza, que no hac\u00eda sino demostrarme que despu\u00e9s de unos cuantos meses sin apenas coger la bici, el ciclismo estaba poni\u00e9ndome las cosas en su sitio. Al menos, el paisaje era estupendo.<\/p>\n<figure class=\"wp-block-piwigo-gallery-single-image piwigo-single-image\"><a href=\"https:\/\/www.eniac2000.com\/piwigo\/picture.php?\/10967\" target=\"_blank\" rel=\"noopener noreferrer\"><img decoding=\"async\" src=\"https:\/\/www.eniac2000.com\/piwigo\/_data\/i\/galleries\/albums\/ciclismo\/20201128-forcarey-Acibeiro\/IMG_20201128_092305408-me.jpg\" alt=\"IMG 20201128 092305408\" \/><\/a><figcaption><strong>IMG 20201128 092305408<\/strong><\/figcaption><\/figure>\n<p>Llegados a Cachafeiro, se toma una carretera rural que lleva, en suave descenso, hasta la aldea de Espindo, para despu\u00e9s conducir al campamento juvenil Pontemaril. Estrictamente hablando, no hay que llegar a \u00e9l, sino salir por una pista a la derecha de la carretera, se\u00f1alizada como Castro de Loureiro. Pero me confund\u00ed, segu\u00ed por la carretera, lo que me cost\u00f3 un rato de consultar mapas y cruzar corredoiras. No fue un rato, desaprovechado, pese a todo.<\/p>\n<p>Una vez encontrado el camino, la pista vuelve a subir de manera abrupta, dura, aunque no deja de ser amplia y asequible. Y al llegar arriba, la sorpresa: uno de los castros fortificados mejor conservados de Galicia, aunque poco conocido, y abandonado en mitad de la nada. Pude darme el gusto de recorrerlo, si bien cubierto por la hojarasca, antes de continuar mi recorrido.<\/p>\n<figure class=\"wp-block-piwigo-gallery-single-image piwigo-single-image\"><a href=\"https:\/\/www.eniac2000.com\/piwigo\/picture.php?\/10969\" target=\"_blank\" rel=\"noopener noreferrer\"><img decoding=\"async\" src=\"https:\/\/www.eniac2000.com\/piwigo\/_data\/i\/galleries\/albums\/ciclismo\/20201128-forcarey-Acibeiro\/IMG_20201128_095536315-me.jpg\" alt=\"IMG 20201128 095536315\" \/><\/a><figcaption><strong>IMG 20201128 095536315<\/strong><\/figcaption><\/figure>\n<p>Una vez dejado atr\u00e1s el castro, se llega a una nueva carretera rural, a la altura de Loureiro; all\u00ed se gira a la izquierda, para de nuevo girar a la derecha, en una tremenda subida con rampas del 15% hasta Vali\u00f1as. Quiz\u00e1s el tramo m\u00e1s desagradable del trayecto, merced a la existencia de sendas vaquer\u00edas, a la entrada y salida de la aldea, que atufan la zona. En fin, cosas del agro.<\/p>\n<p>Pasada Vali\u00f1as, se toma una nueva pista agr\u00edcola, que tras dos kil\u00f3metros de ardua subida desemboca en la PO-534, y que constituye la cota m\u00e1xima de la etapa. Desde all\u00ed, en falso llano y posteriormente en suave descenso, se acaba llegando (bien por carretera o por una divertida pista paralela a ella) hasta el cruce que permite llegar hasta el monasterio de Santa Mar\u00eda de Acibeiro, como ya he apuntado, construido en el siglo XII, y que a d\u00eda de hoy es un estupendo hotel rural.<\/p>\n<p><figure class=\"wp-block-piwigo-gallery-single-image piwigo-single-image\"><a href=\"https:\/\/www.eniac2000.com\/piwigo\/picture.php?\/10972\" target=\"_blank\" rel=\"noopener noreferrer\"><img decoding=\"async\" src=\"https:\/\/www.eniac2000.com\/piwigo\/_data\/i\/galleries\/albums\/ciclismo\/20201128-forcarey-Acibeiro\/IMG_20201128_104714019-me.jpg\" alt=\"IMG 20201128 104714019\" \/><\/a><figcaption><strong>IMG 20201128 104714019<\/strong><\/figcaption><\/figure><br \/>\n<figure class=\"wp-block-piwigo-gallery-single-image piwigo-single-image\"><a href=\"https:\/\/www.eniac2000.com\/piwigo\/picture.php?\/10974\" target=\"_blank\" rel=\"noopener noreferrer\"><img decoding=\"async\" src=\"https:\/\/www.eniac2000.com\/piwigo\/_data\/i\/galleries\/albums\/ciclismo\/20201128-forcarey-Acibeiro\/IMG_20201128_104757189-me.jpg\" alt=\"IMG 20201128 104757189\" \/><\/a><figcaption><strong>IMG 20201128 104757189<\/strong><\/figcaption><\/figure><\/p>\n<p>Desde all\u00ed mi idea era retomar el PR-G, y desembocar de nuevo en Forcarey, pero la ma\u00f1ana se me estaba echando encima, y llevaba ya una cierta paliza en el cuerpo. As\u00ed que opt\u00e9 por bajar por la PO-534 de nuevo hasta Cachafeiro, y desde all\u00ed volver a Forcarey por carretera, dando por finalizada la etapa. Una estupenda inauguraci\u00f3n de mis salidas por la zona.<\/p>\n<p><strong>Datos de la etapa<\/strong><\/p>\n<p><strong>Distancia:<\/strong> 24&#8217;571 km<br \/>\n<strong>Distancia (seg\u00fan el GPS):<\/strong> 24\u201954 km<br \/>\n<strong>Altitud ascendida:<\/strong> 543 m<br \/>\n<strong>Tiempo de etapa:<\/strong> 2:17:31<br \/>\n<strong>Tiempo desde el inicio de la etapa:<\/strong> 2:34:34<br \/>\n<strong>Calor\u00edas consumidas:<\/strong> 2289 kcal<\/p>\n<p><iframe height='405' width='590' frameborder='0' allowtransparency='true' scrolling='no' src='https:\/\/www.strava.com\/activities\/4400826052\/embed\/a8a28e1d030ace6aabb6ad92872d58b458fab6d2'><\/iframe><\/p>\n","protected":false},"excerpt":{"rendered":"<p>El s\u00e1bado 28 de noviembre hice la que ser\u00eda mi<\/p>\n","protected":false},"author":1,"featured_media":0,"comment_status":"open","ping_status":"open","sticky":false,"template":"","format":"standard","meta":{"advanced_seo_description":"","jetpack_seo_html_title":"","jetpack_seo_noindex":false,"_jetpack_memberships_contains_paid_content":false,"footnotes":"","jetpack_publicize_message":"","jetpack_publicize_feature_enabled":true,"jetpack_social_post_already_shared":false,"jetpack_social_options":{"image_generator_settings":{"template":"highway","default_image_id":0,"font":"","enabled":false},"version":2}},"categories":[24,8],"tags":[274,291,365,683,734,1135,1295,1302,1338,1491,1698],"series":[],"class_list":["post-4614","post","type-post","status-publish","format-standard","hentry","category-ciclismo","category-deporte","tag-cachafeiro","tag-camino-de-geira-y-de-los-arrieros","tag-castro-de-loureiro","tag-forcarey","tag-gomail","tag-mtb","tag-pontevedra","tag-pr-g-113","tag-puentes-del-lerez","tag-santa-maria-de-acibeiro","tag-valinas"],"jetpack_publicize_connections":[],"jetpack_featured_media_url":"","jetpack_sharing_enabled":true,"_links":{"self":[{"href":"https:\/\/bitacora.eniac2000.com\/index.php?rest_route=\/wp\/v2\/posts\/4614","targetHints":{"allow":["GET"]}}],"collection":[{"href":"https:\/\/bitacora.eniac2000.com\/index.php?rest_route=\/wp\/v2\/posts"}],"about":[{"href":"https:\/\/bitacora.eniac2000.com\/index.php?rest_route=\/wp\/v2\/types\/post"}],"author":[{"embeddable":true,"href":"https:\/\/bitacora.eniac2000.com\/index.php?rest_route=\/wp\/v2\/users\/1"}],"replies":[{"embeddable":true,"href":"https:\/\/bitacora.eniac2000.com\/index.php?rest_route=%2Fwp%2Fv2%2Fcomments&post=4614"}],"version-history":[{"count":0,"href":"https:\/\/bitacora.eniac2000.com\/index.php?rest_route=\/wp\/v2\/posts\/4614\/revisions"}],"wp:attachment":[{"href":"https:\/\/bitacora.eniac2000.com\/index.php?rest_route=%2Fwp%2Fv2%2Fmedia&parent=4614"}],"wp:term":[{"taxonomy":"category","embeddable":true,"href":"https:\/\/bitacora.eniac2000.com\/index.php?rest_route=%2Fwp%2Fv2%2Fcategories&post=4614"},{"taxonomy":"post_tag","embeddable":true,"href":"https:\/\/bitacora.eniac2000.com\/index.php?rest_route=%2Fwp%2Fv2%2Ftags&post=4614"},{"taxonomy":"series","embeddable":true,"href":"https:\/\/bitacora.eniac2000.com\/index.php?rest_route=%2Fwp%2Fv2%2Fseries&post=4614"}],"curies":[{"name":"wp","href":"https:\/\/api.w.org\/{rel}","templated":true}]}}