{"id":4617,"date":"2020-12-15T19:39:00","date_gmt":"2020-12-15T18:39:00","guid":{"rendered":"http:\/\/bitacora.eniac2000.com\/?p=4617"},"modified":"2025-10-05T17:12:53","modified_gmt":"2025-10-05T15:12:53","slug":"etapa-ciclista-subida-a-portalen-durante-la-tormenta-dora-06122020","status":"publish","type":"post","link":"https:\/\/bitacora.eniac2000.com\/?p=4617","title":{"rendered":"Etapa ciclista: subida a Portal\u00e9n durante la Tormenta Dora (06\/12\/2020)"},"content":{"rendered":"<p>El fin de semana del 5-6 de diciembre se sufrieron en Espa\u00f1a los efectos de la Tormenta Dora. En lo que respecta a Forcarey, dichos efectos se tradujeron en lluvias muy intensas, al inicio, seguidas de nevadas, que no tardaron en dejarnos un resultado como el que sigue en el cercano Monte Seixo:<\/p>\n<figure class=\"wp-block-piwigo-gallery-single-image piwigo-single-image\"><a href=\"https:\/\/www.eniac2000.com\/piwigo\/picture.php?\/10976\" target=\"_blank\" rel=\"noopener noreferrer\"><img decoding=\"async\" src=\"https:\/\/www.eniac2000.com\/piwigo\/_data\/i\/galleries\/albums\/ciclismo\/20201206-monte-seixo\/IMG_20201205_084938703-me.jpg\" alt=\"IMG 20201205 084938703\" \/><\/a><figcaption><strong>IMG 20201205 084938703<\/strong><\/figcaption><\/figure>\n<p>Sabiendo que en lo alto de la Sierra de Cando, a la que pertenece Monte Seixo, se encuentran diversos restos megal\u00edticos, no hizo falta demasiado tiempo para que me empezara a gotear el colmillo ante la perspectiva de poder rodar un poco en la zona con nieve. Y ten\u00eda un claro objetivo en mente: Portal\u00e9n, la puerta al otro mundo. Y es que entre los elementos megal\u00edticos de la zona destacan dos: el menhir de Marco do Vento, y su cercano compa\u00f1ero, Portal\u00e9n, o la Puerta de Al\u00e9n, un grupo de restos gran\u00edticos cuarteados por la intemperie, pero sobre los que un par de ellos se alza una ins\u00f3lita roca a modo de dintel, constituyendo una suerte de puerta.<\/p>\n<p>El domingo por la ma\u00f1ana tuve la suerte de que el tiempo concedi\u00f3 una tregua por la ma\u00f1ana, ante lo que me falt\u00f3 tiempo para cargar la bici en el coche, y dirigirme a los aleda\u00f1os de la Sierra de Cando. Dado que desconoc\u00eda el estado y tr\u00e1fico de las carreteras, no quise arriesgarme a recorrerlas con tiempo tan complicado, y opt\u00e9 por un plan conservador: dirigirme a la aldea de Carball\u00e1s, a media subida hacia lo alto del monte. Llegu\u00e9 all\u00ed al filo de las 9 de la ma\u00f1ana, y a las 9:11h ya estaba rodando. Y con fr\u00edo, bastante fr\u00edo: 2\u00baC seg\u00fan el term\u00f3metro del coche.<\/p>\n<p>Por suerte iba a entrar en calor pronto. La subida es directa (en realidad, desde pr\u00e1cticamente la cercana Cerdedo no se deja de subir), dura y sostenida. Rampas de hasta el 15% por asfalto, cruzando pasos canadienses y en los que al poco de salir del pueblo empec\u00e9 a ver la nieve. La paliza dura algo m\u00e1s de dos kil\u00f3metros antes de conceder un breve respiro, para a continuaci\u00f3n tener otro tanto de lo mismo.<\/p>\n<figure class=\"wp-block-piwigo-gallery-single-image piwigo-single-image\"><a href=\"https:\/\/www.eniac2000.com\/piwigo\/picture.php?\/10977\" target=\"_blank\" rel=\"noopener noreferrer\"><img decoding=\"async\" src=\"https:\/\/www.eniac2000.com\/piwigo\/_data\/i\/galleries\/albums\/ciclismo\/20201206-monte-seixo\/IMG_20201206_093252662-me.jpg\" alt=\"IMG 20201206 093252662\" \/><\/a><figcaption><strong>IMG 20201206 093252662<\/strong><\/figcaption><\/figure>\n<p>A medida que iba ascendiendo, en una pista asfaltada sin tr\u00e1fico alguno la nieve, que al poco de salir del pueblo ya se hab\u00eda hecho presente, pas\u00f3 a ser algo m\u00e1s que una an\u00e9cdota. Lo que, combinado con las espectaculares vistas que ten\u00eda ya desde medio ascenso, promet\u00edan una etapa fuera de lo com\u00fan. Y lo acabar\u00eda siendo, pero no por lo que yo esperaba. Cuando me aproximaba a la cima (968 msnm), la niebla, o m\u00e1s bien nubes bajas, hicieron acto de presencia, convirtiendo las estupendas vistas en una sucesi\u00f3n de borrones blancuzcos que emerg\u00edan de la gran mancha blanca en la que se hab\u00eda convertido el entorno. Hermoso a su manera, pero estremecedor al aproximarse a la cota m\u00e1xima de la etapa, y el lugar donde empezabas a encontrar aerogeneradores.<\/p>\n<figure class=\"wp-block-piwigo-gallery-single-image piwigo-single-image\"><a href=\"https:\/\/www.eniac2000.com\/piwigo\/picture.php?\/10983\" target=\"_blank\" rel=\"noopener noreferrer\"><img decoding=\"async\" src=\"https:\/\/www.eniac2000.com\/piwigo\/_data\/i\/galleries\/albums\/ciclismo\/20201206-monte-seixo\/IMG_20201206_095447339-me.jpg\" alt=\"IMG 20201206 095447339\" \/><\/a><figcaption><strong>IMG 20201206 095447339<\/strong><\/figcaption><\/figure>\n<p>A esas alturas la pista se hab\u00eda reducido a apenas dos surcos en la nieve, gracias a la presencia el d\u00eda anterior de operarios en el parque e\u00f3lico, y que no promet\u00edan nada bueno para mi integridad f\u00edsica en caso de salirme de ellos. No es que mi experiencia con la nieve sea muy grande: una bajada del puerto de Cebreiro en 2007, una etapa en Ballinastoe (Irlanda) en 2017, y esa ma\u00f1ana. Pero por suerte las estupendas Kenda Navegal que monta la Giant hicieron su trabajo. M\u00e1s adelante iba a necesitarlas.<\/p>\n<p><iframe loading=\"lazy\" frameborder=\"0\" width=\"512\" height=\"288\" src=\"https:\/\/www.dailymotion.com\/embed\/video\/x7y3kyo\" allowfullscreen allow=\"autoplay; fullscreen; picture-in-picture\"><\/iframe><\/p>\n<p>Una vez ascendido Monte Seixo, no existe una cima propiamente dicha, sino una especie de falso llano en altura, por el que se encuentran ubicados los aerogeneradores del parque e\u00f3lico. Avanc\u00e9 por la pista de mantenimiento en busca del Marco do Vento y Portal\u00e9n, que sab\u00eda cercanos a la pista, junto a un aerogenerador, a mano izquierda en el sentido de mi avance. Pero la niebla poco a poco estrechaba su abrazo, y la visibilidad se ve\u00eda claramente perjudicada, con el riesgo de pas\u00e1rmelos&#8230; como fue el caso. Tras consultar el GPS y volver sobre mis pasos, di con el aerogenerador, pero ni rastro del Marco do Vento ni de Portal\u00e9n. No se ve\u00eda a m\u00e1s de 20 metros. Quedaba explorar un poco. El grosor de la nieve era a esas alturas de unos 10-15 cm, pero en la pr\u00e1ctica se encontraba sobre matorrales, por lo que al poco de salirte del camino te ve\u00edas con nieve hasta la rodilla. Y as\u00ed, tras explorar un poco, di con el primero de los monumentos: el Marco do Vento.<\/p>\n<figure class=\"wp-block-piwigo-gallery-single-image piwigo-single-image\"><a href=\"https:\/\/www.eniac2000.com\/piwigo\/picture.php?\/10984\" target=\"_blank\" rel=\"noopener noreferrer\"><img decoding=\"async\" src=\"https:\/\/www.eniac2000.com\/piwigo\/_data\/i\/galleries\/albums\/ciclismo\/20201206-monte-seixo\/IMG_20201206_101549235-me.jpg\" alt=\"IMG 20201206 101549235\" \/><\/a><figcaption><strong>IMG 20201206 101549235<\/strong><\/figcaption><\/figure>\n<p>El Marco do Vento es un menhir de unos 5-6 metros de altura, que destaca ins\u00f3litamente del resto de rocas gran\u00edticas de su entorno, precisamente por su colocaci\u00f3n vertical. En d\u00edas normales tiene que ser impresionante, pero esa ma\u00f1ana, entre la niebla, resultaba algo siniestro. Y una vez dado con el Marco do Vento, sab\u00eda que Portal\u00e9n no se encontraba muy lejos. Y en efecto, tras un rato de arrastrar la bici por la nieve, pude distinguir su tremenda silueta. Portal\u00e9n: la Puerta del Mas All\u00e1.<\/p>\n<figure class=\"wp-block-piwigo-gallery-single-image piwigo-single-image\"><a href=\"https:\/\/www.eniac2000.com\/piwigo\/picture.php?\/10988\" target=\"_blank\" rel=\"noopener noreferrer\"><img decoding=\"async\" src=\"https:\/\/www.eniac2000.com\/piwigo\/_data\/i\/galleries\/albums\/ciclismo\/20201206-monte-seixo\/IMG_20201206_102215610-me.jpg\" alt=\"IMG 20201206 102215610\" \/><\/a><figcaption><strong>IMG 20201206 102215610<\/strong><\/figcaption><\/figure>\n<p>Como se aprecia, son tres secciones de granito separadas entre s\u00ed por grandes espacios vac\u00edos en vertical, que podr\u00edan ser naturales, pero sobre dos de ellas se encuentra una piedra de manera completamente antinatural, que hace muy dif\u00edcil pensar que sea un capricho de la naturaleza, y m\u00e1s resultado de la mano del hombre. Como son indudablemente mano del hombre las ofrendas que se encuentran bajo el dintel de la puerta:<\/p>\n<figure class=\"wp-block-piwigo-gallery-single-image piwigo-single-image\"><a href=\"https:\/\/www.eniac2000.com\/piwigo\/picture.php?\/10990\" target=\"_blank\" rel=\"noopener noreferrer\"><img decoding=\"async\" src=\"https:\/\/www.eniac2000.com\/piwigo\/_data\/i\/galleries\/albums\/ciclismo\/20201206-monte-seixo\/IMG_20201206_102244098-me.jpg\" alt=\"IMG 20201206 102244098\" \/><\/a><figcaption><strong>IMG 20201206 102244098<\/strong><\/figcaption><\/figure>\n<blockquote><p>La Porta do Al\u00e9n seg\u00fan la mitolog\u00eda, es la puerta al otro mundo y por ello se debe pasar por ella para comunicarse con los muertos y all\u00ed preguntarle lo que se desee. Se debe entrar desde el Norte hacia al Sur. El viento os dar\u00e1 la respuesta pero nadie debe saberlo. Es preciso volver a salir por la puerta ya que si no quedaremos en el mundo de los muertos.<\/p><\/blockquote>\n<p>(<a href=\"https:\/\/www.galiciamaxica.eu\/galicia\/pontevedra\/portalen\/\" target=\"_blank\">GaliciaM\u00e1xica<\/a>)<\/p>\n<p>Por mi parte, tuve buen cuidado de cruzar de norte a sur, y de no preguntar nada, por el viejo principio de no hacer preguntas cuya respuesta no quieras saber, ni qui\u00e9n te puede responder. As\u00ed, tras un rato haciendo el indio, y con cierto problema de congelaci\u00f3n en los pies (a diox gracias hab\u00eda reemplazado ya los pedales autom\u00e1ticos por rastrales y llevaba mis botas de campo, pero me encontraba de nieve hasta media pierna), desand\u00e9 el camino, y me dispuse a volver a Carball\u00e1s, no sin antes contemplar el paisaje circundante una vez m\u00e1s:<\/p>\n<figure class=\"wp-block-piwigo-gallery-single-image piwigo-single-image\"><a href=\"https:\/\/www.eniac2000.com\/piwigo\/picture.php?\/10999\" target=\"_blank\" rel=\"noopener noreferrer\"><img decoding=\"async\" src=\"https:\/\/www.eniac2000.com\/piwigo\/_data\/i\/galleries\/albums\/ciclismo\/20201206-monte-seixo\/IMG_20201206_102837526-me.jpg\" alt=\"IMG 20201206 102837526\" \/><\/a><figcaption><strong>IMG 20201206 102837526<\/strong><\/figcaption><\/figure>\n<p>Nieve y niebla hasta donde alcanzaba la vista, que no era mucho.<\/p>\n<p>Una vez volv\u00ed al camino, desand\u00e9 mis pasos hasta un cruce a mano izquierda. Un supuesto camino sin salida, pero que en los mapas aparec\u00eda con enlace a media subida que hab\u00eda hecho anteriormente. Y con m\u00e1s nieve. C\u00f3mo contenerse. Un descenso bastante divertido, pero en el que me despist\u00e9 dos veces, lo que me cost\u00f3 afrontar duras subidas que me pod\u00eda haber ahorrado. Pero fue esfuerzo bien invertido, ya que pude disfrutar de peque\u00f1os lagos helados de monta\u00f1a&#8230;<\/p>\n<figure class=\"wp-block-piwigo-gallery-single-image piwigo-single-image\"><a href=\"https:\/\/www.eniac2000.com\/piwigo\/picture.php?\/11001\" target=\"_blank\" rel=\"noopener noreferrer\"><img decoding=\"async\" src=\"https:\/\/www.eniac2000.com\/piwigo\/_data\/i\/galleries\/albums\/ciclismo\/20201206-monte-seixo\/IMG_20201206_104524576-me.jpg\" alt=\"IMG 20201206 104524576\" \/><\/a><figcaption><strong>IMG 20201206 104524576<\/strong><\/figcaption><\/figure>\n<p>&#8230;unas estupendas vistas del valle, una vez hube bajado lo suficiente, y el encontrarme con caballitos salvajes. Tras volver a la pista de mantenimiento del parque, afront\u00e9 el descenso a Carball\u00e1s, antes de volver a caer en la tentaci\u00f3n. Hab\u00eda previsto bajar al pueblo por una pista forestal que se abr\u00eda a mano derecha, sentido descendente, y que supon\u00eda una variaci\u00f3n sobre el camino de ascenso. No tard\u00e9 en encontrarla, cubierta de nieve sin sendero, surco o marca alguna. Nadie en su sano juicio ir\u00eda por ah\u00ed.<\/p>\n<p>En efecto, nadie. La gracia de rodar en nieve fresca es que una vez clavado en la nieve \u00e9sta te hace rodar recto. Lo que no est\u00e1 mal, salvo que quieras cambiar de direcci\u00f3n, o sea el camino el que lo haga. Y esto \u00faltimo era precisamente lo que pasaba en la revirada pista por la que iba bajando, sin ver ni torta de las piedras, surcos, ramas o agujeros que hab\u00eda bajo la uniforme capa de nieve.<\/p>\n<figure class=\"wp-block-piwigo-gallery-single-image piwigo-single-image\"><a href=\"https:\/\/www.eniac2000.com\/piwigo\/picture.php?\/11003\" target=\"_blank\" rel=\"noopener noreferrer\"><img decoding=\"async\" src=\"https:\/\/www.eniac2000.com\/piwigo\/_data\/i\/galleries\/albums\/ciclismo\/20201206-monte-seixo\/IMG_20201206_111752482-me.jpg\" alt=\"IMG 20201206 111752482\" \/><\/a><figcaption><strong>IMG 20201206 111752482<\/strong><\/figcaption><\/figure>\n<p>Me asombra decir que sal\u00ed del trance sin un rasgu\u00f1o ni un solo extra\u00f1o de la bici. Gracias por las Kenda Navegal que llevaba montadas, se demostraron a prueba de todo. Pronto dej\u00e9 atr\u00e1s la nieve, para quedarme con un camino embarrado que me hizo sufrir las de Ca\u00edn antes de llegar de nuevo a Carball\u00e1s, donde, antes de dar por finalizada la etapa, hice un peque\u00f1o recorrido tur\u00edstico por su exiguo -pero bello- casco urbano.<\/p>\n<p> <figure class=\"wp-block-piwigo-gallery-single-image piwigo-single-image\"><a href=\"https:\/\/www.eniac2000.com\/piwigo\/picture.php?\/11004\" target=\"_blank\" rel=\"noopener noreferrer\"><img decoding=\"async\" src=\"https:\/\/www.eniac2000.com\/piwigo\/_data\/i\/galleries\/albums\/ciclismo\/20201206-monte-seixo\/IMG_20201206_112618839-me.jpg\" alt=\"IMG 20201206 112618839\" \/><\/a><figcaption><strong>IMG 20201206 112618839<\/strong><\/figcaption><\/figure><br \/>\n <figure class=\"wp-block-piwigo-gallery-single-image piwigo-single-image\"><a href=\"https:\/\/www.eniac2000.com\/piwigo\/picture.php?\/11005\" target=\"_blank\" rel=\"noopener noreferrer\"><img decoding=\"async\" src=\"https:\/\/www.eniac2000.com\/piwigo\/_data\/i\/galleries\/albums\/ciclismo\/20201206-monte-seixo\/IMG_20201206_112728502-me.jpg\" alt=\"IMG 20201206 112728502\" \/><\/a><figcaption><strong>IMG 20201206 112728502<\/strong><\/figcaption><\/figure><br \/>\n <figure class=\"wp-block-piwigo-gallery-single-image piwigo-single-image\"><a href=\"https:\/\/www.eniac2000.com\/piwigo\/picture.php?\/11007\" target=\"_blank\" rel=\"noopener noreferrer\"><img decoding=\"async\" src=\"https:\/\/www.eniac2000.com\/piwigo\/_data\/i\/galleries\/albums\/ciclismo\/20201206-monte-seixo\/IMG_20201206_112836413-me.jpg\" alt=\"IMG 20201206 112836413\" \/><\/a><figcaption><strong>IMG 20201206 112836413<\/strong><\/figcaption><\/figure><\/p>\n<p>Tras finalizar la etapa, cargu\u00e9 la bici en el coche, y me dirig\u00ed de vuelta a casa. Al poco de bajar de la monta\u00f1a y entrar en el casco urbano de Cerdedo, empez\u00f3 a llover. Ya no dejar\u00eda de hacerlo hasta dos d\u00edas despu\u00e9s.<\/p>\n<p><strong>Datos de la etapa<\/strong><\/p>\n<p><strong>Distancia:<\/strong> 19&#8217;672km km<br \/>\n<strong>Distancia (seg\u00fan el GPS):<\/strong> 19&#8217;66 km<br \/>\n<strong>Altitud ascendida:<\/strong> 453 m<br \/>\n<strong>Tiempo de etapa:<\/strong> 1:48:22<br \/>\n<strong>Tiempo desde el inicio de la etapa:<\/strong> 2:18:52<br \/>\n<strong>Calor\u00edas consumidas:<\/strong> 935 kcal<\/p>\n<p><iframe height='405' width='590' frameborder='0' allowtransparency='true' scrolling='no' src='https:\/\/www.strava.com\/activities\/4436310433\/embed\/5a22fdd66e9a7350a295dc59eaab6c5d08e0f395'><\/iframe><\/p>\n","protected":false},"excerpt":{"rendered":"<p>El fin de semana del 5-6 de diciembre se sufrieron<\/p>\n","protected":false},"author":1,"featured_media":0,"comment_status":"open","ping_status":"open","sticky":false,"template":"","format":"standard","meta":{"advanced_seo_description":"","jetpack_seo_html_title":"","jetpack_seo_noindex":false,"_jetpack_memberships_contains_paid_content":false,"footnotes":"","jetpack_publicize_message":"","jetpack_publicize_feature_enabled":true,"jetpack_social_post_already_shared":false,"jetpack_social_options":{"image_generator_settings":{"template":"highway","default_image_id":0,"font":"","enabled":false},"version":2}},"categories":[24,8],"tags":[400,683,1036,1118,1135,1295,1296,1541,1647],"series":[],"class_list":["post-4617","post","type-post","status-publish","format-standard","hentry","category-ciclismo","category-deporte","tag-cerdedo","tag-forcarey","tag-marco-do-vento","tag-monte-seixo","tag-mtb","tag-pontevedra","tag-portalen","tag-sierra-de-cando","tag-tormenta-dora"],"jetpack_publicize_connections":[],"jetpack_featured_media_url":"","jetpack_sharing_enabled":true,"_links":{"self":[{"href":"https:\/\/bitacora.eniac2000.com\/index.php?rest_route=\/wp\/v2\/posts\/4617","targetHints":{"allow":["GET"]}}],"collection":[{"href":"https:\/\/bitacora.eniac2000.com\/index.php?rest_route=\/wp\/v2\/posts"}],"about":[{"href":"https:\/\/bitacora.eniac2000.com\/index.php?rest_route=\/wp\/v2\/types\/post"}],"author":[{"embeddable":true,"href":"https:\/\/bitacora.eniac2000.com\/index.php?rest_route=\/wp\/v2\/users\/1"}],"replies":[{"embeddable":true,"href":"https:\/\/bitacora.eniac2000.com\/index.php?rest_route=%2Fwp%2Fv2%2Fcomments&post=4617"}],"version-history":[{"count":0,"href":"https:\/\/bitacora.eniac2000.com\/index.php?rest_route=\/wp\/v2\/posts\/4617\/revisions"}],"wp:attachment":[{"href":"https:\/\/bitacora.eniac2000.com\/index.php?rest_route=%2Fwp%2Fv2%2Fmedia&parent=4617"}],"wp:term":[{"taxonomy":"category","embeddable":true,"href":"https:\/\/bitacora.eniac2000.com\/index.php?rest_route=%2Fwp%2Fv2%2Fcategories&post=4617"},{"taxonomy":"post_tag","embeddable":true,"href":"https:\/\/bitacora.eniac2000.com\/index.php?rest_route=%2Fwp%2Fv2%2Ftags&post=4617"},{"taxonomy":"series","embeddable":true,"href":"https:\/\/bitacora.eniac2000.com\/index.php?rest_route=%2Fwp%2Fv2%2Fseries&post=4617"}],"curies":[{"name":"wp","href":"https:\/\/api.w.org\/{rel}","templated":true}]}}