{"id":4625,"date":"2020-12-18T18:53:26","date_gmt":"2020-12-18T17:53:26","guid":{"rendered":"http:\/\/bitacora.eniac2000.com\/?p=4625"},"modified":"2025-10-05T17:12:53","modified_gmt":"2025-10-05T15:12:53","slug":"etapa-ciclista-observatorio-astronomico-de-forcarey-y-puentes-del-lerez-12122020","status":"publish","type":"post","link":"https:\/\/bitacora.eniac2000.com\/?p=4625","title":{"rendered":"Etapa ciclista: Observatorio Astron\u00f3mico de Forcarey y Puentes del L\u00e9rez (12\/12\/2020)"},"content":{"rendered":"<p>El s\u00e1bado 12 de diciembre hice mi tercera salida por las cercan\u00edas de Forcarey. El objetivo de la etapa fue visitar otro de los puntos se\u00f1alados que tengo en mi agenda sobre Forcarey, que no es otro que su observatorio astron\u00f3mico. Y ya de paso, la idea era recorrer otro tramo del PR-G 113, de los Puentes del L\u00e9rez.<\/p>\n<p>Empec\u00e9 la etapa temprano, sobre las 8:45. Una ma\u00f1ana fr\u00eda, que rondaba los 8\u00baC. Sal\u00ed de Forcarey por el camino de la Chamosa, que lleva -adem\u00e1s de esta aldea- a Las Casetas, y de ah\u00ed al observatorio. Un breve paseo por una carretera local con un excelente asfalto. Y la primera sorpresa de la jornada, a mano izquierda, es la cascada de Chamosa, que destaca en el paisaje como una herida abierta en la monta\u00f1a.<\/p>\n<p><figure class=\"wp-block-piwigo-gallery-single-image piwigo-single-image\"><a href=\"https:\/\/www.eniac2000.com\/piwigo\/picture.php?\/11027\" target=\"_blank\" rel=\"noopener noreferrer\"><img decoding=\"async\" src=\"https:\/\/www.eniac2000.com\/piwigo\/_data\/i\/galleries\/albums\/ciclismo\/20201212-observatorio-pontes_lerez\/freixa_en_chamosa-me.jpg\" alt=\"freixa en chamosa\" \/><\/a><figcaption><strong>freixa en chamosa<\/strong><\/figcaption><\/figure><br \/>\n(<a href=\"http:\/\/http:\/\/www.forcarei.net\/contenido\/galeria.asp?Cat=4&#038;CatDesc=Paisaxes%20e%20Naturexa#prettyPhoto\" target=\"_blank\">Fotograf\u00eda cortes\u00eda del Ayto. de Forcarey<\/a>)<\/p>\n<p>En cuanto al camino en s\u00ed, no tiene complicaci\u00f3n alguna. Todo el rato en suave ascenso hasta llegar a Las Casetas, y poco despu\u00e9s de abandonarla, se llega al observatorio, en un promontorio que queda a la derecha de la carretera.<\/p>\n<figure class=\"wp-block-piwigo-gallery-single-image piwigo-single-image\"><a href=\"https:\/\/www.eniac2000.com\/piwigo\/picture.php?\/11009\" target=\"_blank\" rel=\"noopener noreferrer\"><img decoding=\"async\" src=\"https:\/\/www.eniac2000.com\/piwigo\/_data\/i\/galleries\/albums\/ciclismo\/20201212-observatorio-pontes_lerez\/IMG_20201212_090647008_HDR-me.jpg\" alt=\"IMG 20201212 090647008 HDR\" \/><\/a><figcaption><strong>IMG 20201212 090647008 HDR<\/strong><\/figcaption><\/figure>\n<p>El observatorio es peque\u00f1o, funcional&#8230; y est\u00e1 cerrado. Durante unos a\u00f1os estuvo abierto para el p\u00fablico en general, pero los recortes por la crisis pasada motivaron su cierre salvo d\u00edas concretos al a\u00f1o, lo que es una verdadera pena. De nuevo en el camino, volv\u00ed hacia Las Casetas para desde all\u00ed tomar la carretera de O Cruceiro, que no tardar\u00eda en abandonar, a mano derecha, por una pista asfaltada que desemboca en la PO-2205, y que lleva hasta el Monasterio de Acibeiro. Por mi parte, dej\u00e9 la carretera a la altura de San Bartolom\u00e9, para desde all\u00ed llegar a And\u00f3n, y recuperar el recorrido del PR-G 113. Y nada m\u00e1s tomar el camino, llegu\u00e9 al Puente Viejo de And\u00f3n.<\/p>\n<p><figure class=\"wp-block-piwigo-gallery-single-image piwigo-single-image\"><a href=\"https:\/\/www.eniac2000.com\/piwigo\/picture.php?\/11011\" target=\"_blank\" rel=\"noopener noreferrer\"><img decoding=\"async\" src=\"https:\/\/www.eniac2000.com\/piwigo\/_data\/i\/galleries\/albums\/ciclismo\/20201212-observatorio-pontes_lerez\/IMG_20201212_094321638-me.jpg\" alt=\"IMG 20201212 094321638\" \/><\/a><figcaption><strong>IMG 20201212 094321638<\/strong><\/figcaption><\/figure><br \/>\n<figure class=\"wp-block-piwigo-gallery-single-image piwigo-single-image\"><a href=\"https:\/\/www.eniac2000.com\/piwigo\/picture.php?\/11012\" target=\"_blank\" rel=\"noopener noreferrer\"><img decoding=\"async\" src=\"https:\/\/www.eniac2000.com\/piwigo\/_data\/i\/galleries\/albums\/ciclismo\/20201212-observatorio-pontes_lerez\/IMG_20201212_094355932_HDR-me.jpg\" alt=\"IMG 20201212 094355932 HDR\" \/><\/a><figcaption><strong>IMG 20201212 094355932 HDR<\/strong><\/figcaption><\/figure><br \/>\n<figure class=\"wp-block-piwigo-gallery-single-image piwigo-single-image\"><a href=\"https:\/\/www.eniac2000.com\/piwigo\/picture.php?\/11014\" target=\"_blank\" rel=\"noopener noreferrer\"><img decoding=\"async\" src=\"https:\/\/www.eniac2000.com\/piwigo\/_data\/i\/galleries\/albums\/ciclismo\/20201212-observatorio-pontes_lerez\/IMG_20201212_094637478_HDR-me.jpg\" alt=\"IMG 20201212 094637478 HDR\" \/><\/a><figcaption><strong>IMG 20201212 094637478 HDR<\/strong><\/figcaption><\/figure><br \/>\n<figure class=\"wp-block-piwigo-gallery-single-image piwigo-single-image\"><a href=\"https:\/\/www.eniac2000.com\/piwigo\/picture.php?\/11016\" target=\"_blank\" rel=\"noopener noreferrer\"><img decoding=\"async\" src=\"https:\/\/www.eniac2000.com\/piwigo\/_data\/i\/galleries\/albums\/ciclismo\/20201212-observatorio-pontes_lerez\/IMG_20201212_094802612_HDR-me.jpg\" alt=\"IMG 20201212 094802612 HDR\" \/><\/a><figcaption><strong>IMG 20201212 094802612 HDR<\/strong><\/figcaption><\/figure><\/p>\n<p>De vuelta al camino, se vuelve a cruzar la carretera, y se sigue una pista que va serpenteando en torno a la carretera hasta llegar a And\u00f3n. En esta \u00e9poca del a\u00f1o hubiera sido mejor ir por la carretera, ya que el camino, m\u00e1s que un camino, era un arroyo. Y no lo digo por decir:<\/p>\n<p><iframe loading=\"lazy\" frameborder=\"0\" width=\"512\" height=\"288\" src=\"https:\/\/www.dailymotion.com\/embed\/video\/x7y643z\" allowfullscreen allow=\"autoplay; fullscreen; picture-in-picture\"><\/iframe><\/p>\n<p>Una vez superado el arroyo, el PR-G 113 se convierte en una buena pista, con algo de sube y baja y que est\u00e1 excavada casi en roca viva, pero que permite seguirla muy bien. Agradable y ancha. Y tras un poco de llaneo, se llega a una bifurcaci\u00f3n: hacia la izquierda se va al monasterio, y a la derecha se baja siguiendo el cauca del L\u00e9rez camino de Forcarey. Y ese era mi recorrido.<\/p>\n<figure class=\"wp-block-piwigo-gallery-single-image piwigo-single-image\"><a href=\"https:\/\/www.eniac2000.com\/piwigo\/picture.php?\/11019\" target=\"_blank\" rel=\"noopener noreferrer\"><img decoding=\"async\" src=\"https:\/\/www.eniac2000.com\/piwigo\/_data\/i\/galleries\/albums\/ciclismo\/20201212-observatorio-pontes_lerez\/IMG_20201212_101254118-me.jpg\" alt=\"IMG 20201212 101254118\" \/><\/a><figcaption><strong>IMG 20201212 101254118<\/strong><\/figcaption><\/figure>\n<p>La bajada empieza por pista ancha, nada complicada, y con unas tremendas vistas del valle frente a ti, pero poco a poco se va estrechando, complic\u00e1ndose, y haci\u00e9ndose interesante. Hasta que pasa a ser <em>demasiado<\/em> interesante.<\/p>\n<figure class=\"wp-block-piwigo-gallery-single-image piwigo-single-image\"><a href=\"https:\/\/www.eniac2000.com\/piwigo\/picture.php?\/11021\" target=\"_blank\" rel=\"noopener noreferrer\"><img decoding=\"async\" src=\"https:\/\/www.eniac2000.com\/piwigo\/_data\/i\/galleries\/albums\/ciclismo\/20201212-observatorio-pontes_lerez\/IMG_20201212_102433765-me.jpg\" alt=\"IMG 20201212 102433765\" \/><\/a><figcaption><strong>IMG 20201212 102433765<\/strong><\/figcaption><\/figure>\n<p>Una bajada casi a pico, con rampas del 45% (aunque debe de ser un error del GPS), por un camino de lajas de piedra cubiertas de musgo, y resbaladizas como la madre que las pari\u00f3. Habr\u00e1 quien baje por ah\u00ed montado en la bici, pero no es mi caso. Superado semejante trance, se llega a un puente sobre un torrente, que bien vale una parada:<\/p>\n<p><figure class=\"wp-block-piwigo-gallery-single-image piwigo-single-image\"><a href=\"https:\/\/www.eniac2000.com\/piwigo\/picture.php?\/11024\" target=\"_blank\" rel=\"noopener noreferrer\"><img decoding=\"async\" src=\"https:\/\/www.eniac2000.com\/piwigo\/_data\/i\/galleries\/albums\/ciclismo\/20201212-observatorio-pontes_lerez\/IMG_20201212_102727295-me.jpg\" alt=\"IMG 20201212 102727295\" \/><\/a><figcaption><strong>IMG 20201212 102727295<\/strong><\/figcaption><\/figure><br \/>\n<figure class=\"wp-block-piwigo-gallery-single-image piwigo-single-image\"><a href=\"https:\/\/www.eniac2000.com\/piwigo\/picture.php?\/11023\" target=\"_blank\" rel=\"noopener noreferrer\"><img decoding=\"async\" src=\"https:\/\/www.eniac2000.com\/piwigo\/_data\/i\/galleries\/albums\/ciclismo\/20201212-observatorio-pontes_lerez\/IMG_20201212_102716871-me.jpg\" alt=\"IMG 20201212 102716871\" \/><\/a><figcaption><strong>IMG 20201212 102716871<\/strong><\/figcaption><\/figure><\/p>\n<p>Y el caso es que, poco despu\u00e9s, me tuve que volver a parar. Un pinchazo que ven\u00eda arrastrando desde que pas\u00e9 por una zona de tojos que no presagiaba nada bueno.<\/p>\n<figure class=\"wp-block-piwigo-gallery-single-image piwigo-single-image\"><a href=\"https:\/\/www.eniac2000.com\/piwigo\/picture.php?\/11025\" target=\"_blank\" rel=\"noopener noreferrer\"><img decoding=\"async\" src=\"https:\/\/www.eniac2000.com\/piwigo\/_data\/i\/galleries\/albums\/ciclismo\/20201212-observatorio-pontes_lerez\/IMG_20201212_103204180-me.jpg\" alt=\"IMG 20201212 103204180\" \/><\/a><figcaption><strong>IMG 20201212 103204180<\/strong><\/figcaption><\/figure>\n<p>Tras una reparaci\u00f3n r\u00e1pida, y de nuevo por un sendero bastante empinado y estrecho, se acaba volviendo al cauce del L\u00e9rez, en las cercan\u00edas de Quintelas. All\u00ed, tras cruzar el puente sobre el r\u00edo, el PR-G 113 contin\u00faa pegado al cauce. Pero dado el d\u00eda, la cantidad de agua y barro que no dejaba de encontrar, opt\u00e9 por abandonar el PR-G 113 y volver a Forcarey por carretera. Sub\u00ed por una corredoira hasta Quintelas, y desde all\u00ed enlac\u00e9 con la cercana D\u00faas Igrexas.<\/p>\n<figure class=\"wp-block-piwigo-gallery-single-image piwigo-single-image\"><a href=\"https:\/\/www.eniac2000.com\/piwigo\/picture.php?\/11026\" target=\"_blank\" rel=\"noopener noreferrer\"><img decoding=\"async\" src=\"https:\/\/www.eniac2000.com\/piwigo\/_data\/i\/galleries\/albums\/ciclismo\/20201212-observatorio-pontes_lerez\/IMG_20201212_105326913-me.jpg\" alt=\"IMG 20201212 105326913\" \/><\/a><figcaption><strong>IMG 20201212 105326913<\/strong><\/figcaption><\/figure>\n<p>Y desde all\u00ed a Focarey apenas hay un corto paseo. Una etapa bien aprovechada.<\/p>\n<p><strong>Datos de la etapa<\/strong><\/p>\n<p><strong>Distancia:<\/strong> 21\u2019134km km<br \/>\n<strong>Distancia (seg\u00fan el GPS):<\/strong> 21&#8217;13 km<br \/>\n<strong>Altitud ascendida:<\/strong> 460 m<br \/>\n<strong>Tiempo de etapa:<\/strong> 1:43:20<br \/>\n<strong>Tiempo desde el inicio de la etapa:<\/strong> 2:18:10<br \/>\n<strong>Calor\u00edas consumidas:<\/strong> 861 kcal<\/p>\n<p><iframe height='405' width='590' frameborder='0' allowtransparency='true' scrolling='no' src='https:\/\/www.strava.com\/activities\/4461335133\/embed\/4829843741728842f9da58a6b9a3689db27f6325'><\/iframe><\/p>\n","protected":false},"excerpt":{"rendered":"<p>El s\u00e1bado 12 de diciembre hice mi tercera salida por<\/p>\n","protected":false},"author":1,"featured_media":0,"comment_status":"open","ping_status":"open","sticky":false,"template":"","format":"standard","meta":{"advanced_seo_description":"","jetpack_seo_html_title":"","jetpack_seo_noindex":false,"_jetpack_memberships_contains_paid_content":false,"footnotes":"","jetpack_publicize_message":"","jetpack_publicize_feature_enabled":true,"jetpack_social_post_already_shared":false,"jetpack_social_options":{"image_generator_settings":{"template":"highway","default_image_id":0,"font":"","enabled":false},"version":2}},"categories":[24,8],"tags":[104,509,683,1186,1295,1302,1338,1364],"series":[],"class_list":["post-4625","post","type-post","status-publish","format-standard","hentry","category-ciclismo","category-deporte","tag-andon","tag-duas-igrexas","tag-forcarey","tag-observatorio-astronomico","tag-pontevedra","tag-pr-g-113","tag-puentes-del-lerez","tag-quintela"],"jetpack_publicize_connections":[],"jetpack_featured_media_url":"","jetpack_sharing_enabled":true,"_links":{"self":[{"href":"https:\/\/bitacora.eniac2000.com\/index.php?rest_route=\/wp\/v2\/posts\/4625","targetHints":{"allow":["GET"]}}],"collection":[{"href":"https:\/\/bitacora.eniac2000.com\/index.php?rest_route=\/wp\/v2\/posts"}],"about":[{"href":"https:\/\/bitacora.eniac2000.com\/index.php?rest_route=\/wp\/v2\/types\/post"}],"author":[{"embeddable":true,"href":"https:\/\/bitacora.eniac2000.com\/index.php?rest_route=\/wp\/v2\/users\/1"}],"replies":[{"embeddable":true,"href":"https:\/\/bitacora.eniac2000.com\/index.php?rest_route=%2Fwp%2Fv2%2Fcomments&post=4625"}],"version-history":[{"count":0,"href":"https:\/\/bitacora.eniac2000.com\/index.php?rest_route=\/wp\/v2\/posts\/4625\/revisions"}],"wp:attachment":[{"href":"https:\/\/bitacora.eniac2000.com\/index.php?rest_route=%2Fwp%2Fv2%2Fmedia&parent=4625"}],"wp:term":[{"taxonomy":"category","embeddable":true,"href":"https:\/\/bitacora.eniac2000.com\/index.php?rest_route=%2Fwp%2Fv2%2Fcategories&post=4625"},{"taxonomy":"post_tag","embeddable":true,"href":"https:\/\/bitacora.eniac2000.com\/index.php?rest_route=%2Fwp%2Fv2%2Ftags&post=4625"},{"taxonomy":"series","embeddable":true,"href":"https:\/\/bitacora.eniac2000.com\/index.php?rest_route=%2Fwp%2Fv2%2Fseries&post=4625"}],"curies":[{"name":"wp","href":"https:\/\/api.w.org\/{rel}","templated":true}]}}