{"id":4637,"date":"2020-12-26T11:43:08","date_gmt":"2020-12-26T10:43:08","guid":{"rendered":"http:\/\/bitacora.eniac2000.com\/?p=4637"},"modified":"2025-10-05T17:12:53","modified_gmt":"2025-10-05T15:12:53","slug":"etapa-ciclista-neveras-de-fixo-y-rio-lerez-24122020","status":"publish","type":"post","link":"https:\/\/bitacora.eniac2000.com\/?p=4637","title":{"rendered":"Etapa ciclista: Neveras de Fix\u00f3 y R\u00edo L\u00e9rez (24\/12\/2020)"},"content":{"rendered":"<p>El jueves 24 de diciembre, para celebrar adecuadamente la Nochebuena, realic\u00e9 una nueva etapa en las cercan\u00edas de Forcarey. En este caso, el objetivo principal de la etapa era visitar las neveras de Fix\u00f3, pozos de la nieve datados en el siglo XVI, y que son de los pocos a\u00fan existentes en Galicia.<\/p>\n<p>Con este objetivo en mente, sal\u00ed al poco del amanecer por carretera en direcci\u00f3n a Cachafeiro. Esa parte del recorrido era sencilla de seguir, ya que existen letreros indicadores desde la misma salida de Forcarey. Una vez en Cachafeiro, sigue siendo cuesti\u00f3n de seguir los indicadores, pasando de una carretera provincial a peque\u00f1as carreteras rurales, hasta que se llega, en continuo sube y baja, hasta la aldea de Fix\u00f3. All\u00ed los carteles se hacen m\u00e1s discretos, pero siguen permitiendo seguir perfectamente la ruta que conduce a las neveras. Desde Fix\u00f3 se inicia un ascenso de 2 km que lleva hasta las pistas del parque e\u00f3lico de Masgal\u00e1n. Primero por carretera rural, que al cabo de un rato pasa a ser una buena pista que sube entre un bosque de pinos. Una vez superado el ascenso, existen indicaciones de los distintos elementos visitables que hay dentro del parque e\u00f3lico, por lo que se llega sin muchas dificultades hasta las neveras.<\/p>\n<p><figure class=\"wp-block-piwigo-gallery-single-image piwigo-single-image\"><a href=\"https:\/\/www.eniac2000.com\/piwigo\/picture.php?\/10920\" target=\"_blank\" rel=\"noopener noreferrer\"><img decoding=\"async\" src=\"https:\/\/www.eniac2000.com\/piwigo\/_data\/i\/galleries\/albums\/ciclismo\/2020-12-24-neveras-fixo\/IMG_20201224_101410577_HDR-me.jpg\" alt=\"IMG 20201224 101410577 HDR\" \/><\/a><figcaption><strong>IMG 20201224 101410577 HDR<\/strong><\/figcaption><\/figure><br \/>\n<figure class=\"wp-block-piwigo-gallery-single-image piwigo-single-image\"><a href=\"https:\/\/www.eniac2000.com\/piwigo\/picture.php?\/10923\" target=\"_blank\" rel=\"noopener noreferrer\"><img decoding=\"async\" src=\"https:\/\/www.eniac2000.com\/piwigo\/_data\/i\/galleries\/albums\/ciclismo\/2020-12-24-neveras-fixo\/IMG_20201224_101641617-me.jpg\" alt=\"IMG 20201224 101641617\" \/><\/a><figcaption><strong>IMG 20201224 101641617<\/strong><\/figcaption><\/figure><br \/>\n<figure class=\"wp-block-piwigo-gallery-single-image piwigo-single-image\"><a href=\"https:\/\/www.eniac2000.com\/piwigo\/picture.php?\/10924\" target=\"_blank\" rel=\"noopener noreferrer\"><img decoding=\"async\" src=\"https:\/\/www.eniac2000.com\/piwigo\/_data\/i\/galleries\/albums\/ciclismo\/2020-12-24-neveras-fixo\/IMG_20201224_101732328_HDR-me.jpg\" alt=\"IMG 20201224 101732328 HDR\" \/><\/a><figcaption><strong>IMG 20201224 101732328 HDR<\/strong><\/figcaption><\/figure><br \/>\n<figure class=\"wp-block-piwigo-gallery-single-image piwigo-single-image\"><a href=\"https:\/\/www.eniac2000.com\/piwigo\/picture.php?\/10933\" target=\"_blank\" rel=\"noopener noreferrer\"><img decoding=\"async\" src=\"https:\/\/www.eniac2000.com\/piwigo\/_data\/i\/galleries\/albums\/ciclismo\/2020-12-24-neveras-fixo\/IMG_20201224_102237154-me.jpg\" alt=\"IMG 20201224 102237154\" \/><\/a><figcaption><strong>IMG 20201224 102237154<\/strong><\/figcaption><\/figure><\/p>\n<p>Despu\u00e9s de ver las neveras, existen distintas posibilidades para hacer: escog\u00ed visitar la m\u00e1moa de Rofete, enterramiento de \u00e9poca neol\u00edtica emplezado en un otero que permite divisar de manera simult\u00e1nea los valles del L\u00e9rez y del Zobra. Lamentablemente la m\u00e1moa fue descubierta durante la construcci\u00f3n de un cortafuegos, y se encuentra en un estado de conservaci\u00f3n lamentable.<\/p>\n<figure class=\"wp-block-piwigo-gallery-single-image piwigo-single-image\"><a href=\"https:\/\/www.eniac2000.com\/piwigo\/picture.php?\/10935\" target=\"_blank\" rel=\"noopener noreferrer\"><img decoding=\"async\" src=\"https:\/\/www.eniac2000.com\/piwigo\/_data\/i\/galleries\/albums\/ciclismo\/2020-12-24-neveras-fixo\/IMG_20201224_103602963_1-me.jpg\" alt=\"IMG 20201224 103602963 1\" \/><\/a><figcaption><strong>IMG 20201224 103602963 1<\/strong><\/figcaption><\/figure>\n<p>De hecho, encontrarla no fue tarea sencilla. Me pas\u00e9 el trazado del cortafuegos siguiendo el camino, hasta llegar a una verja que impide el paso, y tuve que volver sobre mis pasos. Ya en el cortafuegos, pas\u00e9 por delante de la m\u00e1moa un par de veces, hasta conseguir identificarla como el mont\u00f3n de guijarros desperdigados y parcialmente cubiertos por tojos. En fin, una l\u00e1stima.<\/p>\n<p>Desde la m\u00e1moa llegu\u00e9 a una nueva pista de mantenimiento de los aerogeneradores, que tom\u00e9 hacia el norte, volviendo a pasar junto a la subida desde Fix\u00f3. Desde ah\u00ed segu\u00ed de nuevo hacia el norte, hasta llegar a una indicaci\u00f3n de \u00absubestaci\u00f3n\u00bb en un bonito alto.<\/p>\n<figure class=\"wp-block-piwigo-gallery-single-image piwigo-single-image\"><a href=\"https:\/\/www.eniac2000.com\/piwigo\/picture.php?\/10940\" target=\"_blank\" rel=\"noopener noreferrer\"><img decoding=\"async\" src=\"https:\/\/www.eniac2000.com\/piwigo\/_data\/i\/galleries\/albums\/ciclismo\/2020-12-24-neveras-fixo\/IMG_20201224_105620259_HDR-me.jpg\" alt=\"IMG 20201224 105620259 HDR\" \/><\/a><figcaption><strong>IMG 20201224 105620259 HDR<\/strong><\/figcaption><\/figure>\n<p>Aunque a la larga se llega poco m\u00e1s o menos al mismo sitio, tom\u00e9 la pista de la izquierda, que en un r\u00e1pido sube y baja lleva primero a un camino rural entre bosque, y luego a la carretera provincial. Desde all\u00ed mi idea era tomar una pista que baja hasta Loureiro, pero no pude encontrarla, as\u00ed que baj\u00e9 un poco por carretera hasta tomar una nueva carretera rural que tambi\u00e9n lleva a Loureiro.<\/p>\n<figure class=\"wp-block-piwigo-gallery-single-image piwigo-single-image\"><a href=\"https:\/\/www.eniac2000.com\/piwigo\/picture.php?\/10942\" target=\"_blank\" rel=\"noopener noreferrer\"><img decoding=\"async\" src=\"https:\/\/www.eniac2000.com\/piwigo\/_data\/i\/galleries\/albums\/ciclismo\/2020-12-24-neveras-fixo\/IMG_20201224_111721475_HDR-me.jpg\" alt=\"IMG 20201224 111721475 HDR\" \/><\/a><figcaption><strong>IMG 20201224 111721475 HDR<\/strong><\/figcaption><\/figure>\n<p>Continuando el descenso, se llega hasta las cercan\u00edas del castro de Loureiro. Desde all\u00ed segu\u00ed por carretera hasta las cercan\u00edas de D\u00faas Igrexas, donde mi idea era continuar por el trazado del PR-G 113, y bajar hasta Forcarey. Lamentablemente la senda se encuentra muy cerrada para bici de monta\u00f1a, y tuve que volver por carretera. Pero pude disfrutar de un agradable \u00e1rea de recreo con un embalsamiento del L\u00e9rez, un azud y su antiguo molino harinero.<\/p>\n<p><figure class=\"wp-block-piwigo-gallery-single-image piwigo-single-image\"><a href=\"https:\/\/www.eniac2000.com\/piwigo\/picture.php?\/10943\" target=\"_blank\" rel=\"noopener noreferrer\"><img decoding=\"async\" src=\"https:\/\/www.eniac2000.com\/piwigo\/_data\/i\/galleries\/albums\/ciclismo\/2020-12-24-neveras-fixo\/IMG_20201224_112153007_HDR-me.jpg\" alt=\"IMG 20201224 112153007 HDR\" \/><\/a><figcaption><strong>IMG 20201224 112153007 HDR<\/strong><\/figcaption><\/figure><br \/>\n<figure class=\"wp-block-piwigo-gallery-single-image piwigo-single-image\"><a href=\"https:\/\/www.eniac2000.com\/piwigo\/picture.php?\/10947\" target=\"_blank\" rel=\"noopener noreferrer\"><img decoding=\"async\" src=\"https:\/\/www.eniac2000.com\/piwigo\/_data\/i\/galleries\/albums\/ciclismo\/2020-12-24-neveras-fixo\/IMG_20201224_112535628-me.jpg\" alt=\"IMG 20201224 112535628\" \/><\/a><figcaption><strong>IMG 20201224 112535628<\/strong><\/figcaption><\/figure><br \/>\n<figure class=\"wp-block-piwigo-gallery-single-image piwigo-single-image\"><a href=\"https:\/\/www.eniac2000.com\/piwigo\/picture.php?\/10948\" target=\"_blank\" rel=\"noopener noreferrer\"><img decoding=\"async\" src=\"https:\/\/www.eniac2000.com\/piwigo\/_data\/i\/galleries\/albums\/ciclismo\/2020-12-24-neveras-fixo\/IMG_20201224_112722502-me.jpg\" alt=\"IMG 20201224 112722502\" \/><\/a><figcaption><strong>IMG 20201224 112722502<\/strong><\/figcaption><\/figure><\/p>\n<p>Por \u00faltimo, ante la imposibilidad de seguir la senda de los Puentes del L\u00e9rez, sub\u00ed hasta D\u00faas Igrexas, y desde all\u00ed volv\u00ed a Forcarey por carretera.<\/p>\n<p><strong>Datos de la etapa<\/strong><\/p>\n<ul>\n<li><strong>Distancia:<\/strong> 25&#8217;549km km<\/li>\n<li>Distancia (seg\u00fan el GPS): 25&#8217;54 km<\/li>\n<li>Altitud ascendida: 641 m<\/li>\n<li>Tiempo de etapa: 2:00:52<\/li>\n<li>Tiempo desde el inicio de la etapa: 2:37:51<\/li>\n<li>Calor\u00edas consumidas: 1166 kcal<\/li>\n<\/ul>\n<p><iframe height='405' width='590' frameborder='0' allowtransparency='true' scrolling='no' src='https:\/\/www.strava.com\/activities\/4511423272\/embed\/bcc88681c279220934aa3d363576b9403d05a10d'><\/iframe><\/p>\n","protected":false},"excerpt":{"rendered":"<p>El jueves 24 de diciembre, para celebrar adecuadamente la Nochebuena,<\/p>\n","protected":false},"author":1,"featured_media":0,"comment_status":"open","ping_status":"open","sticky":false,"template":"","format":"standard","meta":{"advanced_seo_description":"","jetpack_seo_html_title":"","jetpack_seo_noindex":false,"_jetpack_memberships_contains_paid_content":false,"footnotes":"","jetpack_publicize_message":"","jetpack_publicize_feature_enabled":true,"jetpack_social_post_already_shared":false,"jetpack_social_options":{"image_generator_settings":{"template":"highway","default_image_id":0,"font":"","enabled":false},"version":2}},"categories":[24,8],"tags":[274,365,674,683,1007,1045,1135,1167,1295,1302],"series":[],"class_list":["post-4637","post","type-post","status-publish","format-standard","hentry","category-ciclismo","category-deporte","tag-cachafeiro","tag-castro-de-loureiro","tag-fixo","tag-forcarey","tag-loureiro","tag-mamoa","tag-mtb","tag-neveras-de-fixo","tag-pontevedra","tag-pr-g-113"],"jetpack_publicize_connections":[],"jetpack_featured_media_url":"","jetpack_sharing_enabled":true,"_links":{"self":[{"href":"https:\/\/bitacora.eniac2000.com\/index.php?rest_route=\/wp\/v2\/posts\/4637","targetHints":{"allow":["GET"]}}],"collection":[{"href":"https:\/\/bitacora.eniac2000.com\/index.php?rest_route=\/wp\/v2\/posts"}],"about":[{"href":"https:\/\/bitacora.eniac2000.com\/index.php?rest_route=\/wp\/v2\/types\/post"}],"author":[{"embeddable":true,"href":"https:\/\/bitacora.eniac2000.com\/index.php?rest_route=\/wp\/v2\/users\/1"}],"replies":[{"embeddable":true,"href":"https:\/\/bitacora.eniac2000.com\/index.php?rest_route=%2Fwp%2Fv2%2Fcomments&post=4637"}],"version-history":[{"count":0,"href":"https:\/\/bitacora.eniac2000.com\/index.php?rest_route=\/wp\/v2\/posts\/4637\/revisions"}],"wp:attachment":[{"href":"https:\/\/bitacora.eniac2000.com\/index.php?rest_route=%2Fwp%2Fv2%2Fmedia&parent=4637"}],"wp:term":[{"taxonomy":"category","embeddable":true,"href":"https:\/\/bitacora.eniac2000.com\/index.php?rest_route=%2Fwp%2Fv2%2Fcategories&post=4637"},{"taxonomy":"post_tag","embeddable":true,"href":"https:\/\/bitacora.eniac2000.com\/index.php?rest_route=%2Fwp%2Fv2%2Ftags&post=4637"},{"taxonomy":"series","embeddable":true,"href":"https:\/\/bitacora.eniac2000.com\/index.php?rest_route=%2Fwp%2Fv2%2Fseries&post=4637"}],"curies":[{"name":"wp","href":"https:\/\/api.w.org\/{rel}","templated":true}]}}