{"id":4695,"date":"2021-02-07T14:07:50","date_gmt":"2021-02-07T13:07:50","guid":{"rendered":"http:\/\/bitacora.eniac2000.com\/?p=4695"},"modified":"2025-10-05T17:12:53","modified_gmt":"2025-10-05T15:12:53","slug":"etapa-ciclista-forcarey-quintillan-a-lagoa-castro-de-muras-06022021","status":"publish","type":"post","link":"https:\/\/bitacora.eniac2000.com\/?p=4695","title":{"rendered":"Etapa ciclista: Forcarey &#8211; Quintill\u00e1n &#8211; A Lagoa &#8211; Castro de Muras (06\/02\/2021)"},"content":{"rendered":"<p>No tard\u00e9 mucho en estrenar la nueva horquilla Rock Shox Recon que comentaba ayer. A las 9:30h de la ma\u00f1ana del s\u00e1bado estaba ya rondando para realizar su recorrido inaugural. Sal\u00ed con 4\u00baC y una ligera llovizna, que me acompa\u00f1\u00f3 -por suerte- solo durante los primeros kil\u00f3metros de la etapa. Sal\u00ed de Forcarey por un camino junto al cementerio, que me llev\u00f3 en primer lugar a una antena de telecomunicaciones que hay en el pueblo, y posteriormente hasta las cercan\u00edas de Las Casetas. En teor\u00eda el camino, que transcurre en paralelo a la carretera de La Estrada, tendr\u00eda que haberme conducido hasta la carretera de Rozados, pero aproximadamente a la mitad, cerca de la estaci\u00f3n de servicio, se encontraba completamente obstruido de tojos y espinos, as\u00ed que no me qued\u00f3 m\u00e1s remedio que desviarme a la carretera. Desde all\u00ed, una vez llegado a la altura del concesionario de coches, me desvi\u00e9 a la derecha por la carretera de Rozados. Segu\u00ed un rato por ella, hasta una pista que baja entre eucaliptos hasta la cascada de Quintill\u00e1n. Una verdadera preciosidad, de la que ya nos hab\u00edan comentado hace alg\u00fan tiempo. Par\u00e9 un rato para tomar unas fotos y v\u00eddeos, que comparto a continuaci\u00f3n.<\/p>\n<p><figure class=\"wp-block-piwigo-gallery-single-image piwigo-single-image\"><a href=\"https:\/\/www.eniac2000.com\/piwigo\/picture.php?\/11250\" target=\"_blank\" rel=\"noopener noreferrer\"><img decoding=\"async\" src=\"https:\/\/www.eniac2000.com\/piwigo\/_data\/i\/galleries\/albums\/ciclismo\/20210206-quintillan-a_lagoa\/IMG_20210206_100804037-me.jpg\" alt=\"IMG 20210206 100804037\" \/><\/a><figcaption><strong>IMG 20210206 100804037<\/strong><\/figcaption><\/figure><br \/>\n<figure class=\"wp-block-piwigo-gallery-single-image piwigo-single-image\"><a href=\"https:\/\/www.eniac2000.com\/piwigo\/picture.php?\/11247\" target=\"_blank\" rel=\"noopener noreferrer\"><img decoding=\"async\" src=\"https:\/\/www.eniac2000.com\/piwigo\/_data\/i\/galleries\/albums\/ciclismo\/20210206-quintillan-a_lagoa\/IMG_20210206_100446810-me.jpg\" alt=\"IMG 20210206 100446810\" \/><\/a><figcaption><strong>IMG 20210206 100446810<\/strong><\/figcaption><\/figure><br \/>\n<figure class=\"wp-block-piwigo-gallery-single-image piwigo-single-image\"><a href=\"https:\/\/www.eniac2000.com\/piwigo\/picture.php?\/11249\" target=\"_blank\" rel=\"noopener noreferrer\"><img decoding=\"async\" src=\"https:\/\/www.eniac2000.com\/piwigo\/_data\/i\/galleries\/albums\/ciclismo\/20210206-quintillan-a_lagoa\/IMG_20210206_100717478-me.jpg\" alt=\"IMG 20210206 100717478\" \/><\/a><figcaption><strong>IMG 20210206 100717478<\/strong><\/figcaption><\/figure><br \/>\n<figure class=\"wp-block-piwigo-gallery-single-image piwigo-single-image\"><a href=\"https:\/\/www.eniac2000.com\/piwigo\/picture.php?\/11248\" target=\"_blank\" rel=\"noopener noreferrer\"><img decoding=\"async\" src=\"https:\/\/www.eniac2000.com\/piwigo\/_data\/i\/galleries\/albums\/ciclismo\/20210206-quintillan-a_lagoa\/IMG_20210206_100457391-me.jpg\" alt=\"IMG 20210206 100457391\" \/><\/a><figcaption><strong>IMG 20210206 100457391<\/strong><\/figcaption><\/figure><\/p>\n<p><iframe loading=\"lazy\" frameborder=\"0\" width=\"512\" height=\"288\" src=\"https:\/\/www.dailymotion.com\/embed\/video\/x7z67a7\" allowfullscreen allow=\"autoplay; fullscreen; picture-in-picture\"><\/iframe><\/p>\n<p>De nuevo en marcha, tom\u00e9 la carretera para subir hasta Quintill\u00e1n, si bien me desvi\u00e9 antes de llegar al casco urbano, por el camino del cementerio. Segu\u00ed en direcci\u00f3n norte por un viejo camino asfaltado, camino de mi siguiente parada: la ermita en ruinas de <a href=\"https:\/\/www.galiciamaxica.eu\/galicia\/pontevedra\/comarca-de-tabeiros-terra-de-montes\/forcarei\/ermita-san-amaro-ruinas\/\" target=\"_blank\">San Amaro<\/a>. Este camino forma parte de la Ruta de los Arrieros, y probablemente de una vieja calzada romana que se puede seguir hasta Santiago.<\/p>\n<p><figure class=\"wp-block-piwigo-gallery-single-image piwigo-single-image\"><a href=\"https:\/\/www.eniac2000.com\/piwigo\/picture.php?\/11262\" target=\"_blank\" rel=\"noopener noreferrer\"><img decoding=\"async\" src=\"https:\/\/www.eniac2000.com\/piwigo\/_data\/i\/galleries\/albums\/ciclismo\/20210206-quintillan-a_lagoa\/IMG_20210206_102143283_HDR-me.jpg\" alt=\"IMG 20210206 102143283 HDR\" \/><\/a><figcaption><strong>IMG 20210206 102143283 HDR<\/strong><\/figcaption><\/figure><br \/>\n<figure class=\"wp-block-piwigo-gallery-single-image piwigo-single-image\"><a href=\"https:\/\/www.eniac2000.com\/piwigo\/picture.php?\/11253\" target=\"_blank\" rel=\"noopener noreferrer\"><img decoding=\"async\" src=\"https:\/\/www.eniac2000.com\/piwigo\/_data\/i\/galleries\/albums\/ciclismo\/20210206-quintillan-a_lagoa\/IMG_20210206_101752418_HDR-me.jpg\" alt=\"IMG 20210206 101752418 HDR\" \/><\/a><figcaption><strong>IMG 20210206 101752418 HDR<\/strong><\/figcaption><\/figure><br \/>\n<figure class=\"wp-block-piwigo-gallery-single-image piwigo-single-image\"><a href=\"https:\/\/www.eniac2000.com\/piwigo\/picture.php?\/11257\" target=\"_blank\" rel=\"noopener noreferrer\"><img decoding=\"async\" src=\"https:\/\/www.eniac2000.com\/piwigo\/_data\/i\/galleries\/albums\/ciclismo\/20210206-quintillan-a_lagoa\/IMG_20210206_101909707-me.jpg\" alt=\"IMG 20210206 101909707\" \/><\/a><figcaption><strong>IMG 20210206 101909707<\/strong><\/figcaption><\/figure><br \/>\n<figure class=\"wp-block-piwigo-gallery-single-image piwigo-single-image\"><a href=\"https:\/\/www.eniac2000.com\/piwigo\/picture.php?\/11260\" target=\"_blank\" rel=\"noopener noreferrer\"><img decoding=\"async\" src=\"https:\/\/www.eniac2000.com\/piwigo\/_data\/i\/galleries\/albums\/ciclismo\/20210206-quintillan-a_lagoa\/IMG_20210206_102031629-me.jpg\" alt=\"IMG 20210206 102031629\" \/><\/a><figcaption><strong>IMG 20210206 102031629<\/strong><\/figcaption><\/figure><\/p>\n<p>La ermita se encuentra en un meandro sobre el r\u00edo Umia, habiendo cerca de la misma un peque\u00f1o azud, que crea una represa y un salto de aguas que espero disfrutar este verano. <img src=\"https:\/\/bitacora.eniac2000.com\/wp-includes\/images\/smilies\/mrgreen.png\" alt=\":mrgreen:\" class=\"wp-smiley\" style=\"height: 1em; max-height: 1em;\" \/><\/p>\n<p>Dejada atr\u00e1s la ermita, se llega al punto m\u00e1s bajo del recorrido: el vado del r\u00edo Umia. Desde aqu\u00ed, queda un rato interesante de subida. En primer lugar, se pasa por los n\u00facleos de A R\u00faa, O Barrio y Seoane, desde donde se toma una carretera hacia el este, que se abandona, a mano izquierda, al llegar al cementerio. Se sigue un rato por carretera hasta llegar, 1km despu\u00e9s, a una pista que surge en fuerte subida a mano izquierda. Una pista de tierra amarillenta, que se agarra al neum\u00e1tico como si el ma\u00f1ana no existiera. Esta pista, tras 2&#8217;5km, y tras varios cambios de direcci\u00f3n, cruces, y tipo de firme, acaba llegando a la aldea de Los Campos. Desde all\u00ed se divisa una vista estupenda del valle del L\u00e9rez y de la Sierra de Cando.<\/p>\n<figure class=\"wp-block-piwigo-gallery-single-image piwigo-single-image\"><a href=\"https:\/\/www.eniac2000.com\/piwigo\/picture.php?\/11263\" target=\"_blank\" rel=\"noopener noreferrer\"><img decoding=\"async\" src=\"https:\/\/www.eniac2000.com\/piwigo\/_data\/i\/galleries\/albums\/ciclismo\/20210206-quintillan-a_lagoa\/IMG_20210206_110700497_HDR-me.jpg\" alt=\"IMG 20210206 110700497 HDR\" \/><\/a><figcaption><strong>IMG 20210206 110700497 HDR<\/strong><\/figcaption><\/figure>\n<p>Se sale de la aldea por una pista junto a la ermita que, en ascenso, asciende hasta los campos cercanos a la <a href=\"https:\/\/www.turismo.gal\/recurso\/-\/detalle\/16833\/branas-de-xestoso?langId=es_ES&#038;tp=1&#038;ctre=9\" target=\"_blank\">Laguna Sacra de Olives<\/a>, las Bra\u00f1as de Xestoso. Aparte de por la laguna en s\u00ed, que es un espect\u00e1culo por s\u00ed sola, cabe la pena destacar que la zona contiene las turberas \u00e1cidas de toda Galicia, lo que se deja observar en la carencia de grandes \u00e1rboles, como los que ven\u00edan acompa\u00f1\u00e1ndome durante todo el trayecto, para dejar paso a una vegetaci\u00f3n arbustiva baja. Sol\u00eda decir que esta zona se parec\u00eda una barbaridad a las Colinas Wicklow de Dubl\u00edn, salvo por la ausencia de turberas. Ya no lo puedo decir.<\/p>\n<figure class=\"wp-block-piwigo-gallery-single-image piwigo-single-image\"><a href=\"https:\/\/www.eniac2000.com\/piwigo\/picture.php?\/11272\" target=\"_blank\" rel=\"noopener noreferrer\"><img decoding=\"async\" src=\"https:\/\/www.eniac2000.com\/piwigo\/_data\/i\/galleries\/albums\/ciclismo\/20210206-quintillan-a_lagoa\/IMG_20210206_112011730_HDR-me.jpg\" alt=\"IMG 20210206 112011730 HDR\" \/><\/a><figcaption><strong>IMG 20210206 112011730 HDR<\/strong><\/figcaption><\/figure>\n<p>Pasada la Laguna, se gira hacia el este, tomando una carretera que lleva a Xestoso, pero en mi caso, tom\u00e9 un desv\u00edo a mano derecha, para (casi) volver sobre mis pasos, girando al sur en una serie de caminos embarrados que me habr\u00edan de llevar -en falso llano pero en general descendiendo- hasta Castro de Muras. Se notaba, sobre todo al principio, que era zona de turberas. Me estaba poniendo hasta arriba de fango negro.<\/p>\n<figure class=\"wp-block-piwigo-gallery-single-image piwigo-single-image\"><a href=\"https:\/\/www.eniac2000.com\/piwigo\/picture.php?\/11274\" target=\"_blank\" rel=\"noopener noreferrer\"><img decoding=\"async\" src=\"https:\/\/www.eniac2000.com\/piwigo\/_data\/i\/galleries\/albums\/ciclismo\/20210206-quintillan-a_lagoa\/IMG_20210206_113103623_HDR-me.jpg\" alt=\"IMG 20210206 113103623 HDR\" \/><\/a><figcaption><strong>IMG 20210206 113103623 HDR<\/strong><\/figcaption><\/figure>\n<p>Se llega a Castro de Muras en un divertido descenso por pista, que nos devuelve al r\u00edo Umia, junto al que hay algunos estupendos ejemplos de molinos, con sorprendentes acequias para encauzar el agua hasta ellos, o bien ubicados directamente sobre el cauce.<\/p>\n<p><figure class=\"wp-block-piwigo-gallery-single-image piwigo-single-image\"><a href=\"https:\/\/www.eniac2000.com\/piwigo\/picture.php?\/11275\" target=\"_blank\" rel=\"noopener noreferrer\"><img decoding=\"async\" src=\"https:\/\/www.eniac2000.com\/piwigo\/_data\/i\/galleries\/albums\/ciclismo\/20210206-quintillan-a_lagoa\/IMG_20210206_115214387_HDR-me.jpg\" alt=\"IMG 20210206 115214387 HDR\" \/><\/a><figcaption><strong>IMG 20210206 115214387 HDR<\/strong><\/figcaption><\/figure><br \/>\n<figure class=\"wp-block-piwigo-gallery-single-image piwigo-single-image\"><a href=\"https:\/\/www.eniac2000.com\/piwigo\/picture.php?\/11276\" target=\"_blank\" rel=\"noopener noreferrer\"><img decoding=\"async\" src=\"https:\/\/www.eniac2000.com\/piwigo\/_data\/i\/galleries\/albums\/ciclismo\/20210206-quintillan-a_lagoa\/IMG_20210206_115752461-me.jpg\" alt=\"IMG 20210206 115752461\" \/><\/a><figcaption><strong>IMG 20210206 115752461<\/strong><\/figcaption><\/figure><\/p>\n<p>Para llegar a Castro de Muras hay que iniciar un nuevo ascenso, que ya no parar\u00e1 hasta llegar a la Forca da Loba y el Coto Vello, que constituyen la cota m\u00e1xima de la etapa (704msnm). Desde all\u00ed se hace un divertido descenso por pista hasta llegar a la carretera de Rabadeieras, desde donde se vuelve a enlazar con Las Casetas. Mi idea inicial era bajar por Las Rabadeiras hasta C\u00f3rneas, y desde all\u00ed subir por otra pista que lleva al cementerio de Forcarey, pero volv\u00eda a llover un poco, y decid\u00ed acortar la etapa. Sin embargo, no pude resistirme a intentar el primer camino de la ma\u00f1ana, pero entrando esta vez por arriba. No dur\u00e9 mucho por \u00e9l: unas enormes balsas de agua me dejaron clavado, y tuve que echar pie a tierra para cruzarlas. Llegados a una plantaci\u00f3n de eucalipto el camino se desv\u00eda a la izquierda, pero por error segu\u00ed de frente hasta llegar a una finca sin salida. En vez de dar la vuelta, y dado que la finca presentaba una puerta a la carretera de Forcarey, decid\u00ed dar la etapa por finalizada y volver por carretera, dej\u00e1ndome caer -por una vez- y llegando a Forcarey en descenso, tras un total de 30&#8217;010km de etapa. Un m\u00e1s que buen estreno para la Recon, que adem\u00e1s se port\u00f3 de lujo.<\/p>\n<p><strong>Datos de la etapa<br \/>\n<\/strong><\/p>\n<ul>\n<li><strong>Distancia:<\/strong> 30&#8217;010km<\/li>\n<li><strong>Distancia (seg\u00fan el GPS):<\/strong> 30&#8217;01km<\/li>\n<li><strong>Altitud ascendida:<\/strong> 545m<\/li>\n<li><strong>Tiempo de etapa:<\/strong> 2:23:36<\/li>\n<li><strong>Tiempo desde el inicio de la etapa:<\/strong> 3:06:01<\/li>\n<li><strong>Calor\u00edas consumidas:<\/strong> 2806kcal<\/li>\n<\/ul>\n<p><iframe height='405' width='590' frameborder='0' allowtransparency='true' scrolling='no' src='https:\/\/www.strava.com\/activities\/4743162394\/embed\/04258b372a9d57cce6f60ff65a70fc7574413bf3'><\/iframe><\/p>\n","protected":false},"excerpt":{"rendered":"<p>No tard\u00e9 mucho en estrenar la nueva horquilla Rock Shox<\/p>\n","protected":false},"author":1,"featured_media":0,"comment_status":"open","ping_status":"open","sticky":false,"template":"","format":"standard","meta":{"advanced_seo_description":"","jetpack_seo_html_title":"","jetpack_seo_noindex":false,"_jetpack_memberships_contains_paid_content":false,"footnotes":"","jetpack_publicize_message":"","jetpack_publicize_feature_enabled":true,"jetpack_social_post_already_shared":false,"jetpack_social_options":{"image_generator_settings":{"template":"highway","default_image_id":0,"font":"","enabled":false},"version":2}},"categories":[24,8],"tags":[40,366,683,1135,1365,1400],"series":[],"class_list":["post-4695","post","type-post","status-publish","format-standard","hentry","category-ciclismo","category-deporte","tag-a-lagoa","tag-castro-de-muras","tag-forcarey","tag-mtb","tag-quintillan","tag-rio-umia"],"jetpack_publicize_connections":[],"jetpack_featured_media_url":"","jetpack_sharing_enabled":true,"_links":{"self":[{"href":"https:\/\/bitacora.eniac2000.com\/index.php?rest_route=\/wp\/v2\/posts\/4695","targetHints":{"allow":["GET"]}}],"collection":[{"href":"https:\/\/bitacora.eniac2000.com\/index.php?rest_route=\/wp\/v2\/posts"}],"about":[{"href":"https:\/\/bitacora.eniac2000.com\/index.php?rest_route=\/wp\/v2\/types\/post"}],"author":[{"embeddable":true,"href":"https:\/\/bitacora.eniac2000.com\/index.php?rest_route=\/wp\/v2\/users\/1"}],"replies":[{"embeddable":true,"href":"https:\/\/bitacora.eniac2000.com\/index.php?rest_route=%2Fwp%2Fv2%2Fcomments&post=4695"}],"version-history":[{"count":0,"href":"https:\/\/bitacora.eniac2000.com\/index.php?rest_route=\/wp\/v2\/posts\/4695\/revisions"}],"wp:attachment":[{"href":"https:\/\/bitacora.eniac2000.com\/index.php?rest_route=%2Fwp%2Fv2%2Fmedia&parent=4695"}],"wp:term":[{"taxonomy":"category","embeddable":true,"href":"https:\/\/bitacora.eniac2000.com\/index.php?rest_route=%2Fwp%2Fv2%2Fcategories&post=4695"},{"taxonomy":"post_tag","embeddable":true,"href":"https:\/\/bitacora.eniac2000.com\/index.php?rest_route=%2Fwp%2Fv2%2Ftags&post=4695"},{"taxonomy":"series","embeddable":true,"href":"https:\/\/bitacora.eniac2000.com\/index.php?rest_route=%2Fwp%2Fv2%2Fseries&post=4695"}],"curies":[{"name":"wp","href":"https:\/\/api.w.org\/{rel}","templated":true}]}}