{"id":4710,"date":"2021-02-20T20:09:06","date_gmt":"2021-02-20T19:09:06","guid":{"rendered":"http:\/\/bitacora.eniac2000.com\/?p=4710"},"modified":"2025-10-05T17:12:53","modified_gmt":"2025-10-05T15:12:53","slug":"etapa-ciclista-forcarey-soutelo-de-montes-as-antas-vilarino-14022021","status":"publish","type":"post","link":"https:\/\/bitacora.eniac2000.com\/?p=4710","title":{"rendered":"Etapa ciclista: Forcarey &#8211; Soutelo de Montes &#8211; As Antas &#8211; Vilari\u00f1o (14\/02\/2021)"},"content":{"rendered":"<p>El domingo 14 de febrero realic\u00e9 una nueva etapa por la zona de la Sierra de Cand\u00e1n, la m\u00e1s larga hasta ahora de las realizada en las cercan\u00edas de Forcarey. El objetivo principal de esta etapa era encontrar <a href=\"https:\/\/galiciaalnatural.blogspot.com\/2012\/05\/fervenza-de-grana.html\" target=\"_blank\">unas cascadas<\/a> de cuya existencia hab\u00edan referido en la panader\u00eda Kalis de Soutelo de Montes (que aprovecho para recomendar) y, ya de paso, enlazar con Soutelo desde Forcarey, algo que no hab\u00eda hecho hasta el momento. La ubicaci\u00f3n de la cascada no hab\u00eda sido demasiado precisa, algo m\u00e1s all\u00e1 de La Portela de Lamas, cerca de Arnelas, por una pista que hab\u00edan limpiado recientemente. Sobre el mapa no encontr\u00e9 gran cosa, m\u00e1s all\u00e1 de algunas fuentes entre Arnelas y Ventosela, as\u00ed que decid\u00ed extender la zona de b\u00fasqueda hasta As Antas, y desde all\u00ed volver por algunas pistas que hab\u00eda identificado, y que pasaban por estas fuentes y las aldeas indicadas. Una verdadera etapa de <em>sherpeo<\/em>.<\/p>\n<p>Empec\u00e9 a rodar al filo de las 9 de la ma\u00f1ana, bajando por una corredoira hacia a Ponte desde Forcarey. No fue demasiada buena idea porque la corredoira est\u00e1 bastante comida de vegetaci\u00f3n, y al poco de empezar tuve que echar pie a tierra y abrirme paso entre aulagas y espinos. No ser\u00eda la \u00faltima -ni la peor- de las veces que tuviera que hacerlo a lo largo de la etapa. Pero la corredoira ten\u00eda su encanto, sal\u00eda a un bosquecillo, y posteriormente a un prado, antes de desembocar en la carretera de A Ponte. Desde all\u00ed baj\u00e9 hasta el L\u00e9rez para remontar por carretera hasta a Casanova, para seguir a mano derecha por otra corredoira que acaba saliendo a la carretera PO-2205 un poco antes de Cachafeiro. Cruc\u00e9 el n\u00facleo urbano, para dejar la carretera a la altura del \u00e1rea recreativa de A Freixeira, con la idea de tomar un camino hasta Vilar. Sin embargo, no pude seguir durante mucho tiempo el camino, ya que al poco \u00e9ste se hallaba devorado por la maleza e inundado de agua. Un rato bastante fastidioso, antes de volverse a abrir el camino, poco antes de un desv\u00edo que llevaba de nuevo a la carretera. Segu\u00ed por la misma hasta el desv\u00edo de La Madalena, pasando junto al circuito de velocidad all\u00ed existente.<\/p>\n<figure class=\"wp-block-piwigo-gallery-single-image piwigo-single-image\"><a href=\"https:\/\/www.eniac2000.com\/piwigo\/picture.php?\/11279\" target=\"_blank\" rel=\"noopener noreferrer\"><img decoding=\"async\" src=\"https:\/\/www.eniac2000.com\/piwigo\/_data\/i\/galleries\/albums\/ciclismo\/20210214-soutelo-as_antas\/IMG_20210214_094743965_HDR-me.jpg\" alt=\"IMG 20210214 094743965 HDR\" \/><\/a><figcaption><strong>IMG 20210214 094743965 HDR<\/strong><\/figcaption><\/figure>\n<p>De nuevo por carretera, no tard\u00e9 mucho en llegar a Soutelo, desde donde gir\u00e9 a la izquierda, tomando la N-541 sentido Orense. Desde all\u00ed me esperaban 7 kil\u00f3metros de subida hasta As Antas, no demasiado dura, pero s\u00ed sostenida, y con bastante viento, lo que la hac\u00eda bastante fastidiosa. Por suerte, apenas pas\u00f3 alg\u00fan veh\u00edculo durante todo el recorrido. Recorrido que me habr\u00eda de llevar por La Portela de Lamas, A Ermida, Li\u00f1ares y finalmente, As Antas.<\/p>\n<p><figure class=\"wp-block-piwigo-gallery-single-image piwigo-single-image\"><a href=\"https:\/\/www.eniac2000.com\/piwigo\/picture.php?\/11281\" target=\"_blank\" rel=\"noopener noreferrer\"><img decoding=\"async\" src=\"https:\/\/www.eniac2000.com\/piwigo\/_data\/i\/galleries\/albums\/ciclismo\/20210214-soutelo-as_antas\/IMG_20210214_103126855_HDR-me.jpg\" alt=\"IMG 20210214 103126855 HDR\" \/><\/a><figcaption><strong>IMG 20210214 103126855 HDR<\/strong><\/figcaption><\/figure><br \/>\n<figure class=\"wp-block-piwigo-gallery-single-image piwigo-single-image\"><a href=\"https:\/\/www.eniac2000.com\/piwigo\/picture.php?\/11282\" target=\"_blank\" rel=\"noopener noreferrer\"><img decoding=\"async\" src=\"https:\/\/www.eniac2000.com\/piwigo\/_data\/i\/galleries\/albums\/ciclismo\/20210214-soutelo-as_antas\/IMG_20210214_103135968-me.jpg\" alt=\"IMG 20210214 103135968\" \/><\/a><figcaption><strong>IMG 20210214 103135968<\/strong><\/figcaption><\/figure><\/p>\n<p>Nada m\u00e1s llegar encontr\u00e9 algo curioso, La Mesa de los Obispos. Al parecer la aldea estaba justo en el l\u00edmite jurisdiccional de tres obispados: Orense, Lugo y Santiago, y una piedra fue erigida en el punto en el que se un\u00edan las tres zonas. Piedra que a\u00fan existe, y que se puede ver justo al borde de la carretera.<\/p>\n<p>Tras las fotos de rigor, sal\u00ed de As Antas camino de Arnelas, y tras alg\u00fan despiste, pude identificar la pist que, en descenso, me tendr\u00eda que llevar hasta Arnelas. Empezaba bien, ancha y limpia, pero al cabo del rato, y tras una breve subida, se cerraba bastante en una interesante corredoira que hab\u00eda sido reci\u00e9n desbrozada, pero que ten\u00eda los restos de la broza a\u00fan en el camino, lo que obligaba a echar el pie a tierra.<\/p>\n<p><figure class=\"wp-block-piwigo-gallery-single-image piwigo-single-image\"><a href=\"https:\/\/www.eniac2000.com\/piwigo\/picture.php?\/11286\" target=\"_blank\" rel=\"noopener noreferrer\"><img decoding=\"async\" src=\"https:\/\/www.eniac2000.com\/piwigo\/_data\/i\/galleries\/albums\/ciclismo\/20210214-soutelo-as_antas\/IMG_20210214_103839057-me.jpg\" alt=\"IMG 20210214 103839057\" \/><\/a><figcaption><strong>IMG 20210214 103839057<\/strong><\/figcaption><\/figure><br \/>\n<figure class=\"wp-block-piwigo-gallery-single-image piwigo-single-image\"><a href=\"https:\/\/www.eniac2000.com\/piwigo\/picture.php?\/11287\" target=\"_blank\" rel=\"noopener noreferrer\"><img decoding=\"async\" src=\"https:\/\/www.eniac2000.com\/piwigo\/_data\/i\/galleries\/albums\/ciclismo\/20210214-soutelo-as_antas\/IMG_20210214_104938895_HDR-me.jpg\" alt=\"IMG 20210214 104938895 HDR\" \/><\/a><figcaption><strong>IMG 20210214 104938895 HDR<\/strong><\/figcaption><\/figure><\/p>\n<p>Una vez pasada la pista, se llegaba a una carreterita que conduc\u00eda hacia Arnelas. En mi caso, tom\u00e9 la carretera en sentido contrario (y en subida) camino de una pista que conduc\u00eda hasta Ventosela, bordeando el Alto do Couto. La pista se abr\u00eda a mano derecha, y de nuevo era una buena pista, amplia y en ligero ascenso. A medida que sub\u00eda empec\u00e9 a encontrar indicaciones de la existencia de manantiales. Agua no faltaba. Pero de cascadas, nada de nada. Tras remontar el alto, llegu\u00e9 a un cortafuegos que, a mano izquierda, bajaba hacia las fuentes (Del Sapo y de Nuestra Se\u00f1ora) que hab\u00eda identificado en el mapa. Y de nuevo, nada. O bien se encontraban comidos por la vegetaci\u00f3n, o el cortafuegos se los hab\u00eda llevado por delante. Vuelto sobre mi camino, o mejor dicho, mi cortafuegos, continu\u00e9 en descenso para desembocar en un nuevo camino, a mano derecha, que segu\u00eda bordeando por una zona repoblada hasta ventosela. No encontr\u00e9 las fuentes, pero s\u00ed una cantidad inusitada de agua en la pista, justo al llegar a un peque\u00f1o bosquecillo de ribera que se emplazaba en alto del Rego da Balsada. Desde all\u00ed volv\u00edamos a un bosque de tipo atl\u00e1ntico que llevaba por un bonito camino hasta la entrada de Ventosela. <\/p>\n<p>Ventosela es apenas un peque\u00f1o grupo de casas, bien cuidadas, pero en el que no encontr\u00e9 a nadie al atravesarlo.<\/p>\n<figure class=\"wp-block-piwigo-gallery-single-image piwigo-single-image\"><a href=\"https:\/\/www.eniac2000.com\/piwigo\/picture.php?\/11290\" target=\"_blank\" rel=\"noopener noreferrer\"><img decoding=\"async\" src=\"https:\/\/www.eniac2000.com\/piwigo\/_data\/i\/galleries\/albums\/ciclismo\/20210214-soutelo-as_antas\/IMG_20210214_113924025-me.jpg\" alt=\"IMG 20210214 113924025\" \/><\/a><figcaption><strong>IMG 20210214 113924025<\/strong><\/figcaption><\/figure>\n<p>La salida de la aldea la hice por una nuevo corredoira, esta limpia y bien cuidada, que me habr\u00eda de llevas hasta As Codes\u00e1s, primero en bajada, y tras cruzar el R\u00edo Porto, apenas un regato a esas alturas, en subida.<\/p>\n<p><figure class=\"wp-block-piwigo-gallery-single-image piwigo-single-image\"><a href=\"https:\/\/www.eniac2000.com\/piwigo\/picture.php?\/11291\" target=\"_blank\" rel=\"noopener noreferrer\"><img decoding=\"async\" src=\"https:\/\/www.eniac2000.com\/piwigo\/_data\/i\/galleries\/albums\/ciclismo\/20210214-soutelo-as_antas\/IMG_20210214_114331016_HDR-me.jpg\" alt=\"IMG 20210214 114331016 HDR\" \/><\/a><figcaption><strong>IMG 20210214 114331016 HDR<\/strong><\/figcaption><\/figure><br \/>\n<figure class=\"wp-block-piwigo-gallery-single-image piwigo-single-image\"><a href=\"https:\/\/www.eniac2000.com\/piwigo\/picture.php?\/11293\" target=\"_blank\" rel=\"noopener noreferrer\"><img decoding=\"async\" src=\"https:\/\/www.eniac2000.com\/piwigo\/_data\/i\/galleries\/albums\/ciclismo\/20210214-soutelo-as_antas\/IMG_20210214_114559493_HDR-me.jpg\" alt=\"IMG 20210214 114559493 HDR\" \/><\/a><figcaption><strong>IMG 20210214 114559493 HDR<\/strong><\/figcaption><\/figure><\/p>\n<p>Entonces no lo sab\u00eda, pero las cascadas que estaba buscando se encontraban muy, muy cerca. Intu\u00eda su cercan\u00eda, pero a esas alturas llevaba ya una cierta paliza -25 kil\u00f3metros de subidas y bajadas, con una cota m\u00e1xima de 852 msnm- y empezaba a tener ganas de emprender la vuelta. Ya habr\u00eda otros d\u00edas para buscar cascadas en la Sierra de Cand\u00e1n.<\/p>\n<p>Dej\u00e9 atr\u00e1s Codes\u00e1s y me dirig\u00ed por carretera hasta la cercana Ameixeiras, desde donde sal\u00eda un nuevo camino, en ascenso que me tendr\u00eda que llevar a una nueva subida, previa a la bajada hasta Vilari\u00f1o. El comienzo de la pista estaba de nuevo cerrado por vegetaci\u00f3n, se\u00f1al de que nadie hab\u00eda pasado por ah\u00ed en tiempos recientes. Tocaba de nuevo echar pie a tierra, sobre todo despu\u00e9s de que una aulaga me pegara un bonito picotazo justo encima de la r\u00f3tula, que me tuvo sangrando un rato. Nada grave, pero s\u00ed aparatoso.<\/p>\n<figure class=\"wp-block-piwigo-gallery-single-image piwigo-single-image\"><a href=\"https:\/\/www.eniac2000.com\/piwigo\/picture.php?\/11295\" target=\"_blank\" rel=\"noopener noreferrer\"><img decoding=\"async\" src=\"https:\/\/www.eniac2000.com\/piwigo\/_data\/i\/galleries\/albums\/ciclismo\/20210214-soutelo-as_antas\/IMG_20210214_115549596_HDR-me.jpg\" alt=\"IMG 20210214 115549596 HDR\" \/><\/a><figcaption><strong>IMG 20210214 115549596 HDR<\/strong><\/figcaption><\/figure>\n<p>Salido este tramo malo, sal\u00ed a una pista m\u00e1s amplia que segu\u00eda en ascenso. Esta pista sal\u00eda de As Codes\u00e1s, y esquivaba el paso por Ameixeira. Bueno para tenerlo en cuenta de cara a otra visita. Tras completar el ascenso (de nuevo hasta los 819 msnm desde los 720 que ten\u00eda al paso sobre el R\u00edo Porto en algo menos de 2 kil\u00f3metros), emprend\u00ed una r\u00e1pida bajada hasta Vilari\u00f1o, una aldea con bastante m\u00e1s vida que las anteriores. No en balde contaba con casa rural y restaurante. La bajada, ya en la otra vertiente de la monta\u00f1a, permit\u00eda divisar Forcarey en lontananza, a unos 8 kil\u00f3metros de distancia en l\u00ednea recta.<\/p>\n<figure class=\"wp-block-piwigo-gallery-single-image piwigo-single-image\"><a href=\"https:\/\/www.eniac2000.com\/piwigo\/picture.php?\/11296\" target=\"_blank\" rel=\"noopener noreferrer\"><img decoding=\"async\" src=\"https:\/\/www.eniac2000.com\/piwigo\/_data\/i\/galleries\/albums\/ciclismo\/20210214-soutelo-as_antas\/IMG_20210214_121833718-me.jpg\" alt=\"IMG 20210214 121833718\" \/><\/a><figcaption><strong>IMG 20210214 121833718<\/strong><\/figcaption><\/figure>\n<p>Dejado atr\u00e1s Vilari\u00f1o, tom\u00e9 una carretera que me llevar\u00eda hasta las cercan\u00edas de Cachafeiro, casi en continuo descenso. Pas\u00e9 por Fix\u00f3, Portela, Millarada, Porto, Igrexa, Malburgo y Covas. A esas alturas los kil\u00f3metros empezaban a pesar bastante. Al salir a la PO-534, ten\u00eda la posibilidad de volver por Cachafeiro, pero mi idea era enlazar por campo con Casanova. Algo que no pide hacer, ya que me encontr\u00e9 con una partida de caza que bloqueaba el camino que ten\u00eda previsto seguir. As\u00ed que, tras volver sobre mis pasos, cruc\u00e9 Cachafeiro y acab\u00e9 volviendo a Forcarey por carretera, para completar un total de 39&#8217;5 kil\u00f3metros de dura, pero estupenda etapa.<\/p>\n<p>Como ep\u00edlogo de la etapa, d\u00edas despu\u00e9s, al revisar el recorrido efectuado en Google Earth, encontr\u00e9 algunas fotograf\u00edas geolocalizadas de una cascada en las cercan\u00edas de A Gra\u00f1a, otra aldea cercana a As Codes\u00e1s. Estaban mal etiquetadas (indicaban como nombre Cascada de Chamosa, que no se encuentra precisamente ah\u00ed), pero eso me dio la pista que necesitaba para identificar la cascada como la del r\u00edo Porto. As\u00ed que ya tengo plan para volver, cuando el tiempo lo permita. <img src=\"https:\/\/bitacora.eniac2000.com\/wp-includes\/images\/smilies\/mrgreen.png\" alt=\":mrgreen:\" class=\"wp-smiley\" style=\"height: 1em; max-height: 1em;\" \/><\/p>\n<p><strong>Datos de la etapa<\/strong><\/p>\n<ul>\n<li><strong>Distancia:<\/strong> 43&#8217;046km<\/li>\n<li><strong>Distancia (seg\u00fan el GPS):<\/strong> 39&#8217;54km<\/li>\n<li><strong>Altitud ascendida:<\/strong> 830m<\/li>\n<li><strong>Tiempo de etapa:<\/strong> 2:23:364<\/li>\n<li><strong>Tiempo desde el inicio de la etapa:<\/strong> 4:06:22<\/li>\n<li><strong>Calor\u00edas consumidas:<\/strong> 3708kcal<\/li>\n<\/ul>\n<p><iframe height='405' width='590' frameborder='0' allowtransparency='true' scrolling='no' src='https:\/\/www.strava.com\/activities\/4785371370\/embed\/e5eec7eb4270762f72937c4b6f5253975d4cc603'><\/iframe><\/p>\n","protected":false},"excerpt":{"rendered":"<p>El domingo 14 de febrero realic\u00e9 una nueva etapa por<\/p>\n","protected":false},"author":1,"featured_media":0,"comment_status":"open","ping_status":"open","sticky":false,"template":"","format":"standard","meta":{"advanced_seo_description":"","jetpack_seo_html_title":"","jetpack_seo_noindex":false,"_jetpack_memberships_contains_paid_content":false,"footnotes":"","jetpack_publicize_message":"","jetpack_publicize_feature_enabled":true,"jetpack_social_post_already_shared":false,"jetpack_social_options":{"image_generator_settings":{"template":"highway","default_image_id":0,"font":"","enabled":false},"version":2}},"categories":[24,8],"tags":[156,274,683,1135,1570,1744],"series":[],"class_list":["post-4710","post","type-post","status-publish","format-standard","hentry","category-ciclismo","category-deporte","tag-as-antas","tag-cachafeiro","tag-forcarey","tag-mtb","tag-soutelo-de-montes","tag-vilarino"],"jetpack_publicize_connections":[],"jetpack_featured_media_url":"","jetpack_sharing_enabled":true,"_links":{"self":[{"href":"https:\/\/bitacora.eniac2000.com\/index.php?rest_route=\/wp\/v2\/posts\/4710","targetHints":{"allow":["GET"]}}],"collection":[{"href":"https:\/\/bitacora.eniac2000.com\/index.php?rest_route=\/wp\/v2\/posts"}],"about":[{"href":"https:\/\/bitacora.eniac2000.com\/index.php?rest_route=\/wp\/v2\/types\/post"}],"author":[{"embeddable":true,"href":"https:\/\/bitacora.eniac2000.com\/index.php?rest_route=\/wp\/v2\/users\/1"}],"replies":[{"embeddable":true,"href":"https:\/\/bitacora.eniac2000.com\/index.php?rest_route=%2Fwp%2Fv2%2Fcomments&post=4710"}],"version-history":[{"count":0,"href":"https:\/\/bitacora.eniac2000.com\/index.php?rest_route=\/wp\/v2\/posts\/4710\/revisions"}],"wp:attachment":[{"href":"https:\/\/bitacora.eniac2000.com\/index.php?rest_route=%2Fwp%2Fv2%2Fmedia&parent=4710"}],"wp:term":[{"taxonomy":"category","embeddable":true,"href":"https:\/\/bitacora.eniac2000.com\/index.php?rest_route=%2Fwp%2Fv2%2Fcategories&post=4710"},{"taxonomy":"post_tag","embeddable":true,"href":"https:\/\/bitacora.eniac2000.com\/index.php?rest_route=%2Fwp%2Fv2%2Ftags&post=4710"},{"taxonomy":"series","embeddable":true,"href":"https:\/\/bitacora.eniac2000.com\/index.php?rest_route=%2Fwp%2Fv2%2Fseries&post=4710"}],"curies":[{"name":"wp","href":"https:\/\/api.w.org\/{rel}","templated":true}]}}