{"id":4715,"date":"2021-03-07T14:34:24","date_gmt":"2021-03-07T13:34:24","guid":{"rendered":"http:\/\/bitacora.eniac2000.com\/?p=4715"},"modified":"2025-10-05T17:12:53","modified_gmt":"2025-10-05T15:12:53","slug":"etapa-ciclista-monasterio-de-acibeiro-alto-de-candan-grobas-06032021","status":"publish","type":"post","link":"https:\/\/bitacora.eniac2000.com\/?p=4715","title":{"rendered":"Etapa ciclista: Monasterio de Aciveiro &#8211; Alto de Cand\u00e1n &#8211; Grobas (06\/03\/2021)"},"content":{"rendered":"<p>El s\u00e1bado 6 de marzo realic\u00e9 una etapa en Forcarey cuyo objetivo principal era visitar la aldea abandonada de Grobas, que se encuentra en uno de los ca\u00f1ones m\u00e1s rec\u00f3nditos de la Sierra de Cand\u00e1n. Una visita que vale muy mucho la pena realizar, pero que exige armarse de valor para realizarla. Cargu\u00e9 la bici en el coche a las 9 de la ma\u00f1ana, y me dirig\u00ed al Monasterio de Aciveiro, que ser\u00eda mi punto de partida. Empec\u00e9 a rodar un poco antes de las 9:30h, en direcci\u00f3n al parque e\u00f3lico de Masgal\u00e1n. Y es que parte de la gracia de ir a Grobas, encajonada en el fondo de un valle a unos 600 metros de altitud, es que tienes que hacer primero la subida al Alto de Cand\u00e1n, a 1014 metros. Y en mi caso, saliendo desde los 720 metros del Monasterio. Una etapa que iba a tener su miga.<\/p>\n<figure class=\"wp-block-piwigo-gallery-single-image piwigo-single-image\"><a href=\"https:\/\/www.eniac2000.com\/piwigo\/picture.php?\/11378\" target=\"_blank\" rel=\"noopener noreferrer\"><img decoding=\"async\" src=\"https:\/\/www.eniac2000.com\/piwigo\/_data\/i\/galleries\/albums\/ciclismo\/20210306-grobas\/IMG_20210306_122948697-me.jpg\" alt=\"IMG 20210306 122948697\" \/><\/a><figcaption><strong>IMG 20210306 122948697<\/strong><\/figcaption><\/figure>\n<p>Como dec\u00eda, dej\u00e9 atr\u00e1s el Monasterio, siguiendo en un primer momento las marcas del PR-G100 (circular de la Sierra de Cand\u00e1n) hasta llegar a la cercana O Forno. Desde all\u00ed se abandona el asfanto un poco antes de llegar a la carretera de Lal\u00edn, por un camino que, a mano derecha, baja hasta el Puente Viejo do Forno. Tras esta bajada se emprende un ascenso por buena pista, casi constante, que no se detiene hasta llegar hasta A Rochela, a 2&#8217;5km de distancia. En todo momento se tienen unas estupendas vistas del valle donde se alza el monasterio, que no dejar\u00e1 de ser nuestra referencia visual durante casi toda la etapa.<\/p>\n<figure class=\"wp-block-piwigo-gallery-single-image piwigo-single-image\"><a href=\"https:\/\/www.eniac2000.com\/piwigo\/picture.php?\/11328\" target=\"_blank\" rel=\"noopener noreferrer\"><img decoding=\"async\" src=\"https:\/\/www.eniac2000.com\/piwigo\/_data\/i\/galleries\/albums\/ciclismo\/20210306-grobas\/IMG_20210306_093305940_HDR-me.jpg\" alt=\"IMG 20210306 093305940 HDR\" \/><\/a><figcaption><strong>IMG 20210306 093305940 HDR<\/strong><\/figcaption><\/figure>\n<p>Tras llegar a la aldea de A Rochela (atenci\u00f3n, perros cruzados con oso sueltos) se gira a mano derecha por carretera para encaminarse hasta A Noveliza. Un poco antes de llegar a las casas, una amplia pista que sale a mano izquierda nos permitir\u00e1 empezar la verdadera subida al parque e\u00f3lico. Es posible hacerlo tambi\u00e9n desde la propia A Noveliza, pero en mi caso, ese ser\u00eda el camino de vuelta. La subida por la pista es larga, sostenida y dura (con rampas del 11%), pero no es complicada. Toca armarse de paciencia, echar la vista abajo y pensar en cualquier cosa que no sea terminar cuanto antes. Casi al final de la subida volvemos a recuperar el recorrido del PR-G100, que en mi caso hab\u00eda abandonado casi desde la salida, pero es por poco tiempo, ya que \u00e9ste se desv\u00eda a mano izquierda poco antes de llegar a la subestaci\u00f3n el\u00e9ctrica del parque e\u00f3lico.<\/p>\n<figure class=\"wp-block-piwigo-gallery-single-image piwigo-single-image\"><a href=\"https:\/\/www.eniac2000.com\/piwigo\/picture.php?\/11334\" target=\"_blank\" rel=\"noopener noreferrer\"><img decoding=\"async\" src=\"https:\/\/www.eniac2000.com\/piwigo\/_data\/i\/galleries\/albums\/ciclismo\/20210306-grobas\/IMG_20210306_101105760-me.jpg\" alt=\"IMG 20210306 101105760\" \/><\/a><figcaption><strong>IMG 20210306 101105760<\/strong><\/figcaption><\/figure>\n<p>Una vez llegado a la subestaci\u00f3n, se ha de tomar la pista de mantenimiento del parque e\u00f3lico, con un buen firme de grava asfaltada, y que sigue el ascenso hasta llegar al Alto de Cand\u00e1n, subiendo por la cresta de la Sierra hom\u00f3nima. La vista es espectacular, y permite ver tanto los valles del L\u00e9rez como del Deza. La pena es que el d\u00eda, pese a estar despejado, mostraba algo de brumas hacia el Deza, y la vista por esta parte no era clara. <\/p>\n<p><figure class=\"wp-block-piwigo-gallery-single-image piwigo-single-image\"><a href=\"https:\/\/www.eniac2000.com\/piwigo\/picture.php?\/11336\" target=\"_blank\" rel=\"noopener noreferrer\"><img decoding=\"async\" src=\"https:\/\/www.eniac2000.com\/piwigo\/_data\/i\/galleries\/albums\/ciclismo\/20210306-grobas\/IMG_20210306_101640963-me.jpg\" alt=\"IMG 20210306 101640963\" \/><\/a><figcaption><strong>IMG 20210306 101640963<\/strong><\/figcaption><\/figure><br \/>\n<figure class=\"wp-block-piwigo-gallery-single-image piwigo-single-image\"><a href=\"https:\/\/www.eniac2000.com\/piwigo\/picture.php?\/11338\" target=\"_blank\" rel=\"noopener noreferrer\"><img decoding=\"async\" src=\"https:\/\/www.eniac2000.com\/piwigo\/_data\/i\/galleries\/albums\/ciclismo\/20210306-grobas\/IMG_20210306_101819120_HDR-me.jpg\" alt=\"IMG 20210306 101819120 HDR\" \/><\/a><figcaption><strong>IMG 20210306 101819120 HDR<\/strong><\/figcaption><\/figure><\/p>\n<p>Segu\u00ed con el ascenso, para llegar a las cercanas ruinas de la Ermita de San Benito, que formaba parte de los terrenos del monasterio de Aciveiro, y que a d\u00eda de hoy se encuentra pr\u00e1cticamente desaparecida, pero en cuyas cercan\u00edas hay, de nuevo, unas imponentes vistas del valle del L\u00e9rez, con el monasterio en lontananza.<\/p>\n<p><figure class=\"wp-block-piwigo-gallery-single-image piwigo-single-image\"><a href=\"https:\/\/www.eniac2000.com\/piwigo\/picture.php?\/11339\" target=\"_blank\" rel=\"noopener noreferrer\"><img decoding=\"async\" src=\"https:\/\/www.eniac2000.com\/piwigo\/_data\/i\/galleries\/albums\/ciclismo\/20210306-grobas\/IMG_20210306_102149388_HDR-me.jpg\" alt=\"IMG 20210306 102149388 HDR\" \/><\/a><figcaption><strong>IMG 20210306 102149388 HDR<\/strong><\/figcaption><\/figure><br \/>\n<figure class=\"wp-block-piwigo-gallery-single-image piwigo-single-image\"><a href=\"https:\/\/www.eniac2000.com\/piwigo\/picture.php?\/11341\" target=\"_blank\" rel=\"noopener noreferrer\"><img decoding=\"async\" src=\"https:\/\/www.eniac2000.com\/piwigo\/_data\/i\/galleries\/albums\/ciclismo\/20210306-grobas\/IMG_20210306_102602910-me.jpg\" alt=\"IMG 20210306 102602910\" \/><\/a><figcaption><strong>IMG 20210306 102602910<\/strong><\/figcaption><\/figure><\/p>\n<p>Poco despu\u00e9s de dejar atr\u00e1s los restos de la ermita se llega a la cota m\u00e1xima de la etapa, el alto de Cand\u00e1n (1014 msnm), inconfundible con su v\u00e9rtice geod\u00e9sico, junto al que se encuentran una antena de comunicaciones, una estaci\u00f3n meteorol\u00f3gica&#8230; \u00a1y un geocach\u00e9 a los pies del v\u00e9rtice!<\/p>\n<p><figure class=\"wp-block-piwigo-gallery-single-image piwigo-single-image\"><a href=\"https:\/\/www.eniac2000.com\/piwigo\/picture.php?\/11343\" target=\"_blank\" rel=\"noopener noreferrer\"><img decoding=\"async\" src=\"https:\/\/www.eniac2000.com\/piwigo\/_data\/i\/galleries\/albums\/ciclismo\/20210306-grobas\/IMG_20210306_103229625-me.jpg\" alt=\"IMG 20210306 103229625\" \/><\/a><figcaption><strong>IMG 20210306 103229625<\/strong><\/figcaption><\/figure><br \/>\n<figure class=\"wp-block-piwigo-gallery-single-image piwigo-single-image\"><a href=\"https:\/\/www.eniac2000.com\/piwigo\/picture.php?\/11346\" target=\"_blank\" rel=\"noopener noreferrer\"><img decoding=\"async\" src=\"https:\/\/www.eniac2000.com\/piwigo\/_data\/i\/galleries\/albums\/ciclismo\/20210306-grobas\/IMG_20210306_103350860_HDR-me.jpg\" alt=\"IMG 20210306 103350860 HDR\" \/><\/a><figcaption><strong>IMG 20210306 103350860 HDR<\/strong><\/figcaption><\/figure><br \/>\n<figure class=\"wp-block-piwigo-gallery-single-image piwigo-single-image\"><a href=\"https:\/\/www.eniac2000.com\/piwigo\/picture.php?\/11345\" target=\"_blank\" rel=\"noopener noreferrer\"><img decoding=\"async\" src=\"https:\/\/www.eniac2000.com\/piwigo\/_data\/i\/galleries\/albums\/ciclismo\/20210306-grobas\/IMG_20210306_103336908-me.jpg\" alt=\"IMG 20210306 103336908\" \/><\/a><figcaption><strong>IMG 20210306 103336908<\/strong><\/figcaption><\/figure><\/p>\n<p>De vuelta en el camino, dej\u00e9 atr\u00e1s el alto, y empec\u00e9 la verdadera diversi\u00f3n de la etapa. El descenso a Grobas. Un descenso que tiene su miga: en menos de 3 kil\u00f3metros se bajan m\u00e1s de 400 metros de desnivel, hasta llegar a la aldea minera abandonada de Grobas. Un descenso que en el que se llegan a bajar por rampas de m\u00e1s del 30%. Primero por la pista del parque, hasta llegar al \u00faltimo aerogenerador -alternando la grava y el cemento en las partes donde la pendiente es m\u00e1s acusada-, y desde all\u00ed, por el viejo camino minero, que no es sino una sucesi\u00f3n de grava y piedras sueltas, pendientes criminales y curvas y contracurvas, hasta que bajas al fondo del ca\u00f1\u00f3n. Una bajada con bastante mala idea, en la que se me afloj\u00f3 el cierre de la rueda delantera, y tuve que parar un par de veces ante el riesgo de salir por encima del manillar, y por no sentirme los dedos con los que frenaba. Una bajada bastante fastidiosa, pero que val\u00eda la pena cada instante de la misma. Tanto por la bajada en s\u00ed, con unas vistas espl\u00e9ndidas, como por la maravilla que esperaba en el fondo.<\/p>\n<p><iframe loading=\"lazy\" frameborder=\"0\" width=\"512\" height=\"288\" src=\"https:\/\/www.dailymotion.com\/embed\/video\/x7zqz68\" allowfullscreen allow=\"autoplay; fullscreen; picture-in-picture\"><\/iframe><\/p>\n<p>La aldea se encuentra junto al cauce de un regato que corre por el fondo del ca\u00f1\u00f3n, y que forma un verdadero vergel, que m\u00e1s parece un trozo del para\u00edso ca\u00eddo en lo m\u00e1s profundo de una sima como pocas. <\/p>\n<p><figure class=\"wp-block-piwigo-gallery-single-image piwigo-single-image\"><a href=\"https:\/\/www.eniac2000.com\/piwigo\/picture.php?\/11348\" target=\"_blank\" rel=\"noopener noreferrer\"><img decoding=\"async\" src=\"https:\/\/www.eniac2000.com\/piwigo\/_data\/i\/galleries\/albums\/ciclismo\/20210306-grobas\/IMG_20210306_105109155_HDR-me.jpg\" alt=\"IMG 20210306 105109155 HDR\" \/><\/a><figcaption><strong>IMG 20210306 105109155 HDR<\/strong><\/figcaption><\/figure><br \/>\n<figure class=\"wp-block-piwigo-gallery-single-image piwigo-single-image\"><a href=\"https:\/\/www.eniac2000.com\/piwigo\/picture.php?\/11349\" target=\"_blank\" rel=\"noopener noreferrer\"><img decoding=\"async\" src=\"https:\/\/www.eniac2000.com\/piwigo\/_data\/i\/galleries\/albums\/ciclismo\/20210306-grobas\/IMG_20210306_105127933-me.jpg\" alt=\"IMG 20210306 105127933\" \/><\/a><figcaption><strong>IMG 20210306 105127933<\/strong><\/figcaption><\/figure><\/p>\n<p>La primera visi\u00f3n del cauce es espl\u00e9ndida, pero al poco cede a una nueva maravilla, que es la Poza Verde, que se encuentra apenas a una decena de metros de donde termina el camino. Y es algo que a nadie puede dejar indiferente.<\/p>\n<p><figure class=\"wp-block-piwigo-gallery-single-image piwigo-single-image\"><a href=\"https:\/\/www.eniac2000.com\/piwigo\/picture.php?\/11354\" target=\"_blank\" rel=\"noopener noreferrer\"><img decoding=\"async\" src=\"https:\/\/www.eniac2000.com\/piwigo\/_data\/i\/galleries\/albums\/ciclismo\/20210306-grobas\/IMG_20210306_105713600-me.jpg\" alt=\"IMG 20210306 105713600\" \/><\/a><figcaption><strong>IMG 20210306 105713600<\/strong><\/figcaption><\/figure><br \/>\n<figure class=\"wp-block-piwigo-gallery-single-image piwigo-single-image\"><a href=\"https:\/\/www.eniac2000.com\/piwigo\/picture.php?\/11353\" target=\"_blank\" rel=\"noopener noreferrer\"><img decoding=\"async\" src=\"https:\/\/www.eniac2000.com\/piwigo\/_data\/i\/galleries\/albums\/ciclismo\/20210306-grobas\/IMG_20210306_105610086-me.jpg\" alt=\"IMG 20210306 105610086\" \/><\/a><figcaption><strong>IMG 20210306 105610086<\/strong><\/figcaption><\/figure><\/p>\n<p><iframe loading=\"lazy\" frameborder=\"0\" width=\"512\" height=\"288\" src=\"https:\/\/www.dailymotion.com\/embed\/video\/x7zr8mw\" allowfullscreen allow=\"autoplay; fullscreen; picture-in-picture\"><\/iframe><\/p>\n<p>Como en d\u00edas anteriores, no pude menos que lamentar mi suerte por llegar a este lugar en pleno invierno, y no en verano. L\u00e1stima de que no hiciera tiempo de pegarse un chapuz\u00f3n.<\/p>\n<figure class=\"wp-block-piwigo-gallery-single-image piwigo-single-image\"><a href=\"https:\/\/www.eniac2000.com\/piwigo\/picture.php?\/11358\" target=\"_blank\" rel=\"noopener noreferrer\"><img decoding=\"async\" src=\"https:\/\/www.eniac2000.com\/piwigo\/_data\/i\/galleries\/albums\/ciclismo\/20210306-grobas\/IMG_20210306_110157335_HDR-me.jpg\" alt=\"IMG 20210306 110157335 HDR\" \/><\/a><figcaption><strong>IMG 20210306 110157335 HDR<\/strong><\/figcaption><\/figure>\n<p>Aguas abajo el aspecto sigue siendo genial, pero poco a poco el d\u00eda se iba alargando, y a\u00fan me quedaba mucho por explorar. Recorr\u00ed los restos de la aldea, de la que apenas queda un grupo de casas con los techos hundidos, diseminadas a lo largo del r\u00edo. La aldea fue abandonada a finales de los a\u00f1os 60, y el tiempo ha hecho estragos en ella&#8230;<\/p>\n<p><figure class=\"wp-block-piwigo-gallery-single-image piwigo-single-image\"><a href=\"https:\/\/www.eniac2000.com\/piwigo\/picture.php?\/11361\" target=\"_blank\" rel=\"noopener noreferrer\"><img decoding=\"async\" src=\"https:\/\/www.eniac2000.com\/piwigo\/_data\/i\/galleries\/albums\/ciclismo\/20210306-grobas\/IMG_20210306_110903658-me.jpg\" alt=\"IMG 20210306 110903658\" \/><\/a><figcaption><strong>IMG 20210306 110903658<\/strong><\/figcaption><\/figure><br \/>\n<figure class=\"wp-block-piwigo-gallery-single-image piwigo-single-image\"><a href=\"https:\/\/www.eniac2000.com\/piwigo\/picture.php?\/11362\" target=\"_blank\" rel=\"noopener noreferrer\"><img decoding=\"async\" src=\"https:\/\/www.eniac2000.com\/piwigo\/_data\/i\/galleries\/albums\/ciclismo\/20210306-grobas\/IMG_20210306_111138298_HDR-me.jpg\" alt=\"IMG 20210306 111138298 HDR\" \/><\/a><figcaption><strong>IMG 20210306 111138298 HDR<\/strong><\/figcaption><\/figure><br \/>\n<figure class=\"wp-block-piwigo-gallery-single-image piwigo-single-image\"><a href=\"https:\/\/www.eniac2000.com\/piwigo\/picture.php?\/11363\" target=\"_blank\" rel=\"noopener noreferrer\"><img decoding=\"async\" src=\"https:\/\/www.eniac2000.com\/piwigo\/_data\/i\/galleries\/albums\/ciclismo\/20210306-grobas\/IMG_20210306_111155798_HDR-me.jpg\" alt=\"IMG 20210306 111155798 HDR\" \/><\/a><figcaption><strong>IMG 20210306 111155798 HDR<\/strong><\/figcaption><\/figure><br \/>\n<figure class=\"wp-block-piwigo-gallery-single-image piwigo-single-image\"><a href=\"https:\/\/www.eniac2000.com\/piwigo\/picture.php?\/11364\" target=\"_blank\" rel=\"noopener noreferrer\"><img decoding=\"async\" src=\"https:\/\/www.eniac2000.com\/piwigo\/_data\/i\/galleries\/albums\/ciclismo\/20210306-grobas\/IMG_20210306_111202472_HDR-me.jpg\" alt=\"IMG 20210306 111202472 HDR\" \/><\/a><figcaption><strong>IMG 20210306 111202472 HDR<\/strong><\/figcaption><\/figure><br \/>\n<figure class=\"wp-block-piwigo-gallery-single-image piwigo-single-image\"><a href=\"https:\/\/www.eniac2000.com\/piwigo\/picture.php?\/11369\" target=\"_blank\" rel=\"noopener noreferrer\"><img decoding=\"async\" src=\"https:\/\/www.eniac2000.com\/piwigo\/_data\/i\/galleries\/albums\/ciclismo\/20210306-grobas\/IMG_20210306_111413134_HDR-me.jpg\" alt=\"IMG 20210306 111413134 HDR\" \/><\/a><figcaption><strong>IMG 20210306 111413134 HDR<\/strong><\/figcaption><\/figure><\/p>\n<p>&#8230;si bien hay una construcci\u00f3n que resiste el paso del tiempo. Es una casa, m\u00e1s bien un galp\u00f3n, que se alza justo encima de la Poza, y que ha sido reconvertida en un refugio de monta\u00f1a. Una estupenda idea, ya que se encuentra habilitada para poder refugiarse en ella, con mesas, bancos, utensilios de cocina y hasta un colch\u00f3n y una radio. Pero por desgracia, los \u00faltimos visitantes de la misma no respetaron la petici\u00f3n de los que habilitaron el refugio: por favor, no deje basura. En fin, una l\u00e1stima.<\/p>\n<figure class=\"wp-block-piwigo-gallery-single-image piwigo-single-image\"><a href=\"https:\/\/www.eniac2000.com\/piwigo\/picture.php?\/11360\" target=\"_blank\" rel=\"noopener noreferrer\"><img decoding=\"async\" src=\"https:\/\/www.eniac2000.com\/piwigo\/_data\/i\/galleries\/albums\/ciclismo\/20210306-grobas\/IMG_20210306_110848018-me.jpg\" alt=\"IMG 20210306 110848018\" \/><\/a><figcaption><strong>IMG 20210306 110848018<\/strong><\/figcaption><\/figure>\n<p><iframe loading=\"lazy\" frameborder=\"0\" width=\"512\" height=\"288\" src=\"https:\/\/www.dailymotion.com\/embed\/video\/x7zr8p5\" allowfullscreen allow=\"autoplay; fullscreen; picture-in-picture\"><\/iframe><\/p>\n<p>Tocaba volver, y volver deshaciendo mis pasos. Lo que hab\u00eda sido duro para bajar, para subir iba a ser una verdadera tortura.<\/p>\n<figure class=\"wp-block-piwigo-gallery-single-image piwigo-single-image\"><a href=\"https:\/\/www.eniac2000.com\/piwigo\/picture.php?\/11359\" target=\"_blank\" rel=\"noopener noreferrer\"><img decoding=\"async\" src=\"https:\/\/www.eniac2000.com\/piwigo\/_data\/i\/galleries\/albums\/ciclismo\/20210306-grobas\/IMG_20210306_110833556-me.jpg\" alt=\"IMG 20210306 110833556\" \/><\/a><figcaption><strong>IMG 20210306 110833556<\/strong><\/figcaption><\/figure>\n<p>Al poco de empezar la subida estaba claro que me iba a tocar echar el pie a tierra, y tirar de la bici durante un buen rato. Al final fue casi m\u00e1s tiempo andando que montado en la bici, pero es que la salida de la garganta se las tra\u00eda. Iba a ser, en total, 1100 metros de distancia, con una pendiente media del 18%.<\/p>\n<p><figure class=\"wp-block-piwigo-gallery-single-image piwigo-single-image\"><a href=\"https:\/\/www.eniac2000.com\/piwigo\/picture.php?\/11371\" target=\"_blank\" rel=\"noopener noreferrer\"><img decoding=\"async\" src=\"https:\/\/www.eniac2000.com\/piwigo\/_data\/i\/galleries\/albums\/ciclismo\/20210306-grobas\/IMG_20210306_112340004_HDR-me.jpg\" alt=\"IMG 20210306 112340004 HDR\" \/><\/a><figcaption><strong>IMG 20210306 112340004 HDR<\/strong><\/figcaption><\/figure><br \/>\n<figure class=\"wp-block-piwigo-gallery-single-image piwigo-single-image\"><a href=\"https:\/\/www.eniac2000.com\/piwigo\/picture.php?\/11375\" target=\"_blank\" rel=\"noopener noreferrer\"><img decoding=\"async\" src=\"https:\/\/www.eniac2000.com\/piwigo\/_data\/i\/galleries\/albums\/ciclismo\/20210306-grobas\/IMG_20210306_113018376_HDR-me.jpg\" alt=\"IMG 20210306 113018376 HDR\" \/><\/a><figcaption><strong>IMG 20210306 113018376 HDR<\/strong><\/figcaption><\/figure><\/p>\n<p>Al llegar al aerogenerador pude dejar de arrastrar la bici, pero aunque la tortura ya no era tan intensa, la subida se las segu\u00eda trayendo. Quedaban 900 metros de subida con rampas del 19% hasta llegar a un sendero que se abr\u00eda a la izquierda, y que permit\u00eda volver a A Noveliza esquivando el Alto de Cand\u00e1n. Un sendero que, pese a que empezaba con una pendiente del 15%, constitu\u00eda un alivio con respecto a la barbaridad por la que estaba subiendo por carretera. Y fue ah\u00ed donde pas\u00f3 la cosa m\u00e1s extra\u00f1a de la etapa: a medida que sub\u00eda dos moteros en sendas motos de trail, con sus alforjas y todo, bajaron hacia Grobas. Se me quedaron mirando con cara extra\u00f1a, la misma que se me debi\u00f3 de quedar a m\u00ed al verlos de esa guisa camino de la aldea. Si hubieran sido motos de campo no habr\u00eda tenido nada de extra\u00f1o, pero con esa clase de motocicletas lo iban a pasar mal bajando&#8230; y peor a\u00fan subiendo. Algunos minutos despu\u00e9s tuve la confirmaci\u00f3n de que algo no parec\u00eda ir del todo bien. Por toda la garganta resonaban acelerones de moto que, teniendo en cuenta el tipo de firme, no presagiaban nada bueno. Espero, en fin, que no tuvieran problemas graves.<\/p>\n<p>Segu\u00ed mi camino, a\u00fan en ascenso, pero cada vez m\u00e1s relajado que con respecto a lo que ven\u00eda realizando antes, y tras recorrer 1 kil\u00f3metro de sendero, sal\u00ed a una nueva pista de mantenimiento del parque. Desde ah\u00ed empec\u00e9 un descenso hasta A Noveliza (dejando la pista principal por una salida a mano derecha) que me hizo volver a pisar el asfalto, y que ya no abandonar\u00eda en el resto de la jornada. Tras dejar atras A Noveliza, segu\u00ed en descenso hasta A Rochela, para girar en ella a mano derecha, y por carretera seguir hasta enlazar con la carretera de Lal\u00edn, justo tras pasar una granja de cerdos. Es posible evitar este ascenso tomando el PR-G100, que nos volvemos a encontrar, al poco de salir de A Rochela, pero a esas altura estaba tan reventado de la tortura de Grobas que no quise ir por la senda, pese a que ten\u00eda una pinta estupenda.<\/p>\n<p>Una vez en la carretera de Lal\u00edn se emprende un descenso que no tarda en llevar de nuevo a O Forno. En esa bajada se tienen, otra vez, unas vistas estupendas del Monasterio.<\/p>\n<figure class=\"wp-block-piwigo-gallery-single-image piwigo-single-image\"><a href=\"https:\/\/www.eniac2000.com\/piwigo\/picture.php?\/11377\" target=\"_blank\" rel=\"noopener noreferrer\"><img decoding=\"async\" src=\"https:\/\/www.eniac2000.com\/piwigo\/_data\/i\/galleries\/albums\/ciclismo\/20210306-grobas\/IMG_20210306_122431153_HDR-me.jpg\" alt=\"IMG 20210306 122431153 HDR\" \/><\/a><figcaption><strong>IMG 20210306 122431153 HDR<\/strong><\/figcaption><\/figure>\n<p>Tras dejar la carretera principal, se entra en O Forno, para volver al monasterio, que no deja de estar siempre a nuestra vista, y que no permite equivocarnos. Finalic\u00e9 la etapa al filo de las 12:30h, tras 20 kil\u00f3metros tremendamente duros, pero que valieron la pena en cada una de las pedaladas que di a lo largo del d\u00eda.<\/p>\n<figure class=\"wp-block-piwigo-gallery-single-image piwigo-single-image\"><a href=\"https:\/\/www.eniac2000.com\/piwigo\/picture.php?\/11379\" target=\"_blank\" rel=\"noopener noreferrer\"><img decoding=\"async\" src=\"https:\/\/www.eniac2000.com\/piwigo\/_data\/i\/galleries\/albums\/ciclismo\/20210306-grobas\/IMG_20210306_123001987_BURST000_COVER_TOP-me.jpg\" alt=\"IMG 20210306 123001987 BURST000 COVER TOP\" \/><\/a><figcaption><strong>IMG 20210306 123001987 BURST000 COVER TOP<\/strong><\/figcaption><\/figure>\n<p><strong>Datos de la etapa<\/strong><\/p>\n<ul>\n<li><strong>Distancia:<\/strong> 20&#8217;75km<\/li>\n<li><strong>Distancia (seg\u00fan el GPS)<\/strong>: 20&#8217;75km<\/li>\n<li><strong>Altitud ascendida:<\/strong> 804m<\/li>\n<li><strong>Tiempo de etapa:<\/strong> 2:39:33<\/li>\n<li><strong>Tiempo desde el inicio de la etapa:<\/strong> 3:07:04<\/li>\n<li><strong>Calor\u00edas consumidas:<\/strong> 1270kcal<\/li>\n<\/ul>\n<p><iframe height='405' width='590' frameborder='0' allowtransparency='true' scrolling='no' src='https:\/\/www.strava.com\/activities\/4899074016\/embed\/495d95e7b9f99f4688516ba0331c7cedae739309'><\/iframe><\/p>\n","protected":false},"excerpt":{"rendered":"<p>El s\u00e1bado 6 de marzo realic\u00e9 una etapa en Forcarey<\/p>\n","protected":false},"author":1,"featured_media":0,"comment_status":"open","ping_status":"open","sticky":false,"template":"","format":"standard","meta":{"advanced_seo_description":"","jetpack_seo_html_title":"","jetpack_seo_noindex":false,"_jetpack_memberships_contains_paid_content":false,"footnotes":"","jetpack_publicize_message":"","jetpack_publicize_feature_enabled":true,"jetpack_social_post_already_shared":false,"jetpack_social_options":{"image_generator_settings":{"template":"highway","default_image_id":0,"font":"","enabled":false},"version":2}},"categories":[24,8],"tags":[92,683,761,1101,1135,1540],"series":[],"class_list":["post-4715","post","type-post","status-publish","format-standard","hentry","category-ciclismo","category-deporte","tag-alto-de-candan","tag-forcarey","tag-grobas","tag-monasterio-de-aciveiro","tag-mtb","tag-sierra-de-candan"],"jetpack_publicize_connections":[],"jetpack_featured_media_url":"","jetpack_sharing_enabled":true,"_links":{"self":[{"href":"https:\/\/bitacora.eniac2000.com\/index.php?rest_route=\/wp\/v2\/posts\/4715","targetHints":{"allow":["GET"]}}],"collection":[{"href":"https:\/\/bitacora.eniac2000.com\/index.php?rest_route=\/wp\/v2\/posts"}],"about":[{"href":"https:\/\/bitacora.eniac2000.com\/index.php?rest_route=\/wp\/v2\/types\/post"}],"author":[{"embeddable":true,"href":"https:\/\/bitacora.eniac2000.com\/index.php?rest_route=\/wp\/v2\/users\/1"}],"replies":[{"embeddable":true,"href":"https:\/\/bitacora.eniac2000.com\/index.php?rest_route=%2Fwp%2Fv2%2Fcomments&post=4715"}],"version-history":[{"count":0,"href":"https:\/\/bitacora.eniac2000.com\/index.php?rest_route=\/wp\/v2\/posts\/4715\/revisions"}],"wp:attachment":[{"href":"https:\/\/bitacora.eniac2000.com\/index.php?rest_route=%2Fwp%2Fv2%2Fmedia&parent=4715"}],"wp:term":[{"taxonomy":"category","embeddable":true,"href":"https:\/\/bitacora.eniac2000.com\/index.php?rest_route=%2Fwp%2Fv2%2Fcategories&post=4715"},{"taxonomy":"post_tag","embeddable":true,"href":"https:\/\/bitacora.eniac2000.com\/index.php?rest_route=%2Fwp%2Fv2%2Ftags&post=4715"},{"taxonomy":"series","embeddable":true,"href":"https:\/\/bitacora.eniac2000.com\/index.php?rest_route=%2Fwp%2Fv2%2Fseries&post=4715"}],"curies":[{"name":"wp","href":"https:\/\/api.w.org\/{rel}","templated":true}]}}