{"id":4733,"date":"2021-03-19T21:16:54","date_gmt":"2021-03-19T20:16:54","guid":{"rendered":"http:\/\/bitacora.eniac2000.com\/?p=4733"},"modified":"2021-03-19T21:16:54","modified_gmt":"2021-03-19T20:16:54","slug":"etapa-ciclista-santiponce-guillena-14032021","status":"publish","type":"post","link":"https:\/\/bitacora.eniac2000.com\/?p=4733","title":{"rendered":"Etapa ciclista: Santiponce &#8211; Guillena (14\/03\/2021)"},"content":{"rendered":"<p>Esta semana he estado en Sevilla para dar una vuelta por la oficina y por la casa. Y aprovechando que bajaba, hemos organizado una peque\u00f1a etapa ciclista para ir estirando piernas. La novedad es que hemos salido Manolo, Miguel y yo. Hac\u00eda ya bastantes a\u00f1os que no sal\u00eda a rodar con Manolo (desde antes de que se fuera un par de a\u00f1os a Colombia, por lo menos), as\u00ed que ha estado bastante bien. La etapa ha sido algo bastante convencional, ya que tanto Miguel como Manolo est\u00e1n empezando a coger el punto, y no era plan hacer algo demasiado disparatado. En el caso de Miguel y yo, salimos de Santiponce, pero Manolo ven\u00eda desde su casa de Sevilla, y nos recogi\u00f3 al paso. De Santiponce seguimos por la vereda de Guillena, entre la N-630 y la A-66, hasta llegar a la pista de Aljarafesa por donde trascurre el Camino de Santiago.<\/p>\n<figure id=\"attachment_4735\" aria-describedby=\"caption-attachment-4735\" style=\"width: 400px\" class=\"wp-caption aligncenter\"><a href=\"http:\/\/bitacora.eniac2000.com\/wp-content\/uploads\/2021\/03\/2021-03-14-15.19.57.jpg\"><img loading=\"lazy\" decoding=\"async\" src=\"http:\/\/bitacora.eniac2000.com\/wp-content\/uploads\/2021\/03\/2021-03-14-15.19.57-400x300.jpg\" alt=\"Cruce del arroyo de los Molinos\" title=\"Cruce del arroyo de los Molinos\" width=\"400\" height=\"300\" class=\"size-medium wp-image-4735\" \/><\/a><figcaption id=\"caption-attachment-4735\" class=\"wp-caption-text\">Cruce del arroyo de los Molinos<\/figcaption><\/figure>\n<p>Cruzamos sin mucha novedad el arroyo de los Molinos, y seguimos hasta el fin de la pista. Desde all\u00ed entramos en Guillena tras recorrer un tramo de camino junto a la carretera, en bastante mal estado por las lluvias y el paso de tractores. En Guillena hicimos una parada para tomar unas buenas tostadas. Tras ello, decidimos volver hacia Santiponce. Por variar, en vez de volver por la pista, seguimos por la Ca\u00f1ada Real en paralelo a la carretera, hasta llegar a la estaci\u00f3n de servicio. Seguimos por la misma, pasando junto a la mina y el arroyo Galapagar. La idea era seguir hasta la v\u00eda verde de It\u00e1lica, pero Manolo empez\u00f3 a tener calambres en una pierna, por lo que regresamos a Santiponce por carretera. Y Manolo, a Sevilla por la misma. Una buena etapa para rodar y hacer kil\u00f3metros. \ud83d\ude42<\/p>\n<p><strong>Datos de la etapa<\/strong><\/p>\n<ul>\n<li><strong>Distancia:<\/strong> 29\u2019596km<\/li>\n<li><strong>Distancia (seg\u00fan el GPS):<\/strong> 29&#8217;59km<\/li>\n<li><strong>Altitud ascendida:<\/strong> 195m<\/li>\n<li><strong>Tiempo de etapa:<\/strong> 1:54:53<\/li>\n<li><strong>Tiempo desde el inicio de la etapa:<\/strong> 2:34:12<\/li>\n<li><strong>Calor\u00edas consumidas:<\/strong> 1252kcal<\/li>\n<\/ul>\n<p><iframe height='405' width='590' frameborder='0' allowtransparency='true' scrolling='no' src='https:\/\/www.strava.com\/activities\/4944231841\/embed\/705cf76e04210f7f9b344599dc7a9cafbbdab484'><\/iframe><\/p>\n","protected":false},"excerpt":{"rendered":"<p>Esta semana he estado en Sevilla para dar una vuelta<\/p>\n","protected":false},"author":1,"featured_media":0,"comment_status":"open","ping_status":"open","sticky":false,"template":"","format":"standard","meta":{"advanced_seo_description":"","jetpack_seo_html_title":"","jetpack_seo_noindex":false,"_jetpack_memberships_contains_paid_content":false,"footnotes":"","jetpack_publicize_message":"","jetpack_publicize_feature_enabled":true,"jetpack_social_post_already_shared":false,"jetpack_social_options":{"image_generator_settings":{"template":"highway","default_image_id":0,"font":"","enabled":false},"version":2}},"categories":[24,8],"tags":[266,771,1135,1500,1704],"series":[],"class_list":["post-4733","post","type-post","status-publish","format-standard","hentry","category-ciclismo","category-deporte","tag-canada-real-de-las-islas","tag-guillena","tag-mtb","tag-santiponce","tag-via-de-la-plata"],"jetpack_publicize_connections":[],"jetpack_featured_media_url":"","jetpack_sharing_enabled":true,"_links":{"self":[{"href":"https:\/\/bitacora.eniac2000.com\/index.php?rest_route=\/wp\/v2\/posts\/4733","targetHints":{"allow":["GET"]}}],"collection":[{"href":"https:\/\/bitacora.eniac2000.com\/index.php?rest_route=\/wp\/v2\/posts"}],"about":[{"href":"https:\/\/bitacora.eniac2000.com\/index.php?rest_route=\/wp\/v2\/types\/post"}],"author":[{"embeddable":true,"href":"https:\/\/bitacora.eniac2000.com\/index.php?rest_route=\/wp\/v2\/users\/1"}],"replies":[{"embeddable":true,"href":"https:\/\/bitacora.eniac2000.com\/index.php?rest_route=%2Fwp%2Fv2%2Fcomments&post=4733"}],"version-history":[{"count":0,"href":"https:\/\/bitacora.eniac2000.com\/index.php?rest_route=\/wp\/v2\/posts\/4733\/revisions"}],"wp:attachment":[{"href":"https:\/\/bitacora.eniac2000.com\/index.php?rest_route=%2Fwp%2Fv2%2Fmedia&parent=4733"}],"wp:term":[{"taxonomy":"category","embeddable":true,"href":"https:\/\/bitacora.eniac2000.com\/index.php?rest_route=%2Fwp%2Fv2%2Fcategories&post=4733"},{"taxonomy":"post_tag","embeddable":true,"href":"https:\/\/bitacora.eniac2000.com\/index.php?rest_route=%2Fwp%2Fv2%2Ftags&post=4733"},{"taxonomy":"series","embeddable":true,"href":"https:\/\/bitacora.eniac2000.com\/index.php?rest_route=%2Fwp%2Fv2%2Fseries&post=4733"}],"curies":[{"name":"wp","href":"https:\/\/api.w.org\/{rel}","templated":true}]}}