{"id":4747,"date":"2021-03-30T19:19:36","date_gmt":"2021-03-30T18:19:36","guid":{"rendered":"http:\/\/bitacora.eniac2000.com\/?p=4747"},"modified":"2025-10-05T17:12:53","modified_gmt":"2025-10-05T15:12:53","slug":"etapa-ciclista-isla-de-la-cartuja-tablada-la-esclusa-28032021","status":"publish","type":"post","link":"https:\/\/bitacora.eniac2000.com\/?p=4747","title":{"rendered":"Etapa ciclista: Isla de La Cartuja &#8211; Tablada &#8211; La Esclusa (28\/03\/2021)"},"content":{"rendered":"<p>El domingo 28 de marzo, de nuevo en Sevilla, realic\u00e9 una etapa ciclista con Miguel y Manolo, consistente de bordear el r\u00edo Guadalquivir a su paso por Sevilla. La idea era hacer kil\u00f3metros para ir cogiendo fondo, y a fe que se cumpli\u00f3. Quedamos temprano, a las 8:30h, en la Isla de la Cartuja. En realidad, fue m\u00e1s temprano de lo previsto, debido a un error al interpretar el cambio horario de esa misma noche. A las dos pasaban a ser las tres, y no al rev\u00e9s. Cosas de organizar la etapa cansado, en mitad de un viaje. El resultado del mismo es que cuando sal\u00ed de Santiponce a\u00fan era de noche, y tuve que acoplar una linterna al manillar de la bici para poder ver algo. Y es que en mi caso, decid\u00ed empezar a dar pedales desde casa, a fin del complementar un poco el trayecto.<\/p>\n<figure class=\"wp-block-piwigo-gallery-single-image piwigo-single-image\"><a href=\"https:\/\/www.eniac2000.com\/piwigo\/picture.php?\/11386\" target=\"_blank\" rel=\"noopener noreferrer\"><img decoding=\"async\" src=\"https:\/\/www.eniac2000.com\/piwigo\/_data\/i\/galleries\/albums\/ciclismo\/20210328-tablada-esclusa\/IMG_20210329_153713258-me.jpg\" alt=\"IMG 20210329 153713258\" \/><\/a><figcaption><strong>IMG 20210329 153713258<\/strong><\/figcaption><\/figure>\n<p>Como se puede ver, escog\u00ed para la etapa la Super BH L6000 Gravel, que entre unas cosas y otras no hab\u00eda utilizado desde el verano anterior. No es necesario decir que representaba un enorme cambio con respecto a la bici que vengo cogiendo \u00faltimamente, la Giant de 26\u00bb con doble suspensi\u00f3n. Esto viene a ser todo lo contrario: ligera, sin suspensi\u00f3n alguna, manillar de cabra, doble plato con el mayor de 46 dientes, y ruedas bien finas (unas 700&#215;32). Eso s\u00ed, una verdadera flecha, tanto por asfalto como por pista. Sal\u00ed de casa a las 8:15h, y no tard\u00e9 demasiado en llegar a La Cartuja, donde ya me esperaban Manolo y Miguel. Y es que tard\u00e9 algo m\u00e1s de lo previsto debido a que las puertas interiores del recinto de La Cartuja estaban cerradas, y tuve que dirigirme hasta la puerta que usan los autobuses. Solventado el problema, rodamos hasta Torre Triana para all\u00ed coger el camino de la margen izquierda del Guadalquivir. Ya no abandonar\u00edamos este camino hasta llegar al estribo izquierdo del Puente de Hierro de San Juan. Pasado este, entramos en los terrenos de la Base de Tablada por un sendero, que nos encamin\u00f3 hasta un nuevo camino, que a mano derecha de nuestro avance, nos llev\u00f3 hasta la cabecera norte de la pista de aterrizaje. Recorrimos los 1800 metros de pista, hasta salir por la cabecera sur, en un sendero que parte hacia el este, y que bordea el antiguo cauce del Guadaira, y la estaci\u00f3n depuradora de aguas.<\/p>\n<p>Salimos del sendero, y llegamos la carretera de la depuradora, jug\u00e1ndome un poco el tipo con la gravel en una zanja en la que sinceramente pensaba que me iba a abrir la crisma. Ya en la carretera, tomamos en sentido sur la carretera de La Esclusa, hasta llegar a las mismas.<\/p>\n<p><figure class=\"wp-block-piwigo-gallery-single-image piwigo-single-image\"><a href=\"https:\/\/www.eniac2000.com\/piwigo\/picture.php?\/11385\" target=\"_blank\" rel=\"noopener noreferrer\"><img decoding=\"async\" src=\"https:\/\/www.eniac2000.com\/piwigo\/_data\/i\/galleries\/albums\/ciclismo\/20210328-tablada-esclusa\/IMG_20210328_094611990-me.jpg\" alt=\"IMG 20210328 094611990\" \/><\/a><figcaption><strong>IMG 20210328 094611990<\/strong><\/figcaption><\/figure><br \/>\n<figure class=\"wp-block-piwigo-gallery-single-image piwigo-single-image\"><a href=\"https:\/\/www.eniac2000.com\/piwigo\/picture.php?\/11384\" target=\"_blank\" rel=\"noopener noreferrer\"><img decoding=\"async\" src=\"https:\/\/www.eniac2000.com\/piwigo\/_data\/i\/galleries\/albums\/ciclismo\/20210328-tablada-esclusa\/IMG_20210328_094553338-me.jpg\" alt=\"IMG 20210328 094553338\" \/><\/a><figcaption><strong>IMG 20210328 094553338<\/strong><\/figcaption><\/figure><\/p>\n<p>Una vez all\u00ed, decidimos variar el programa, y en vez de retornar por el mismo camino, bordeamos la cabecera del canal Sevilla-Bonanza, y volvimos a Sevilla por la Avenida de la Raza. Subimos hasta el puente de las Delicias, y all\u00ed cruzamos la D\u00e1rsena, para entrar de nuevo en Tablada. Pasamos junto a la antigua CASA (hoy Airbus) hasta llegar al paso de la SE-30 que permite ganar el Puente de Hierro de San Juan. Cruzamos el r\u00edo, y ya en la margen derecha, subimos junto al r\u00edo hasta llegar al Puente de la Se\u00f1orita, en Camas, para entrar en La Cartuja. Paramos en Torre Triana para tomar un caf\u00e9 en el Starbucks (l\u00e1stima no haber recordado que la cafeter\u00eda del Museo de Arte Moderno estar\u00eda abierta), y finalizamos la etapa junto a nuestra oficina. Y ya desde all\u00ed, el tr\u00e1mite de volver a casa, para complementar 50 kil\u00f3metros de etapa.<\/p>\n<p><strong>Datos de la etapa<\/strong><\/p>\n<ul>\n<li><strong>Distancia:<\/strong> 49\u2019694km<\/li>\n<li><strong>Distancia (seg\u00fan el GPS):<\/strong> 49\u201968km<\/li>\n<li><strong>Altitud ascendida:<\/strong> 127m<\/li>\n<li><strong>Tiempo de etapa:<\/strong> 2:34:51<\/li>\n<li><strong>Tiempo desde el inicio de la etapa:<\/strong> 3:40:31<\/li>\n<li><strong>Calor\u00edas consumidas:<\/strong> 1949kcal<\/li>\n<\/ul>\n<p><iframe height='405' width='590' frameborder='0' allowtransparency='true' scrolling='no' src='https:\/\/www.strava.com\/activities\/5023920095\/embed\/ad83a39be01c7641d97b4a9c4b7f4bf945ccb349'><\/iframe><\/p>\n","protected":false},"excerpt":{"rendered":"<p>El domingo 28 de marzo, de nuevo en Sevilla, realic\u00e9<\/p>\n","protected":false},"author":1,"featured_media":0,"comment_status":"open","ping_status":"open","sticky":false,"template":"","format":"standard","meta":{"advanced_seo_description":"","jetpack_seo_html_title":"","jetpack_seo_noindex":false,"_jetpack_memberships_contains_paid_content":false,"footnotes":"","jetpack_publicize_message":"","jetpack_publicize_feature_enabled":true,"jetpack_social_post_already_shared":false,"jetpack_social_options":{"image_generator_settings":{"template":"highway","default_image_id":0,"font":"","enabled":false},"version":2}},"categories":[24,8],"tags":[287,758,921,928,1479,1523,1589],"series":[],"class_list":["post-4747","post","type-post","status-publish","format-standard","hentry","category-ciclismo","category-deporte","tag-camas","tag-gravel","tag-la-cartuja","tag-la-esclusa","tag-san-juan-de-aznalfarache","tag-sevilla","tag-tablada"],"jetpack_publicize_connections":[],"jetpack_featured_media_url":"","jetpack_sharing_enabled":true,"_links":{"self":[{"href":"https:\/\/bitacora.eniac2000.com\/index.php?rest_route=\/wp\/v2\/posts\/4747","targetHints":{"allow":["GET"]}}],"collection":[{"href":"https:\/\/bitacora.eniac2000.com\/index.php?rest_route=\/wp\/v2\/posts"}],"about":[{"href":"https:\/\/bitacora.eniac2000.com\/index.php?rest_route=\/wp\/v2\/types\/post"}],"author":[{"embeddable":true,"href":"https:\/\/bitacora.eniac2000.com\/index.php?rest_route=\/wp\/v2\/users\/1"}],"replies":[{"embeddable":true,"href":"https:\/\/bitacora.eniac2000.com\/index.php?rest_route=%2Fwp%2Fv2%2Fcomments&post=4747"}],"version-history":[{"count":0,"href":"https:\/\/bitacora.eniac2000.com\/index.php?rest_route=\/wp\/v2\/posts\/4747\/revisions"}],"wp:attachment":[{"href":"https:\/\/bitacora.eniac2000.com\/index.php?rest_route=%2Fwp%2Fv2%2Fmedia&parent=4747"}],"wp:term":[{"taxonomy":"category","embeddable":true,"href":"https:\/\/bitacora.eniac2000.com\/index.php?rest_route=%2Fwp%2Fv2%2Fcategories&post=4747"},{"taxonomy":"post_tag","embeddable":true,"href":"https:\/\/bitacora.eniac2000.com\/index.php?rest_route=%2Fwp%2Fv2%2Ftags&post=4747"},{"taxonomy":"series","embeddable":true,"href":"https:\/\/bitacora.eniac2000.com\/index.php?rest_route=%2Fwp%2Fv2%2Fseries&post=4747"}],"curies":[{"name":"wp","href":"https:\/\/api.w.org\/{rel}","templated":true}]}}