{"id":4760,"date":"2021-04-11T19:00:02","date_gmt":"2021-04-11T18:00:02","guid":{"rendered":"https:\/\/bitacora.eniac2000.com\/?p=4760"},"modified":"2025-10-05T17:12:53","modified_gmt":"2025-10-05T15:12:53","slug":"etapa-ciclista-forcarey-a-mamoa-puente-romano-de-parada-11042021","status":"publish","type":"post","link":"https:\/\/bitacora.eniac2000.com\/?p=4760","title":{"rendered":"Etapa ciclista: Forcarey &#8211; A M\u00e1moa &#8211; Puente Romano de Parada (11\/04\/2021)"},"content":{"rendered":"<p>El domingo 11 de abril realic\u00e9 una etapa ciclista por los alrededores de Forcarey que consigui\u00f3 aglutinar lo mejor de todos los terrenos: subidas y bajadas por asfalto, estupendos descensos por pista y endureros, tramos trialeros por viejos caminos de origen romano, algo de <em>sherpeo<\/em>, y estupendos paisajes all\u00e1 donde iba. Empec\u00e9 el d\u00eda saliendo de Forcarey a las 9:24h, tras algo de trabajo mec\u00e1nico para recolocar los sensores ANT+ que arranqu\u00e9 en la etapa anterior. La ma\u00f1ana amenazaba lluvia, pero la previsi\u00f3n meteorol\u00f3gica indicaba que no iba a llover en todo el d\u00eda, y que a medida que avanzara la ma\u00f1ana el tiempo iba a mejorar. La verdad, clavado.<\/p>\n<p>Sal\u00ed de Forcarey por la carretera de la Chamosa, con la estupenda vista de la cascada. Avanc\u00e9 hasta el cruce de O Salgueiro, y continu\u00e9 a mano derecha, hacia Las Casetas. All\u00ed segu\u00ed por la carretera de La Estrada, para desviarme a mano izquierda, a la altura del observatorio, por la pista que lleva a A M\u00e1moa. La pista se encontraba algo embarrado, previsible tras los pasados d\u00edas de lluvia, pero se pod\u00eda rodar bien. El momento m\u00e1s complicado fue junto a la vaquer\u00eda, donde siempre hay un tramo de grava que te deja clavado. Y con tanta agua, m\u00e1s. Pero una vez pasado, y vadeado el arroyo, el ascenso hasta A M\u00e1moa no tuvo ning\u00fan inconveniente adicional. Entr\u00e9 en A M\u00e1moa, para tomar, a unos 300 metros de la aldea, una carretera asfaltada que sube hasta lo alto de Pe\u00f1a Madroira, con una cota m\u00e1xima de 712 msnm. A partir de aqu\u00ed la carretera gira a la derecha, mientras que yo continu\u00e9 de frente, siguiendo mi avance, para poco despu\u00e9s, en una bifurcaci\u00f3n, tomar la pista de la derecha, que va describiendo una bajada por la cresta de la monta\u00f1a. Al principio es una buena pista forestal, pero poco a poco se va transformando en una senda, hasta que desemboca en lo que es pr\u00e1cticamente un cortafuegos, que en sus tramos m\u00e1s complicados deja a la vista la roca madre, una especie de pizarra que le da al suelo una textura de rallador de queso que hace que de lo \u00faltimo que tengas ganas de es besar el suelo. Pero todo se compensa por las estupendas vistas de Monte Seixo, al fondo, y el valle del L\u00e9rez, en primer plano.<\/p>\n<p><figure class=\"wp-block-piwigo-gallery-single-image piwigo-single-image\"><a href=\"https:\/\/www.eniac2000.com\/piwigo\/picture.php?\/11111\" target=\"_blank\" rel=\"noopener noreferrer\"><img decoding=\"async\" src=\"https:\/\/www.eniac2000.com\/piwigo\/_data\/i\/galleries\/albums\/ciclismo\/2021-04-11-forcarey-puente_parada\/IMG_20210411_101858477_HDR-me.jpg\" alt=\"IMG 20210411 101858477 HDR\" \/><\/a><figcaption><strong>IMG 20210411 101858477 HDR<\/strong><\/figcaption><\/figure><br \/>\n<figure class=\"wp-block-piwigo-gallery-single-image piwigo-single-image\"><a href=\"https:\/\/www.eniac2000.com\/piwigo\/picture.php?\/11112\" target=\"_blank\" rel=\"noopener noreferrer\"><img decoding=\"async\" src=\"https:\/\/www.eniac2000.com\/piwigo\/_data\/i\/galleries\/albums\/ciclismo\/2021-04-11-forcarey-puente_parada\/IMG_20210411_101901947_HDR-me.jpg\" alt=\"IMG 20210411 101901947 HDR\" \/><\/a><figcaption><strong>IMG 20210411 101901947 HDR<\/strong><\/figcaption><\/figure><\/p>\n<p>Tras una \u00faltima bajada, el cortafuegos muere en una nueva pista forestal -ojo, hay una buena zanja entre el cortafuegos y la pista-, que circula en un tramo estupendo de bosque atl\u00e1ntico. Una delicia para la vista.<\/p>\n<figure class=\"wp-block-piwigo-gallery-single-image piwigo-single-image\"><a href=\"https:\/\/www.eniac2000.com\/piwigo\/picture.php?\/11113\" target=\"_blank\" rel=\"noopener noreferrer\"><img decoding=\"async\" src=\"https:\/\/www.eniac2000.com\/piwigo\/_data\/i\/galleries\/albums\/ciclismo\/2021-04-11-forcarey-puente_parada\/IMG_20210411_102245864_HDR-me.jpg\" alt=\"IMG 20210411 102245864 HDR\" \/><\/a><figcaption><strong>IMG 20210411 102245864 HDR<\/strong><\/figcaption><\/figure>\n<p>La pista acaba muriendo en la carretera que va desde Forcarey a la N-541. Tras un poco de descenso, gir\u00e9 a mano izquierda, buscando la aldea de Parada y su puente romano. Se pasa primero por Mouteira, donde destacan su iglesia y cementerio anexo, y tras seguir bajando, se llega a Parada. Se tiene que seguir en descenso, para tomar una corredoira -en realidad, un antiguo camino romano- que se encuentra bastante limpio, para lo que son mis experiencias previas, y que en un divertido descenso (mucha piedra suelta y musgo) acaba llegando hasta el sorprendente puente romano de Parada.<\/p>\n<p><figure class=\"wp-block-piwigo-gallery-single-image piwigo-single-image\"><a href=\"https:\/\/www.eniac2000.com\/piwigo\/picture.php?\/11119\" target=\"_blank\" rel=\"noopener noreferrer\"><img decoding=\"async\" src=\"https:\/\/www.eniac2000.com\/piwigo\/_data\/i\/galleries\/albums\/ciclismo\/2021-04-11-forcarey-puente_parada\/IMG_20210411_103438609_HDR-me.jpg\" alt=\"IMG 20210411 103438609 HDR\" \/><\/a><figcaption><strong>IMG 20210411 103438609 HDR<\/strong><\/figcaption><\/figure><br \/>\n<figure class=\"wp-block-piwigo-gallery-single-image piwigo-single-image\"><a href=\"https:\/\/www.eniac2000.com\/piwigo\/picture.php?\/11124\" target=\"_blank\" rel=\"noopener noreferrer\"><img decoding=\"async\" src=\"https:\/\/www.eniac2000.com\/piwigo\/_data\/i\/galleries\/albums\/ciclismo\/2021-04-11-forcarey-puente_parada\/IMG_20210411_103932209_HDR-me.jpg\" alt=\"IMG 20210411 103932209 HDR\" \/><\/a><figcaption><strong>IMG 20210411 103932209 HDR<\/strong><\/figcaption><\/figure><br \/>\n<figure class=\"wp-block-piwigo-gallery-single-image piwigo-single-image\"><a href=\"https:\/\/www.eniac2000.com\/piwigo\/picture.php?\/11128\" target=\"_blank\" rel=\"noopener noreferrer\"><img decoding=\"async\" src=\"https:\/\/www.eniac2000.com\/piwigo\/_data\/i\/galleries\/albums\/ciclismo\/2021-04-11-forcarey-puente_parada\/IMG_20210411_104127450-me.jpg\" alt=\"IMG 20210411 104127450\" \/><\/a><figcaption><strong>IMG 20210411 104127450<\/strong><\/figcaption><\/figure><br \/>\n<figure class=\"wp-block-piwigo-gallery-single-image piwigo-single-image\"><a href=\"https:\/\/www.eniac2000.com\/piwigo\/picture.php?\/11135\" target=\"_blank\" rel=\"noopener noreferrer\"><img decoding=\"async\" src=\"https:\/\/www.eniac2000.com\/piwigo\/_data\/i\/galleries\/albums\/ciclismo\/2021-04-11-forcarey-puente_parada\/IMG_20210411_104440089_HDR-me.jpg\" alt=\"IMG 20210411 104440089 HDR\" \/><\/a><figcaption><strong>IMG 20210411 104440089 HDR<\/strong><\/figcaption><\/figure><br \/>\n<figure class=\"wp-block-piwigo-gallery-single-image piwigo-single-image\"><a href=\"https:\/\/www.eniac2000.com\/piwigo\/picture.php?\/11121\" target=\"_blank\" rel=\"noopener noreferrer\"><img decoding=\"async\" src=\"https:\/\/www.eniac2000.com\/piwigo\/_data\/i\/galleries\/albums\/ciclismo\/2021-04-11-forcarey-puente_parada\/IMG_20210411_103604395-me.jpg\" alt=\"IMG 20210411 103604395\" \/><\/a><figcaption><strong>IMG 20210411 103604395<\/strong><\/figcaption><\/figure><\/p>\n<p>Se trata de un puente un solo arco que salva el cauce del r\u00edo L\u00e9rez a una altura considerable, en un estrechamiento del cauce, que hace que el r\u00edo tenga una fuerza considerable, pese a encontrarse, como era el d\u00eda de hoy, con el nivel bastante bajo.<\/p>\n<p><p><iframe loading=\"lazy\" frameborder=\"0\" width=\"512\" height=\"288\" src=\"https:\/\/www.dailymotion.com\/embed\/video\/x80k05b\" allowfullscreen allow=\"autoplay; fullscreen; picture-in-picture\"><\/iframe><\/p><br \/>\n<figure class=\"wp-block-piwigo-gallery-single-image piwigo-single-image\"><a href=\"https:\/\/www.eniac2000.com\/piwigo\/picture.php?\/11122\" target=\"_blank\" rel=\"noopener noreferrer\"><img decoding=\"async\" src=\"https:\/\/www.eniac2000.com\/piwigo\/_data\/i\/galleries\/albums\/ciclismo\/2021-04-11-forcarey-puente_parada\/IMG_20210411_103708061-me.jpg\" alt=\"IMG 20210411 103708061\" \/><\/a><figcaption><strong>IMG 20210411 103708061<\/strong><\/figcaption><\/figure><\/p>\n<p>Tras visitar el puente, mi idea era volver sobre mis pasos, hasta la carretera y la N-541, pero por un cartel de informaci\u00f3n junto al puente, tuve conocimiento de que desde el puente se pod\u00eda alcanzar la aldea de Vilari\u00f1o (de Cerdedo), lo que me ahorraba unos cuantos kil\u00f3metros, ya que ten\u00eda previsto pasar por sus cercan\u00edas antes de dirigirme hacia Acivedo. De hecho, hab\u00eda hasta postes indicativos de la senda a seguir. El problema: en su comienzo por la margen izquierda del L\u00e9rez se ve\u00eda comido de vegetaci\u00f3n. Pero&#8230; \u00bfqui\u00e9n dijo miedo? Los primeros 300 metros de camino eran impracticables en bici. Adem\u00e1s de los tojos y espinos (una constante en esta bendita tierra), se sumaban un perfil bastante irregular, con amplias vueltas y revueltas junto al puente. Poco despu\u00e9s el camino mejoraba en lo referente a vegetaci\u00f3n y perfil, pero el viejo camino romano, y menos vieja corredoira se encontraba con todo su irregular firme cubierto de musgo, tremendamente resbaladizo.<\/p>\n<figure class=\"wp-block-piwigo-gallery-single-image piwigo-single-image\"><a href=\"https:\/\/www.eniac2000.com\/piwigo\/picture.php?\/11139\" target=\"_blank\" rel=\"noopener noreferrer\"><img decoding=\"async\" src=\"https:\/\/www.eniac2000.com\/piwigo\/_data\/i\/galleries\/albums\/ciclismo\/2021-04-11-forcarey-puente_parada\/IMG_20210411_105311181-me.jpg\" alt=\"IMG 20210411 105311181\" \/><\/a><figcaption><strong>IMG 20210411 105311181<\/strong><\/figcaption><\/figure>\n<p>La cosa mejoraba al acercarse a Vilari\u00f1o. En el \u00faltimo tramo ya era posible rodar y, as\u00ed, pude entrar sobre la bici en esta poblaci\u00f3n, y no tirando de ella. Desde all\u00ed sal\u00ed a la carretera de Forcarey. No lejos de la salida de Vilari\u00f1o se encontraba la f\u00e1brica de cementos, donde sale la salida de Acibedo. Tom\u00e9 esta carretera y, en subida, acab\u00e9 llegando esta poblaci\u00f3n. All\u00ed me encontr\u00e9 con las se\u00f1alizaciones del Camino de Santiago (Geira Romana y Ruta de los Arrieros), como ya conoc\u00eda de una etapa anterior. Sal\u00ed de Acibedo hacia Cachafeiro, en una divertida bajada por una corredoira con abundante piedra suelta, que posteriormente era reemplazada por una inusitada cantidad de agua, que hac\u00eda parecer que iba por el cauce de un arroyo, m\u00e1s que por un camino. Esta circunstancia dejaba paso, al poco, a bastante barro, y a una subida pel\u00edn intensa, antes de bajar a la zona recreativa de A Freixeira. Atravesada \u00e9sta, se llega a Cachafeiro. Pero en vez de volver por carretera, prefer\u00ed girar a la derecha por la carretera de Espindo, y girar despu\u00e9s a mano izquierda, para realizar el tremendamente divertido descenso por campo hasta A Casanova. Y desde all\u00ed, subir por carretera hasta Forcarey, dando por finalizada la etapa a las 11:47, tras algo menos de 25 kil\u00f3metros. Lo dicho, una etapa tremendamente divertida y con gran cantidad de elementos de diversi\u00f3n.<\/p>\n<p><strong>Datos de la etapa<\/strong><\/p>\n<ul>\n<li><strong>Distancia:<\/strong> 25\u2019005km<\/li>\n<li><strong>Distancia (seg\u00fan el GPS):<\/strong> 24\u201940km<\/li>\n<li><strong>Altitud ascendida:<\/strong> 536m<\/li>\n<li><strong>Tiempo de etapa:<\/strong> 2:13:27<\/li>\n<li><strong>Tiempo desde el inicio de la etapa:<\/strong> 2:22:51<\/li>\n<li><strong>Calor\u00edas consumidas:<\/strong> 1095kcal<\/li>\n<\/ul>\n<p><iframe height='405' width='590' frameborder='0' allowtransparency='true' scrolling='no' src='https:\/\/www.strava.com\/activities\/5107502009\/embed\/076fb7025b8a253e3c3c244a6388f149cfc3bf1b'><\/iframe><\/p>\n","protected":false},"excerpt":{"rendered":"<p>El domingo 11 de abril realic\u00e9 una etapa ciclista por<\/p>\n","protected":false},"author":1,"featured_media":0,"comment_status":"open","ping_status":"open","sticky":false,"template":"","format":"standard","meta":{"advanced_seo_description":"","jetpack_seo_html_title":"","jetpack_seo_noindex":false,"_jetpack_memberships_contains_paid_content":false,"footnotes":"","jetpack_publicize_message":"","jetpack_publicize_feature_enabled":true,"jetpack_social_post_already_shared":false,"jetpack_social_options":{"image_generator_settings":{"template":"highway","default_image_id":0,"font":"","enabled":false},"version":2}},"categories":[24,8],"tags":[38,41,44,274,291,683,1135,1231,1335],"series":[],"class_list":["post-4760","post","type-post","status-publish","format-standard","hentry","category-ciclismo","category-deporte","tag-a-freixeira","tag-a-mamoa","tag-acivedo","tag-cachafeiro","tag-camino-de-geira-y-de-los-arrieros","tag-forcarey","tag-mtb","tag-parada","tag-puente-romano"],"jetpack_publicize_connections":[],"jetpack_featured_media_url":"","jetpack_sharing_enabled":true,"_links":{"self":[{"href":"https:\/\/bitacora.eniac2000.com\/index.php?rest_route=\/wp\/v2\/posts\/4760","targetHints":{"allow":["GET"]}}],"collection":[{"href":"https:\/\/bitacora.eniac2000.com\/index.php?rest_route=\/wp\/v2\/posts"}],"about":[{"href":"https:\/\/bitacora.eniac2000.com\/index.php?rest_route=\/wp\/v2\/types\/post"}],"author":[{"embeddable":true,"href":"https:\/\/bitacora.eniac2000.com\/index.php?rest_route=\/wp\/v2\/users\/1"}],"replies":[{"embeddable":true,"href":"https:\/\/bitacora.eniac2000.com\/index.php?rest_route=%2Fwp%2Fv2%2Fcomments&post=4760"}],"version-history":[{"count":0,"href":"https:\/\/bitacora.eniac2000.com\/index.php?rest_route=\/wp\/v2\/posts\/4760\/revisions"}],"wp:attachment":[{"href":"https:\/\/bitacora.eniac2000.com\/index.php?rest_route=%2Fwp%2Fv2%2Fmedia&parent=4760"}],"wp:term":[{"taxonomy":"category","embeddable":true,"href":"https:\/\/bitacora.eniac2000.com\/index.php?rest_route=%2Fwp%2Fv2%2Fcategories&post=4760"},{"taxonomy":"post_tag","embeddable":true,"href":"https:\/\/bitacora.eniac2000.com\/index.php?rest_route=%2Fwp%2Fv2%2Ftags&post=4760"},{"taxonomy":"series","embeddable":true,"href":"https:\/\/bitacora.eniac2000.com\/index.php?rest_route=%2Fwp%2Fv2%2Fseries&post=4760"}],"curies":[{"name":"wp","href":"https:\/\/api.w.org\/{rel}","templated":true}]}}