{"id":4763,"date":"2021-04-23T19:39:25","date_gmt":"2021-04-23T18:39:25","guid":{"rendered":"https:\/\/bitacora.eniac2000.com\/?p=4763"},"modified":"2025-10-05T17:12:53","modified_gmt":"2025-10-05T15:12:53","slug":"etapa-ciclista-san-miguel-de-presqueiras-monte-seixo-nacimiento-del-rio-verdugo-17042021","status":"publish","type":"post","link":"https:\/\/bitacora.eniac2000.com\/?p=4763","title":{"rendered":"Etapa ciclista: San Miguel de Presqueiras &#8211; Monte Seixo &#8211; Nacimiento del R\u00edo Verdugo (17\/04\/2021)"},"content":{"rendered":"<p>El s\u00e1bado 17 de abril realic\u00e9 una etapa de ciclismo de monta\u00f1a por el Monte Seixo. Sal\u00ed de Forcarey temprano por la ma\u00f1ana, a fin de aprovechar el d\u00eda, y me dirig\u00ed en coche hasta San Miguel de Presqueiras, en una de las laderas del monte Seixo. La temperatura era fr\u00eda, apenas 0.5\u00baC al pasar por Cachafeiro, y s\u00f3lo 3\u00baC al empezar la etapa, a las 8:50h. Hab\u00eda aparcado al lado de la iglesia de San Miguel, justo al comienzo de una pista que ascend\u00eda hasta Monte Seixo, y ese era mi recorrido. <\/p>\n<figure class=\"wp-block-piwigo-gallery-single-image piwigo-single-image\"><a href=\"https:\/\/www.eniac2000.com\/piwigo\/picture.php?\/11209\" target=\"_blank\" rel=\"noopener noreferrer\"><img decoding=\"async\" src=\"https:\/\/www.eniac2000.com\/piwigo\/_data\/i\/galleries\/albums\/ciclismo\/2021-04-17-presqueiras-verdugo\/IMG_20210417_113958975_HDR-me.jpg\" alt=\"IMG 20210417 113958975 HDR\" \/><\/a><figcaption><strong>IMG 20210417 113958975 HDR<\/strong><\/figcaption><\/figure>\n<p>La pista sub\u00eda de manera continua durante 3 kil\u00f3metros, con una pendiente media del 8%, aunque con puntos ocasionales en donde la cosa se pon\u00eda interesante, con rampas m\u00e1ximas del 17%. Y para colmo, con viento de frente. En cuanto a las condiciones de la pista, eran bastante buenas, al estar ese tramo del monte bastante explotado, entre ganader\u00eda, explotaci\u00f3n maderera, y alg\u00fan recinto minero, tanto del pasado como del presente.<\/p>\n<p>La pista ascend\u00eda, poco a poco, hasta enlazar con la carretera del parque e\u00f3lico. Y era aqu\u00ed en el \u00fanico punto donde la cosa, desde el punto de vista de la vegetaci\u00f3n, se pon\u00eda peor. A unos 100 metros de llegar a la carretera hay una bifurcaci\u00f3n: un mal sendero a mano izquierda, en fuerte subida y cerrada vegetaci\u00f3n, y un camino completamente devorado por la vegetaci\u00f3n, con menos pendiente, a la derecha. Y aunque sobre el papel mi idea era tomar el de la derecha, lo cerrado de la vegetaci\u00f3n pronto hizo que volviera sobre mis pasos, y tomara el de la izquierda. No iba a poder ir montado igualmente, y al menos la vegetaci\u00f3n era menos cerrada. Una vez en la carretera, el resto del ascenso, otros 2&#8217;5 km hasta la subestaci\u00f3n, no revest\u00eda mayor problema que el de pendientes de casi el 15%, pero al menos era por asfalto.<\/p>\n<figure class=\"wp-block-piwigo-gallery-single-image piwigo-single-image\"><a href=\"https:\/\/www.eniac2000.com\/piwigo\/picture.php?\/11142\" target=\"_blank\" rel=\"noopener noreferrer\"><img decoding=\"async\" src=\"https:\/\/www.eniac2000.com\/piwigo\/_data\/i\/galleries\/albums\/ciclismo\/2021-04-17-presqueiras-verdugo\/IMG_20210417_094400003-me.jpg\" alt=\"IMG 20210417 094400003\" \/><\/a><figcaption><strong>IMG 20210417 094400003<\/strong><\/figcaption><\/figure>\n<p>Una vez en llegado a la subestaci\u00f3n, tom\u00e9 la pista que a mano derecha sube hacia el mirador de Monte Seixo, que se alza a 1014 msnm. En la zona hab\u00eda caballos salvajes y ganado bovino, pero lo mejor fue llegar a la cota m\u00e1xima de la jornada, y poder disfrutar el paisaje en un d\u00eda completamente despejado. Alcanzaban a verse de manera simult\u00e1nea las r\u00edas de Vigo, Pontevedra y Arosa. Sencillamente espl\u00e9ndido.<\/p>\n<figure class=\"wp-block-piwigo-gallery-single-image piwigo-single-image\"><a href=\"https:\/\/www.eniac2000.com\/piwigo\/picture.php?\/11157\" target=\"_blank\" rel=\"noopener noreferrer\"><img decoding=\"async\" src=\"https:\/\/www.eniac2000.com\/piwigo\/_data\/i\/galleries\/albums\/ciclismo\/2021-04-17-presqueiras-verdugo\/IMG_20210417_095631198-me.jpg\" alt=\"IMG 20210417 095631198\" \/><\/a><figcaption><strong>IMG 20210417 095631198<\/strong><\/figcaption><\/figure>\n<p>Tras un breve descanso, emprend\u00ed el descenso hasta la subestaci\u00f3n, para desde all\u00ed dirigirme a la bajada hacia A Barcia. Se toma para ello la pista que conduce hacia Portal\u00e9n, pero un poco antes de llegar, a mano izquierda, hay un peque\u00f1o bosquecillo de con\u00edferas -Campo da Porteli\u00f1a- donde se inicia el descenso de A Barcia. Vale la pena detenerse en una fuente de donde brota un agua estupenda.<\/p>\n<figure class=\"wp-block-piwigo-gallery-single-image piwigo-single-image\"><a href=\"https:\/\/www.eniac2000.com\/piwigo\/picture.php?\/11166\" target=\"_blank\" rel=\"noopener noreferrer\"><img decoding=\"async\" src=\"https:\/\/www.eniac2000.com\/piwigo\/_data\/i\/galleries\/albums\/ciclismo\/2021-04-17-presqueiras-verdugo\/IMG_20210417_101504434-me.jpg\" alt=\"IMG 20210417 101504434\" \/><\/a><figcaption><strong>IMG 20210417 101504434<\/strong><\/figcaption><\/figure>\n<p>La bajada es divertida y trepidante, pese a ser una pista bastante convencional. No es mala, pero no es para meterse con una furgoneta, como hizo un paisano que me adelant\u00f3 en plena bajada. Ya me lo hab\u00eda tropezado a la subida, y en el desv\u00edo del mirador, pero verlo de nuevo -tercera vez- en la bajada fue algo que no entraba dentro de mis planes. Pero que tuvo algo bueno: si no hubiera sido por eso, no me habr\u00eda apartado del camino, y no me habr\u00eda fijado en una roca con una erosi\u00f3n diferencia tan llamativa como esta:<\/p>\n<figure class=\"wp-block-piwigo-gallery-single-image piwigo-single-image\"><a href=\"https:\/\/www.eniac2000.com\/piwigo\/picture.php?\/11170\" target=\"_blank\" rel=\"noopener noreferrer\"><img decoding=\"async\" src=\"https:\/\/www.eniac2000.com\/piwigo\/_data\/i\/galleries\/albums\/ciclismo\/2021-04-17-presqueiras-verdugo\/IMG_20210417_102002454_HDR-me.jpg\" alt=\"IMG 20210417 102002454 HDR\" \/><\/a><figcaption><strong>IMG 20210417 102002454 HDR<\/strong><\/figcaption><\/figure>\n<p><iframe loading=\"lazy\" width=\"560\" height=\"315\" src=\"https:\/\/www.youtube.com\/embed\/x1nVXm2uSZI\" title=\"YouTube video player\" frameborder=\"0\" allow=\"accelerometer; autoplay; clipboard-write; encrypted-media; gyroscope; picture-in-picture\" allowfullscreen><\/iframe><\/p>\n<p>De nuevo en faena, continu\u00e9 descendiendo hasta A Barcia (3 kil\u00f3metros desde el desv\u00edo, con desniveles del 17%), y desde all\u00ed, ya por carretera, me encontr\u00e9 con el r\u00edo Verdugo, uno de los tres (L\u00e9rez, Umia y el mentado Verdugo) que nacen en Forcarey, a la altura de un bonito vado con varios h\u00f3rreos en su cercan\u00eda.<\/p>\n<figure class=\"wp-block-piwigo-gallery-single-image piwigo-single-image\"><a href=\"https:\/\/www.eniac2000.com\/piwigo\/picture.php?\/11173\" target=\"_blank\" rel=\"noopener noreferrer\"><img decoding=\"async\" src=\"https:\/\/www.eniac2000.com\/piwigo\/_data\/i\/galleries\/albums\/ciclismo\/2021-04-17-presqueiras-verdugo\/IMG_20210417_102751686_HDR-me.jpg\" alt=\"IMG 20210417 102751686 HDR\" \/><\/a><figcaption><strong>IMG 20210417 102751686 HDR<\/strong><\/figcaption><\/figure>\n<p>Desde all\u00ed mi siguiente objetivo era el cercano aer\u00f3dromo de Beariz, conocido por el ser punto de llegada de los indianos cuando vuelven a su tierra a pasar las vacaciones de verano. Tocaba un tranquilo ascenso por carretera, con paredes de hasta el 12%, hasta llegar al aer\u00f3dromo. \u00c9ste, aparte de las bonitas vistas del entorno, no ten\u00eda nada en especial. Pero hay que admitir que valen la pena.<\/p>\n<figure class=\"wp-block-piwigo-gallery-single-image piwigo-single-image\"><a href=\"https:\/\/www.eniac2000.com\/piwigo\/picture.php?\/11180\" target=\"_blank\" rel=\"noopener noreferrer\"><img decoding=\"async\" src=\"https:\/\/www.eniac2000.com\/piwigo\/_data\/i\/galleries\/albums\/ciclismo\/2021-04-17-presqueiras-verdugo\/IMG_20210417_104805453_HDR-me.jpg\" alt=\"IMG 20210417 104805453 HDR\" \/><\/a><figcaption><strong>IMG 20210417 104805453 HDR<\/strong><\/figcaption><\/figure>\n<p>Volv\u00ed un poco sobre mis pasos, hasta tomar la carretera que va a Ricovanca. Esta peque\u00f1a aldea guarda un gran secreto, en forma de puente medieval sobre el r\u00edo Verdugo, ubicado en donde se alzaba un antiguo puente romano, junto a un estupendo molino hidr\u00e1ulico.<\/p>\n<p><figure class=\"wp-block-piwigo-gallery-single-image piwigo-single-image\"><a href=\"https:\/\/www.eniac2000.com\/piwigo\/picture.php?\/11181\" target=\"_blank\" rel=\"noopener noreferrer\"><img decoding=\"async\" src=\"https:\/\/www.eniac2000.com\/piwigo\/_data\/i\/galleries\/albums\/ciclismo\/2021-04-17-presqueiras-verdugo\/IMG_20210417_105117282_HDR-me.jpg\" alt=\"IMG 20210417 105117282 HDR\" \/><\/a><figcaption><strong>IMG 20210417 105117282 HDR<\/strong><\/figcaption><\/figure><br \/>\n<figure class=\"wp-block-piwigo-gallery-single-image piwigo-single-image\"><a href=\"https:\/\/www.eniac2000.com\/piwigo\/picture.php?\/11185\" target=\"_blank\" rel=\"noopener noreferrer\"><img decoding=\"async\" src=\"https:\/\/www.eniac2000.com\/piwigo\/_data\/i\/galleries\/albums\/ciclismo\/2021-04-17-presqueiras-verdugo\/IMG_20210417_105246425_HDR-me.jpg\" alt=\"IMG 20210417 105246425 HDR\" \/><\/a><figcaption><strong>IMG 20210417 105246425 HDR<\/strong><\/figcaption><\/figure><br \/>\n<figure class=\"wp-block-piwigo-gallery-single-image piwigo-single-image\"><a href=\"https:\/\/www.eniac2000.com\/piwigo\/picture.php?\/11188\" target=\"_blank\" rel=\"noopener noreferrer\"><img decoding=\"async\" src=\"https:\/\/www.eniac2000.com\/piwigo\/_data\/i\/galleries\/albums\/ciclismo\/2021-04-17-presqueiras-verdugo\/IMG_20210417_105430385_HDR-me.jpg\" alt=\"IMG 20210417 105430385 HDR\" \/><\/a><figcaption><strong>IMG 20210417 105430385 HDR<\/strong><\/figcaption><\/figure><br \/>\n<figure class=\"wp-block-piwigo-gallery-single-image piwigo-single-image\"><a href=\"https:\/\/www.eniac2000.com\/piwigo\/picture.php?\/11190\" target=\"_blank\" rel=\"noopener noreferrer\"><img decoding=\"async\" src=\"https:\/\/www.eniac2000.com\/piwigo\/_data\/i\/galleries\/albums\/ciclismo\/2021-04-17-presqueiras-verdugo\/IMG_20210417_105505553-me.jpg\" alt=\"IMG 20210417 105505553\" \/><\/a><figcaption><strong>IMG 20210417 105505553<\/strong><\/figcaption><\/figure><br \/>\n<figure class=\"wp-block-piwigo-gallery-single-image piwigo-single-image\"><a href=\"https:\/\/www.eniac2000.com\/piwigo\/picture.php?\/11195\" target=\"_blank\" rel=\"noopener noreferrer\"><img decoding=\"async\" src=\"https:\/\/www.eniac2000.com\/piwigo\/_data\/i\/galleries\/albums\/ciclismo\/2021-04-17-presqueiras-verdugo\/IMG_20210417_105625127_HDR-me.jpg\" alt=\"IMG 20210417 105625127 HDR\" \/><\/a><figcaption><strong>IMG 20210417 105625127 HDR<\/strong><\/figcaption><\/figure><br \/>\n<figure class=\"wp-block-piwigo-gallery-single-image piwigo-single-image\"><a href=\"https:\/\/www.eniac2000.com\/piwigo\/picture.php?\/11197\" target=\"_blank\" rel=\"noopener noreferrer\"><img decoding=\"async\" src=\"https:\/\/www.eniac2000.com\/piwigo\/_data\/i\/galleries\/albums\/ciclismo\/2021-04-17-presqueiras-verdugo\/IMG_20210417_105736737_HDR-me.jpg\" alt=\"IMG 20210417 105736737 HDR\" \/><\/a><figcaption><strong>IMG 20210417 105736737 HDR<\/strong><\/figcaption><\/figure><\/p>\n<p><iframe loading=\"lazy\" width=\"560\" height=\"315\" src=\"https:\/\/www.youtube.com\/embed\/LN54BFuKF1c\" title=\"YouTube video player\" frameborder=\"0\" allow=\"accelerometer; autoplay; clipboard-write; encrypted-media; gyroscope; picture-in-picture\" allowfullscreen><\/iframe><\/p>\n<p>De nuevo en la carretera, y apenas 900 metros aguas arriba del Verdugo, llegu\u00e9 a mi siguiente parada: el nacimiento de este r\u00edo, junto a la aldea de Fontegrande. La llegada a la misma es llamativa, porque se tiene que abandonar la carretera que desciende hasta Devesa de Arriba, y coger una carreterita que transcurre justamente por entre dos vertientes: a la izquierda la del R\u00edo Verdugo, y a la derecha la del Rego de Alfonso, tributario primero del R\u00edo do Castro, y luego del L\u00e9rez. El nacimiento del Verdugo no tiene nada en especial, un prado como tantos otros, y al que no se puede entrar por estar cercado. Pero est\u00e1 ah\u00ed.<\/p>\n<figure class=\"wp-block-piwigo-gallery-single-image piwigo-single-image\"><a href=\"https:\/\/www.eniac2000.com\/piwigo\/picture.php?\/11206\" target=\"_blank\" rel=\"noopener noreferrer\"><img decoding=\"async\" src=\"https:\/\/www.eniac2000.com\/piwigo\/_data\/i\/galleries\/albums\/ciclismo\/2021-04-17-presqueiras-verdugo\/IMG_20210417_111228020_1-me.jpg\" alt=\"IMG 20210417 111228020 1\" \/><\/a><figcaption><strong>IMG 20210417 111228020 1<\/strong><\/figcaption><\/figure>\n<p>Lo divertido es que un poco m\u00e1s arriba, en Fontegrande, hay una botina fuente de un manantial que acaba vertiendo sus aguas en el Verdugo, y que s\u00ed tiene bastante m\u00e1s empaque que el nacimiento en s\u00ed del Verdugo:<\/p>\n<figure class=\"wp-block-piwigo-gallery-single-image piwigo-single-image\"><a href=\"https:\/\/www.eniac2000.com\/piwigo\/picture.php?\/11208\" target=\"_blank\" rel=\"noopener noreferrer\"><img decoding=\"async\" src=\"https:\/\/www.eniac2000.com\/piwigo\/_data\/i\/galleries\/albums\/ciclismo\/2021-04-17-presqueiras-verdugo\/IMG_20210417_111417911_HDR-me.jpg\" alt=\"IMG 20210417 111417911 HDR\" \/><\/a><figcaption><strong>IMG 20210417 111417911 HDR<\/strong><\/figcaption><\/figure>\n<p>Desde Fontegrande se puede volver a San Miguel por carretera, pero ten\u00eda previsto hacer algo m\u00e1s divertido: bajar por un sendero de monta\u00f1a hasta Devesa de Abaixo. Una opci\u00f3n excelente. Para ello hay que salir de Fontegrande por una pista forestal con una cancela que se puede abrir; la pista al poco empieza a ascender de nuevo al monte Seixo, pero a la derecha, junto a una cerca de piedra, se abre un sendero, que es el que tenemos que tomar. Y qu\u00e9 sendero. Empieza bajando suave, pero tras unos cuantos sube y baja que tienen su puntito, al ser un camino de piedra, tiene una subidilla comida de vegetaci\u00f3n, y luego empieza a descender, primero casi como un cortafuegos, que permite visualizar el valle del Castro, y a nuestra izquierda el monte Seixo, con los restos de una sorprendente mina de Wolframio, explotada durante la \u00e9poca de la II Guerra Mundial. Posteriormente se acaba entrando en una plantaci\u00f3n de eucalipto, para acabar saliendo a la carretera, justo a la entrada de Devesa de Abaixo. Apenas 2 kil\u00f3metros, pero con rampas del 22% que har\u00edan las delicias de cualquiera. De cualquiera al que le guste esto, claro. <img src=\"https:\/\/bitacora.eniac2000.com\/wp-includes\/images\/smilies\/mrgreen.png\" alt=\":mrgreen:\" class=\"wp-smiley\" style=\"height: 1em; max-height: 1em;\" \/><\/p>\n<p><iframe loading=\"lazy\" width=\"560\" height=\"315\" src=\"https:\/\/www.youtube.com\/embed\/HpT0j7fyx4s\" title=\"YouTube video player\" frameborder=\"0\" allow=\"accelerometer; autoplay; clipboard-write; encrypted-media; gyroscope; picture-in-picture\" allowfullscreen><\/iframe><\/p>\n<p>Desde all\u00ed, la vuelta hasta San Miguel de Presqueiras es por carretera. Son 3.5 kil\u00f3metros, m\u00e1s sube y baja que descenso en s\u00ed, que acaban llegando a San Miguel, donde queda por realizar una peque\u00f1a subida a la iglesia, donde ten\u00eda aparcado el coche, para totalizar 25&#8217;9 km de divertid\u00edsima etapa.<\/p>\n<figure class=\"wp-block-piwigo-gallery-single-image piwigo-single-image\"><a href=\"https:\/\/www.eniac2000.com\/piwigo\/picture.php?\/11213\" target=\"_blank\" rel=\"noopener noreferrer\"><img decoding=\"async\" src=\"https:\/\/www.eniac2000.com\/piwigo\/_data\/i\/galleries\/albums\/ciclismo\/2021-04-17-presqueiras-verdugo\/IMG_20210417_114230428_HDR-me.jpg\" alt=\"IMG 20210417 114230428 HDR\" \/><\/a><figcaption><strong>IMG 20210417 114230428 HDR<\/strong><\/figcaption><\/figure>\n<p><strong>Datos de la etapa<\/strong><\/p>\n<ul>\n<li><strong>Distancia:<\/strong> 25&#8217;9km<\/li>\n<li><strong>Distancia (seg\u00fan el GPS):<\/strong> 26&#8217;15km<\/li>\n<li><strong>Altitud ascendida:<\/strong> 706m<\/li>\n<li><strong>Tiempo de etapa:<\/strong> 2:13:54<\/li>\n<li><strong>Tiempo desde el inicio de la etapa:<\/strong> 2:48:09<\/li>\n<li><strong>Calor\u00edas consumidas:<\/strong> 1200kcal<\/li>\n<\/ul>\n<p><iframe height='405' width='590' frameborder='0' allowtransparency='true' scrolling='no' src='https:\/\/www.strava.com\/activities\/5140733807\/embed\/a69f3f9ec6eb165da3b87919ccd99987bac0f660'><\/iframe><\/p>\n","protected":false},"excerpt":{"rendered":"<p>El s\u00e1bado 17 de abril realic\u00e9 una etapa de ciclismo<\/p>\n","protected":false},"author":1,"featured_media":0,"comment_status":"open","ping_status":"open","sticky":false,"template":"","format":"standard","meta":{"advanced_seo_description":"","jetpack_seo_html_title":"","jetpack_seo_noindex":false,"_jetpack_memberships_contains_paid_content":false,"footnotes":"","jetpack_publicize_message":"","jetpack_publicize_feature_enabled":true,"jetpack_social_post_already_shared":false,"jetpack_social_options":{"image_generator_settings":{"template":"highway","default_image_id":0,"font":"","enabled":false},"version":2}},"categories":[24,8],"tags":[34,212,683,1118,1135,1427,1401,1481],"series":[],"class_list":["post-4763","post","type-post","status-publish","format-standard","hentry","category-ciclismo","category-deporte","tag-a-barcia","tag-beariz","tag-forcarey","tag-monte-seixo","tag-mtb","tag-ricovanca","tag-rio-verdugo","tag-san-miguel-de-presqueiras"],"jetpack_publicize_connections":[],"jetpack_featured_media_url":"","jetpack_sharing_enabled":true,"_links":{"self":[{"href":"https:\/\/bitacora.eniac2000.com\/index.php?rest_route=\/wp\/v2\/posts\/4763","targetHints":{"allow":["GET"]}}],"collection":[{"href":"https:\/\/bitacora.eniac2000.com\/index.php?rest_route=\/wp\/v2\/posts"}],"about":[{"href":"https:\/\/bitacora.eniac2000.com\/index.php?rest_route=\/wp\/v2\/types\/post"}],"author":[{"embeddable":true,"href":"https:\/\/bitacora.eniac2000.com\/index.php?rest_route=\/wp\/v2\/users\/1"}],"replies":[{"embeddable":true,"href":"https:\/\/bitacora.eniac2000.com\/index.php?rest_route=%2Fwp%2Fv2%2Fcomments&post=4763"}],"version-history":[{"count":0,"href":"https:\/\/bitacora.eniac2000.com\/index.php?rest_route=\/wp\/v2\/posts\/4763\/revisions"}],"wp:attachment":[{"href":"https:\/\/bitacora.eniac2000.com\/index.php?rest_route=%2Fwp%2Fv2%2Fmedia&parent=4763"}],"wp:term":[{"taxonomy":"category","embeddable":true,"href":"https:\/\/bitacora.eniac2000.com\/index.php?rest_route=%2Fwp%2Fv2%2Fcategories&post=4763"},{"taxonomy":"post_tag","embeddable":true,"href":"https:\/\/bitacora.eniac2000.com\/index.php?rest_route=%2Fwp%2Fv2%2Ftags&post=4763"},{"taxonomy":"series","embeddable":true,"href":"https:\/\/bitacora.eniac2000.com\/index.php?rest_route=%2Fwp%2Fv2%2Fseries&post=4763"}],"curies":[{"name":"wp","href":"https:\/\/api.w.org\/{rel}","templated":true}]}}