{"id":4795,"date":"2021-05-09T14:26:45","date_gmt":"2021-05-09T13:26:45","guid":{"rendered":"https:\/\/bitacora.eniac2000.com\/?p=4795"},"modified":"2025-10-05T17:12:53","modified_gmt":"2025-10-05T15:12:53","slug":"etapa-ciclista-forcarey-antena-de-radio-barciela-cachofes-08052021","status":"publish","type":"post","link":"https:\/\/bitacora.eniac2000.com\/?p=4795","title":{"rendered":"Etapa ciclista: Forcarey &#8211; Antena de Radio &#8211; Barciela &#8211; Cachof\u00e9s (08\/05\/2021)"},"content":{"rendered":"<p>El s\u00e1bado 8 de mayo de 2021 realic\u00e9 una nueva salida por la zona de Forcarey. La idea principal era subir a la antena de radio que hay en las cercan\u00edas de Forcarey, y luego explorar algunas pistas en las cercan\u00edas de Barciela. Ambos objetivos se cumplieron, aunque el segundo cost\u00f3 bastante m\u00e1s sudor y sangre que el primero.<\/p>\n<figure class=\"wp-block-piwigo-gallery-single-image piwigo-single-image\"><a href=\"https:\/\/www.eniac2000.com\/piwigo\/picture.php?\/11405\" target=\"_blank\" rel=\"noopener noreferrer\"><img decoding=\"async\" src=\"https:\/\/www.eniac2000.com\/piwigo\/_data\/i\/galleries\/albums\/ciclismo\/20210508-forcarey-antena\/IMG_20210508_085813809-me.jpg\" alt=\"IMG 20210508 085813809\" \/><\/a><figcaption><strong>IMG 20210508 085813809<\/strong><\/figcaption><\/figure>\n<p>Sal\u00ed a las 9:00h de Forcarey, tras haber acoplado a la bicicleta un soporte para la GoPro que imprim\u00ed la semana pasada en Sevilla, y que permite colocar la c\u00e1mara a la altura del portabidones, y ligeramente desplazada a la izquierda, para que la barra del cuadro no tape la visi\u00f3n de la c\u00e1mara. En realidad, toda la etapa era una excusa para buscar alguna bajada interesante en la que probar el soporte, pero en fin. <img src=\"https:\/\/bitacora.eniac2000.com\/wp-includes\/images\/smilies\/mrgreen.png\" alt=\":mrgreen:\" class=\"wp-smiley\" style=\"height: 1em; max-height: 1em;\" \/><\/p>\n<p>Sal\u00ed de Forcarey camino de Cachafeiro, y desde all\u00ed al observatorio astron\u00f3mico, para continuar por carretera camino de A M\u00e1moa. All\u00ed tom\u00e9 el desv\u00edo se\u00f1alizado como centro de tratamiento de residuos de Forcarey, que lleva  a las cercan\u00edas de la antena. Cuando se acaba el asfalto y empieza la pista, tom\u00e9 el camino de la izquierda (a diferencia de otra etapa anterior, donde tom\u00e9 el de la derecha). La pista asciende suavemente hasta llegar a la antena, junto a la que par\u00e9 para tomar algunas fotos.<\/p>\n<p><figure class=\"wp-block-piwigo-gallery-single-image piwigo-single-image\"><a href=\"https:\/\/www.eniac2000.com\/piwigo\/picture.php?\/11408\" target=\"_blank\" rel=\"noopener noreferrer\"><img decoding=\"async\" src=\"https:\/\/www.eniac2000.com\/piwigo\/_data\/i\/galleries\/albums\/ciclismo\/20210508-forcarey-antena\/IMG_20210508_094032041-me.jpg\" alt=\"IMG 20210508 094032041\" \/><\/a><figcaption><strong>IMG 20210508 094032041<\/strong><\/figcaption><\/figure><br \/>\n<figure class=\"wp-block-piwigo-gallery-single-image piwigo-single-image\"><a href=\"https:\/\/www.eniac2000.com\/piwigo\/picture.php?\/11409\" target=\"_blank\" rel=\"noopener noreferrer\"><img decoding=\"async\" src=\"https:\/\/www.eniac2000.com\/piwigo\/_data\/i\/galleries\/albums\/ciclismo\/20210508-forcarey-antena\/IMG_20210508_094220623_HDR-me.jpg\" alt=\"IMG 20210508 094220623 HDR\" \/><\/a><figcaption><strong>IMG 20210508 094220623 HDR<\/strong><\/figcaption><\/figure><\/p>\n<p>Tras dejar atr\u00e1s la antena, continu\u00e9 ascendiendo un poco, antes de empezar el descenso hasta Murada. Un descenso sencillo, ya que casi todo es buena pista, o casi todo asfalto.<\/p>\n<figure class=\"wp-block-piwigo-gallery-single-image piwigo-single-image\"><a href=\"https:\/\/www.eniac2000.com\/piwigo\/picture.php?\/11412\" target=\"_blank\" rel=\"noopener noreferrer\"><img decoding=\"async\" src=\"https:\/\/www.eniac2000.com\/piwigo\/_data\/i\/galleries\/albums\/ciclismo\/20210508-forcarey-antena\/IMG_20210508_095400684-me.jpg\" alt=\"IMG 20210508 095400684\" \/><\/a><figcaption><strong>IMG 20210508 095400684<\/strong><\/figcaption><\/figure>\n<p>Una vez en Murada, cruc\u00e9 el n\u00facleo de poblaci\u00f3n para salir a la carretera por un estupendo camino encerrado entre cercas de piedra. Cruc\u00e9 la carretera y empec\u00e9 una breve subida hasta O Seixo, desde donde pude contemplar una estupenda vista de la antena y Murada:<\/p>\n<figure class=\"wp-block-piwigo-gallery-single-image piwigo-single-image\"><a href=\"https:\/\/www.eniac2000.com\/piwigo\/picture.php?\/11413\" target=\"_blank\" rel=\"noopener noreferrer\"><img decoding=\"async\" src=\"https:\/\/www.eniac2000.com\/piwigo\/_data\/i\/galleries\/albums\/ciclismo\/20210508-forcarey-antena\/IMG_20210508_095926692_HDR-me.jpg\" alt=\"IMG 20210508 095926692 HDR\" \/><\/a><figcaption><strong>IMG 20210508 095926692 HDR<\/strong><\/figcaption><\/figure>\n<p>Desde lo alto de O Seixo hice un primer descenso por cortafuegos hasta encontrar una pista a mano derecha, que habr\u00eda de llevarme hasta Barciela. Y ah\u00ed por fin obtuve el v\u00eddeo del descenso que andaba buscando. Tras revisarlo, despu\u00e9s de acabada la etapa, pude comprobar que la perspectiva es interesante, pero tiene dos problemas principales que ya hab\u00eda observado sobre el terreno: la carcasa se cubre de gotas de agua a poco que el terreno est\u00e9 algo mojado (lo que suele ser una constante en Galicia), y que la c\u00e1mara vibra, por lo que la grabaci\u00f3n es un poco temblorosa. Pero a\u00fan as\u00ed, permite tener una visi\u00f3n estupenda del trabajo de la horquilla.<\/p>\n<p><iframe loading=\"lazy\" width=\"560\" height=\"315\" src=\"https:\/\/www.youtube.com\/embed\/nFnSKv3-BqE\" title=\"YouTube video player\" frameborder=\"0\" allow=\"accelerometer; autoplay; clipboard-write; encrypted-media; gyroscope; picture-in-picture\" allowfullscreen><\/iframe><\/p>\n<p>Acab\u00e9 la bajada llegando a un prado en un recodo del r\u00edo L\u00e9rez, que quedaba unos cuantos metros por debajo de mi ubicaci\u00f3n. Imposibilitado de bajar hasta \u00e9l, retom\u00e9 el camino, un poco m\u00e1s arriba, que con unos continuos sube y bajas, llevaba primero a las cercan\u00edas de Lerce, y posteriormente, al cruce de un regato en el Coto da Roda, en el que se ubicaba un viejo molino abandonado.<\/p>\n<figure class=\"wp-block-piwigo-gallery-single-image piwigo-single-image\"><a href=\"https:\/\/www.eniac2000.com\/piwigo\/picture.php?\/11414\" target=\"_blank\" rel=\"noopener noreferrer\"><img decoding=\"async\" src=\"https:\/\/www.eniac2000.com\/piwigo\/_data\/i\/galleries\/albums\/ciclismo\/20210508-forcarey-antena\/IMG_20210508_102255461-me.jpg\" alt=\"IMG 20210508 102255461\" \/><\/a><figcaption><strong>IMG 20210508 102255461<\/strong><\/figcaption><\/figure>\n<p>Tras pasar el regato, el camino picaba un poco hacia arriba, camino de Barciela. Al poco termin\u00f3 la subida, y entr\u00e9 en un falso llano. Y se acab\u00f3 el camino. Bueno, estaba ah\u00ed, pero completamente devorado por la maleza. Maleza adem\u00e1s bastante fastidiosa: tojos, zarzas y ortigas. Al poco de entrar estaba atrapado por la maleza. Si malo era avanzar, retroceder era tambi\u00e9n una tortura. Estaba apenas a 500 metros de Barciela, con un camino bien cartografiado, y que se pod\u00eda reconocer sobre el terreno, merced a los muros de piedra que lo delimitaban. Tarde o temprano tendr\u00eda que mejorar, seguro que era solo un mal tramo&#8230;<\/p>\n<p><figure class=\"wp-block-piwigo-gallery-single-image piwigo-single-image\"><a href=\"https:\/\/www.eniac2000.com\/piwigo\/picture.php?\/11425\" target=\"_blank\" rel=\"noopener noreferrer\"><img decoding=\"async\" src=\"https:\/\/www.eniac2000.com\/piwigo\/_data\/i\/galleries\/albums\/ciclismo\/20210508-forcarey-antena\/IMG_20210508_121242535_HDR-me.jpg\" alt=\"IMG 20210508 121242535 HDR\" \/><\/a><figcaption><strong>IMG 20210508 121242535 HDR<\/strong><\/figcaption><\/figure><br \/>\n<figure class=\"wp-block-piwigo-gallery-single-image piwigo-single-image\"><a href=\"https:\/\/www.eniac2000.com\/piwigo\/picture.php?\/11426\" target=\"_blank\" rel=\"noopener noreferrer\"><img decoding=\"async\" src=\"https:\/\/www.eniac2000.com\/piwigo\/_data\/i\/galleries\/albums\/ciclismo\/20210508-forcarey-antena\/IMG_20210508_124929308-me.jpg\" alt=\"IMG 20210508 124929308\" \/><\/a><figcaption><strong>IMG 20210508 124929308<\/strong><\/figcaption><\/figure><br \/>\n<figure class=\"wp-block-piwigo-gallery-single-image piwigo-single-image\"><a href=\"https:\/\/www.eniac2000.com\/piwigo\/picture.php?\/11427\" target=\"_blank\" rel=\"noopener noreferrer\"><img decoding=\"async\" src=\"https:\/\/www.eniac2000.com\/piwigo\/_data\/i\/galleries\/albums\/ciclismo\/20210508-forcarey-antena\/IMG_20210508_124937980-me.jpg\" alt=\"IMG 20210508 124937980\" \/><\/a><figcaption><strong>IMG 20210508 124937980<\/strong><\/figcaption><\/figure><\/p>\n<p>Tard\u00e9 45 minutos en recorrer esos 500 metros. Y para colmo, hab\u00eda elegido un mal d\u00eda para no llevar culotte de invierno. Menos mal que lo llevo de tipo 3\/4, pero aun as\u00ed las pas\u00e9 canutas. La \u00fanica suerte es que en dos puntos pude salir a prados despejados de maleza, lo que facilit\u00f3 un poco el poder avanzar. Pero aun as\u00ed, fue una tortura como pocas.<\/p>\n<figure class=\"wp-block-piwigo-gallery-single-image piwigo-single-image\"><a href=\"https:\/\/www.eniac2000.com\/piwigo\/picture.php?\/11415\" target=\"_blank\" rel=\"noopener noreferrer\"><img decoding=\"async\" src=\"https:\/\/www.eniac2000.com\/piwigo\/_data\/i\/galleries\/albums\/ciclismo\/20210508-forcarey-antena\/IMG_20210508_111039966-me.jpg\" alt=\"IMG 20210508 111039966\" \/><\/a><figcaption><strong>IMG 20210508 111039966<\/strong><\/figcaption><\/figure>\n<p>Sal\u00ed a Barciela, y par\u00e9 un momento para echar algunas fotos junto a la torre de alarma. Busqu\u00e9 en balde algo de agua en el cementerio para echarme sobre las heridas restregadas por las ortigas, pero no pude encontrar nada. As\u00ed que puestos a dejar atr\u00e1s ese mal rato, sal\u00ed a carretera para bajar hasta el cruce sobre el r\u00edo L\u00e9rez.<\/p>\n<p><figure class=\"wp-block-piwigo-gallery-single-image piwigo-single-image\"><a href=\"https:\/\/www.eniac2000.com\/piwigo\/picture.php?\/11418\" target=\"_blank\" rel=\"noopener noreferrer\"><img decoding=\"async\" src=\"https:\/\/www.eniac2000.com\/piwigo\/_data\/i\/galleries\/albums\/ciclismo\/20210508-forcarey-antena\/IMG_20210508_111825729-me.jpg\" alt=\"IMG 20210508 111825729\" \/><\/a><figcaption><strong>IMG 20210508 111825729<\/strong><\/figcaption><\/figure><br \/>\n<figure class=\"wp-block-piwigo-gallery-single-image piwigo-single-image\"><a href=\"https:\/\/www.eniac2000.com\/piwigo\/picture.php?\/11421\" target=\"_blank\" rel=\"noopener noreferrer\"><img decoding=\"async\" src=\"https:\/\/www.eniac2000.com\/piwigo\/_data\/i\/galleries\/albums\/ciclismo\/20210508-forcarey-antena\/IMG_20210508_111957685-me.jpg\" alt=\"IMG 20210508 111957685\" \/><\/a><figcaption><strong>IMG 20210508 111957685<\/strong><\/figcaption><\/figure><\/p>\n<p>Descend\u00ed por carretera, y cruc\u00e9 el r\u00edo junto a la mina de Santa Mar\u00eda. Por desgracia estaba todo cerrado de vegetaci\u00f3n, y no pude ver nada de inter\u00e9s. Sub\u00ed por carretera hasta llegar al cruce con la N-541 a la altura de Cachof\u00e9s. Desde all\u00ed ten\u00eda previsto ascender hasta algo despu\u00e9s del cruce de Forcarey, y tomar una pista hasta Acivedo, para volver por Cachafeiro. Pero se me hab\u00eda hecho algo tarde, y estaba pel\u00edn hecho polvo de pelear con los zarzales, as\u00ed que despu\u00e9s de beber agua en una fuente adosada a una casa, decid\u00ed volver a casa por la v\u00eda r\u00e1pida: carretera hasta Forcarey. Tan s\u00f3lo realic\u00e9 un peque\u00f1o desv\u00edo por un tramo abandonado de la carretera, a fin de ver un puente sobre uno de los regatos que vierten en el L\u00e9rez, pero no se ve\u00eda tampoco nada especialmente interesante, as\u00ed que acab\u00e9 volviendo a casa, tras 29 kil\u00f3metros de etapa, y con bastantes escoceduras como para toda la semana. <img src=\"https:\/\/bitacora.eniac2000.com\/wp-includes\/images\/smilies\/mrgreen.png\" alt=\":mrgreen:\" class=\"wp-smiley\" style=\"height: 1em; max-height: 1em;\" \/><\/p>\n<p><strong>Datos de la etapa<\/strong><\/p>\n<ul>\n<li><strong>Distancia:<\/strong> 29&#8217;095km<\/li>\n<li><strong>Distancia (seg\u00fan el GPS):<\/strong> 28&#8217;63km<\/li>\n<li><strong>Altitud ascendida:<\/strong> 563m<\/li>\n<li><strong>Tiempo de etapa:<\/strong> 2:11:32<\/li>\n<li><strong>Tiempo desde el inicio de la etapa:<\/strong> 2:58:19<\/li>\n<li><strong>Pulsaciones medias:<\/strong> 143ppm<\/li>\n<li><strong>Pulsaciones m\u00e1ximas:<\/strong> 175ppm<\/li>\n<li><strong>Cadencia media:<\/strong> S\/D rpm<\/li>\n<li><strong>Cadencia m\u00e1xima:<\/strong> S\/D rpm<\/li>\n<li><strong>Calor\u00edas consumidas:<\/strong> 2678kcal<\/li>\n<\/ul>\n<p><iframe height='405' width='590' frameborder='0' allowtransparency='true' scrolling='no' src='https:\/\/www.strava.com\/activities\/5260612802\/embed\/3dc23c5d48c579b367a001e389a6807f7f32a8de'><\/iframe><\/p>\n","protected":false},"excerpt":{"rendered":"<p>El s\u00e1bado 8 de mayo de 2021 realic\u00e9 una nueva<\/p>\n","protected":false},"author":1,"featured_media":0,"comment_status":"open","ping_status":"open","sticky":false,"template":"","format":"standard","meta":{"advanced_seo_description":"","jetpack_seo_html_title":"","jetpack_seo_noindex":false,"_jetpack_memberships_contains_paid_content":false,"footnotes":"","jetpack_publicize_message":"","jetpack_publicize_feature_enabled":true,"jetpack_social_post_already_shared":false,"jetpack_social_options":{"image_generator_settings":{"template":"highway","default_image_id":0,"font":"","enabled":false},"version":2}},"categories":[24,8],"tags":[201,683,1135],"series":[],"class_list":["post-4795","post","type-post","status-publish","format-standard","hentry","category-ciclismo","category-deporte","tag-barciela","tag-forcarey","tag-mtb"],"jetpack_publicize_connections":[],"jetpack_featured_media_url":"","jetpack_sharing_enabled":true,"_links":{"self":[{"href":"https:\/\/bitacora.eniac2000.com\/index.php?rest_route=\/wp\/v2\/posts\/4795","targetHints":{"allow":["GET"]}}],"collection":[{"href":"https:\/\/bitacora.eniac2000.com\/index.php?rest_route=\/wp\/v2\/posts"}],"about":[{"href":"https:\/\/bitacora.eniac2000.com\/index.php?rest_route=\/wp\/v2\/types\/post"}],"author":[{"embeddable":true,"href":"https:\/\/bitacora.eniac2000.com\/index.php?rest_route=\/wp\/v2\/users\/1"}],"replies":[{"embeddable":true,"href":"https:\/\/bitacora.eniac2000.com\/index.php?rest_route=%2Fwp%2Fv2%2Fcomments&post=4795"}],"version-history":[{"count":0,"href":"https:\/\/bitacora.eniac2000.com\/index.php?rest_route=\/wp\/v2\/posts\/4795\/revisions"}],"wp:attachment":[{"href":"https:\/\/bitacora.eniac2000.com\/index.php?rest_route=%2Fwp%2Fv2%2Fmedia&parent=4795"}],"wp:term":[{"taxonomy":"category","embeddable":true,"href":"https:\/\/bitacora.eniac2000.com\/index.php?rest_route=%2Fwp%2Fv2%2Fcategories&post=4795"},{"taxonomy":"post_tag","embeddable":true,"href":"https:\/\/bitacora.eniac2000.com\/index.php?rest_route=%2Fwp%2Fv2%2Ftags&post=4795"},{"taxonomy":"series","embeddable":true,"href":"https:\/\/bitacora.eniac2000.com\/index.php?rest_route=%2Fwp%2Fv2%2Fseries&post=4795"}],"curies":[{"name":"wp","href":"https:\/\/api.w.org\/{rel}","templated":true}]}}