{"id":4811,"date":"2021-05-16T17:55:09","date_gmt":"2021-05-16T16:55:09","guid":{"rendered":"https:\/\/bitacora.eniac2000.com\/?p=4811"},"modified":"2025-10-05T17:12:53","modified_gmt":"2025-10-05T15:12:53","slug":"etapa-ciclista-cangas-faro-de-punta-subrido-14052021","status":"publish","type":"post","link":"https:\/\/bitacora.eniac2000.com\/?p=4811","title":{"rendered":"Etapa ciclista: Cangas &#8211; Faro de Punta Subrido (14\/05\/2021)"},"content":{"rendered":"<p>El viernes 14 de mayo realic\u00e9 con mi cu\u00f1ado Juan una estupenda etapa costera por la Pen\u00ednsula del Morrazo: recorrimos el sendero litoral que va desde Cangas hasta el faro de Punta Subrido, desde donde hay una espectacular vista de la maravilla que son las Islas C\u00edes. Salimos de Cangas un poco pasadas las 17:15h, aprovechando que ese d\u00eda hab\u00eda una pausa entre todas las lluvias que hab\u00edamos tenido a lo largo de la semana, y las que habr\u00edan de venir posteriormente. Callejeamos un poco por el casco urbano de Cangas hasta dar con el carril bici que hay junto al puerto. Dejamos atr\u00e1s el casco urbano para pasar por la zona de las conserveras, primero, y de las viejas factor\u00edas existentes en la zona, entre la que destacaba la vieja f\u00e1brica ballenera de los hermanos Mass\u00f3.<\/p>\n<figure class=\"wp-block-piwigo-gallery-single-image piwigo-single-image\"><a href=\"https:\/\/www.eniac2000.com\/piwigo\/picture.php?\/11217\" target=\"_blank\" rel=\"noopener noreferrer\"><img decoding=\"async\" src=\"https:\/\/www.eniac2000.com\/piwigo\/_data\/i\/galleries\/albums\/ciclismo\/2021-05-14\/IMG_20210514_172916600-me.jpg\" alt=\"IMG 20210514 172916600\" \/><\/a><figcaption><strong>IMG 20210514 172916600<\/strong><\/figcaption><\/figure>\n<p>Desde all\u00ed continuamos hasta la cercana Laguna de Congorza, que es una laguna de agua dulce, justo al lado del mar, donde crece un peculiar alga en la superficie.<\/p>\n<figure class=\"wp-block-piwigo-gallery-single-image piwigo-single-image\"><a href=\"https:\/\/www.eniac2000.com\/piwigo\/picture.php?\/11219\" target=\"_blank\" rel=\"noopener noreferrer\"><img decoding=\"async\" src=\"https:\/\/www.eniac2000.com\/piwigo\/_data\/i\/galleries\/albums\/ciclismo\/2021-05-14\/IMG_20210514_173538238_HDR-me.jpg\" alt=\"IMG 20210514 173538238 HDR\" \/><\/a><figcaption><strong>IMG 20210514 173538238 HDR<\/strong><\/figcaption><\/figure>\n<p>Seguimos por la costa, y el siguiente punto de inter\u00e9s lo constitu\u00eda el t\u00fanel de Areamilla, que permite salvar una zona rocosa, que de otra manera ser\u00eda poco menos que impracticable.<\/p>\n<figure class=\"wp-block-piwigo-gallery-single-image piwigo-single-image\"><a href=\"https:\/\/www.eniac2000.com\/piwigo\/picture.php?\/11221\" target=\"_blank\" rel=\"noopener noreferrer\"><img decoding=\"async\" src=\"https:\/\/www.eniac2000.com\/piwigo\/_data\/i\/galleries\/albums\/ciclismo\/2021-05-14\/IMG_20210514_173918399-me.jpg\" alt=\"IMG 20210514 173918399\" \/><\/a><figcaption><strong>IMG 20210514 173918399<\/strong><\/figcaption><\/figure>\n<p>Seguimos por la costa por un sendero que sub\u00f1ia y bajaba, pero que dejaba a cada momento unas vistas estupendas de la r\u00eda. L\u00e1stima que el d\u00eda estuviera algo cubierto, aunque es cierto que gracias a ello la tarde estaba bastante fresca.<\/p>\n<figure class=\"wp-block-piwigo-gallery-single-image piwigo-single-image\"><a href=\"https:\/\/www.eniac2000.com\/piwigo\/picture.php?\/11223\" target=\"_blank\" rel=\"noopener noreferrer\"><img decoding=\"async\" src=\"https:\/\/www.eniac2000.com\/piwigo\/_data\/i\/galleries\/albums\/ciclismo\/2021-05-14\/IMG_20210514_174547293_-_IMG_20210514_174607753-me.jpg\" alt=\"IMG 20210514 174547293 - IMG 20210514 174607753\" \/><\/a><figcaption><strong>IMG 20210514 174547293 - IMG 20210514 174607753<\/strong><\/figcaption><\/figure>\n<p>Tras un poco de sube y baja, llegamos a un punto interesante: las Furnas. Son un par de aberturas en la roca, algo tierra adentro, hasta las que llega el mar, que ha horadado t\u00faneles desde la l\u00ednea de la costa, y por las que baten las olas cuando la marea est\u00e1 alta. Digno de ver.<\/p>\n<p><iframe loading=\"lazy\" width=\"560\" height=\"315\" src=\"https:\/\/www.youtube.com\/embed\/f2Sn8lOi-xM\" title=\"YouTube video player\" frameborder=\"0\" allow=\"accelerometer; autoplay; clipboard-write; encrypted-media; gyroscope; picture-in-picture\" allowfullscreen><\/iframe><\/p>\n<p>Poco despu\u00e9s se llega a las playas de Santa Marta y Lim\u00e9ns, al final de la cual hay un puente al que tildan de romano (si bien no lo parece) y una buena subida -tambi\u00e9n llamada romana- hasta unas ruinas de una f\u00e1brica de salazones cercana. La subida tiene su miga, pero es asequible. Desde all\u00ed se vuelve a bajar hasta las playas de Temper\u00e1ns y Moscas, sobre las que se pasa por un sendero entre maleza, estrecho, pero realizable. Y que sigue regalando unas vistas estupendas. No se tarda mucho en llegar a un par de zonas bastante comidas de vegetaci\u00f3n, entre las que hay una piscifactor\u00eda. Poco despu\u00e9s se llega a la estupenda sucesi\u00f3n de playas Nerga, Vi\u00f1\u00f3 y Barra. Desde all\u00ed Juan ten\u00eda idea de ir por la l\u00ednea de la bajamar, que asegura que es compacta y por la que se puede rodar, pero llegamos en plena marea alta, por lo que nuestro plan se vio frustrado.<\/p>\n<figure class=\"wp-block-piwigo-gallery-single-image piwigo-single-image\"><a href=\"https:\/\/www.eniac2000.com\/piwigo\/picture.php?\/11228\" target=\"_blank\" rel=\"noopener noreferrer\"><img decoding=\"async\" src=\"https:\/\/www.eniac2000.com\/piwigo\/_data\/i\/galleries\/albums\/ciclismo\/2021-05-14\/IMG_20210514_183153827-me.jpg\" alt=\"IMG 20210514 183153827\" \/><\/a><figcaption><strong>IMG 20210514 183153827<\/strong><\/figcaption><\/figure>\n<p>Ante la tesitura de dar la vuelta, o intentar llegar por otra manera al faro, que ya ve\u00edamos cercano, optamos por lo segundo. Nos adentramos en algunos senderos que pasan por la l\u00ednea de dunas que bordea las playas, para seguir avanzando hacia nuestro objetivo. La arena era abundante, lo que -adem\u00e1s de dificultar sobremanera el rodar- es casi lo peor que le puedes hacer a la mec\u00e1nica de la bici. Pero ya metidos a esas alturas, no era f\u00e1cil renunciar a nuestro objetivo. Llegamos hasta el final de la playa de Barra, en cuyas dunas me comentaba Juan que se cree que se encuentra el viejo pueblo de Barra, sepultado por la arena. Desde la playa, retomamos el sendero costero, que desde all\u00ed ascend\u00eda en plena roca viva hasta casi la punta del cabo, donde se encuentra el faro. Tras una dura subida hasta el aparcamiento del faro, salimos a una pista estupenda que lleva hasta el mismo, que corona Punta Subrido, y que regala una soberbia vista de las Islas C\u00edes.<\/p>\n<p><figure class=\"wp-block-piwigo-gallery-single-image piwigo-single-image\"><a href=\"https:\/\/www.eniac2000.com\/piwigo\/picture.php?\/11231\" target=\"_blank\" rel=\"noopener noreferrer\"><img decoding=\"async\" src=\"https:\/\/www.eniac2000.com\/piwigo\/_data\/i\/galleries\/albums\/ciclismo\/2021-05-14\/IMG_20210514_192733283_-_IMG_20210514_192741117-me.jpg\" alt=\"IMG 20210514 192733283 - IMG 20210514 192741117\" \/><\/a><figcaption><strong>IMG 20210514 192733283 - IMG 20210514 192741117<\/strong><\/figcaption><\/figure><br \/>\n<figure class=\"wp-block-piwigo-gallery-single-image piwigo-single-image\"><a href=\"https:\/\/www.eniac2000.com\/piwigo\/picture.php?\/11237\" target=\"_blank\" rel=\"noopener noreferrer\"><img decoding=\"async\" src=\"https:\/\/www.eniac2000.com\/piwigo\/_data\/i\/galleries\/albums\/ciclismo\/2021-05-14\/IMG_20210514_192832506_HDR-me.jpg\" alt=\"IMG 20210514 192832506 HDR\" \/><\/a><figcaption><strong>IMG 20210514 192832506 HDR<\/strong><\/figcaption><\/figure><br \/>\n<figure class=\"wp-block-piwigo-gallery-single-image piwigo-single-image\"><a href=\"https:\/\/www.eniac2000.com\/piwigo\/picture.php?\/11239\" target=\"_blank\" rel=\"noopener noreferrer\"><img decoding=\"async\" src=\"https:\/\/www.eniac2000.com\/piwigo\/_data\/i\/galleries\/albums\/ciclismo\/2021-05-14\/IMG_20210514_193253686-me.jpg\" alt=\"IMG 20210514 193253686\" \/><\/a><figcaption><strong>IMG 20210514 193253686<\/strong><\/figcaption><\/figure><\/p>\n<p>Entre unas cosas y otras, hab\u00edamos llegado al faro a las 19:25h, tras 40 minutos largos para atravesar las dunas. A ese ritmo, \u00edbamos a estar de vuelta en Cangas cerca de las 22:00h. Y adem\u00e1s, empezaba a lloviznar. Emprendimos la vuelta, en la que por suerte nos respet\u00f3 finalmente la lluvia. Llegamos de nuevo a la playa de Barra, donde tomamos una mala decisi\u00f3n: como la marea ya hab\u00eda bajado un poco, ten\u00edamos una zona de tierra donde bat\u00edan las olas que parec\u00eda firme. Y en efecto, al principio lo estaba, haciendo el rodas bastante m\u00e1s \u00e1gil que la penosa ida que hab\u00edamos sufrido por las dunas.<\/p>\n<p><iframe loading=\"lazy\" width=\"560\" height=\"315\" src=\"https:\/\/www.youtube.com\/embed\/csRUdd_ElIM\" title=\"YouTube video player\" frameborder=\"0\" allow=\"accelerometer; autoplay; clipboard-write; encrypted-media; gyroscope; picture-in-picture\" allowfullscreen><\/iframe><\/p>\n<p>Pero no dur\u00f3 mucho. Pronto la arena se hizo blanda, y nos encontramos clavado en la rompiente de las olas. Si antes dec\u00eda que la arena es casi lo peor que le puedes hacer a la mec\u00e1nica de la bici, el agua salada es lo peor. Y ah\u00ed est\u00e1bamos. Pronto los discos de freno empezaron a chirriar con un lastimero sonido, que no presagiaba nada bueno. Y eso era lo que pod\u00eda o\u00edr. A ojos vistas ve\u00eda el agua salada golpeando toda la delicada estructura de las suspensiones, cadena y cambios. Eso no era nada bueno.<\/p>\n<p>Acabamos saliendo al final de la playa tras un penoso rodar por la arena, tan s\u00f3lo para descubrir que los frenos hab\u00edan perdido toda su eficacia. Las pastillas se hab\u00edan contaminado. Fantabuloso. Seguimos avanzando sin encontrar un triste lugar donde lavar las bicis con algo de agua dulce, hasta llegar de vuelta a la playa de Lim\u00e9ns, donde encontr\u00e9 un grifo en el que pude hacer una primera lavada de la bici. Pude observar c\u00f3mo el freno de disco delantero -el peor de los dos- se encontraba cubierto de una pasta oscura, que parec\u00eda ser de las pastillas desintegr\u00e1ndose. Ya no hab\u00eda remedio, as\u00ed que se trataba de seguir en las mejores condiciones posibles. Pero no era s\u00f3lo mi bici la que sufr\u00eda los efectos del agua. La de Juan tampoco frenaba especialmente bien, pese a que sus frenos eran unos V-Brake convencionales. Eso luego le dar\u00eda un susto en forma de peque\u00f1a ca\u00edda en unos ca\u00f1averales en la playa de Santa Marta. Por suerte, sin mayores percances. El resto del camino fue bastante normal. A diferencia de la ida, tomamos un peque\u00f1o recorte para evitar la vuelta por la laguna de Congorza, y llegamos a Cangas a las 21:25h. Desde all\u00ed me quedaba una hora larga de coche para volver a Forcarey, en cuyo trayecto aprovech\u00e9 para lavar la bici a pistola en una estaci\u00f3n de servicio. No es tampoco espacialmente bueno, pero comparado con la tortura de la playa, era lo mejor que pod\u00eda hacer.<\/p>\n<figure class=\"wp-block-piwigo-gallery-single-image piwigo-single-image\"><a href=\"https:\/\/www.eniac2000.com\/piwigo\/picture.php?\/11241\" target=\"_blank\" rel=\"noopener noreferrer\"><img decoding=\"async\" src=\"https:\/\/www.eniac2000.com\/piwigo\/_data\/i\/galleries\/albums\/ciclismo\/2021-05-14\/IMG_20210515_122904435-me.jpg\" alt=\"IMG 20210515 122904435\" \/><\/a><figcaption><strong>IMG 20210515 122904435<\/strong><\/figcaption><\/figure>\n<p>Aun as\u00ed, a la ma\u00f1ana siguiente, al hacer una revisi\u00f3n de la bici, pude comprobar que las pastillas estaban totalmente contaminadas y en las \u00faltimas, por lo que se impon\u00eda un cambio de las mismas. Aparte, en la cadena ya hab\u00eda empezado a aparecer el \u00f3xido, que tuve que tratar con aceite lubricante y con grasa de litio. As\u00ed que ya sab\u00e9is: recordad que las bicis de monta\u00f1a son para la monta\u00f1a, y no precisamente para la playa. <img src=\"https:\/\/bitacora.eniac2000.com\/wp-includes\/images\/smilies\/mrgreen.png\" alt=\":mrgreen:\" class=\"wp-smiley\" style=\"height: 1em; max-height: 1em;\" \/><\/p>\n<p>Aun as\u00ed, la etapa es totalmente recomendable, siempre que encuentres alguna manera de esquivar la playa y las dunas de Barra. \ud83d\ude00<\/p>\n<p><strong>Datos de la etapa<\/strong><\/p>\n<ul>\n<li><strong>Distancia:<\/strong> 27&#8217;919km<\/li>\n<li><strong>Distancia (seg\u00fan el GPS):<\/strong> 27&#8217;91km<\/li>\n<li><strong>Altitud ascendida:<\/strong> 412m<\/li>\n<li><strong>Tiempo de etapa:<\/strong> 2:49:19<\/li>\n<li><strong>Tiempo desde el inicio de la etapa:<\/strong> 4:06:07<\/li>\n<li><strong>Pulsaciones medias:<\/strong> 141ppm<\/li>\n<li><strong>Pulsaciones m\u00e1ximas:<\/strong> 209ppm<\/li>\n<li><strong>Cadencia media:<\/strong> 57rpm<\/li>\n<li><strong>Cadencia m\u00e1xima:<\/strong> 189rpm<\/li>\n<li><strong>Calor\u00edas consumidas:<\/strong> 3436kcal<\/li>\n<\/ul>\n<p><iframe height='405' width='590' frameborder='0' allowtransparency='true' scrolling='no' src='https:\/\/www.strava.com\/activities\/5297184405\/embed\/333d655e0978279cd6b68c7cfdf12e9dbe7a7c2c'><\/iframe><\/p>\n","protected":false},"excerpt":{"rendered":"<p>El viernes 14 de mayo realic\u00e9 con mi cu\u00f1ado Juan<\/p>\n","protected":false},"author":1,"featured_media":0,"comment_status":"open","ping_status":"open","sticky":false,"template":"","format":"standard","meta":{"advanced_seo_description":"","jetpack_seo_html_title":"","jetpack_seo_noindex":false,"_jetpack_memberships_contains_paid_content":false,"footnotes":"","jetpack_publicize_message":"","jetpack_publicize_feature_enabled":true,"jetpack_social_post_already_shared":false,"jetpack_social_options":{"image_generator_settings":{"template":"highway","default_image_id":0,"font":"","enabled":false},"version":2}},"categories":[24,8],"tags":[315,860,984,1135,1253,1358],"series":[],"class_list":["post-4811","post","type-post","status-publish","format-standard","hentry","category-ciclismo","category-deporte","tag-cangas","tag-islas-cies","tag-limens","tag-mtb","tag-peninsula-del-morrazo","tag-punta-subrido"],"jetpack_publicize_connections":[],"jetpack_featured_media_url":"","jetpack_sharing_enabled":true,"_links":{"self":[{"href":"https:\/\/bitacora.eniac2000.com\/index.php?rest_route=\/wp\/v2\/posts\/4811","targetHints":{"allow":["GET"]}}],"collection":[{"href":"https:\/\/bitacora.eniac2000.com\/index.php?rest_route=\/wp\/v2\/posts"}],"about":[{"href":"https:\/\/bitacora.eniac2000.com\/index.php?rest_route=\/wp\/v2\/types\/post"}],"author":[{"embeddable":true,"href":"https:\/\/bitacora.eniac2000.com\/index.php?rest_route=\/wp\/v2\/users\/1"}],"replies":[{"embeddable":true,"href":"https:\/\/bitacora.eniac2000.com\/index.php?rest_route=%2Fwp%2Fv2%2Fcomments&post=4811"}],"version-history":[{"count":0,"href":"https:\/\/bitacora.eniac2000.com\/index.php?rest_route=\/wp\/v2\/posts\/4811\/revisions"}],"wp:attachment":[{"href":"https:\/\/bitacora.eniac2000.com\/index.php?rest_route=%2Fwp%2Fv2%2Fmedia&parent=4811"}],"wp:term":[{"taxonomy":"category","embeddable":true,"href":"https:\/\/bitacora.eniac2000.com\/index.php?rest_route=%2Fwp%2Fv2%2Fcategories&post=4811"},{"taxonomy":"post_tag","embeddable":true,"href":"https:\/\/bitacora.eniac2000.com\/index.php?rest_route=%2Fwp%2Fv2%2Ftags&post=4811"},{"taxonomy":"series","embeddable":true,"href":"https:\/\/bitacora.eniac2000.com\/index.php?rest_route=%2Fwp%2Fv2%2Fseries&post=4811"}],"curies":[{"name":"wp","href":"https:\/\/api.w.org\/{rel}","templated":true}]}}