{"id":4815,"date":"2021-06-04T17:08:42","date_gmt":"2021-06-04T16:08:42","guid":{"rendered":"https:\/\/bitacora.eniac2000.com\/?p=4815"},"modified":"2025-10-05T17:12:53","modified_gmt":"2025-10-05T15:12:53","slug":"etapa-ciclista-forcarey-acivedo-neveras-de-fixo-28052021","status":"publish","type":"post","link":"https:\/\/bitacora.eniac2000.com\/?p=4815","title":{"rendered":"Etapa ciclista: Forcarey &#8211; Acivedo &#8211; Neveras de Fix\u00f3 (28\/05\/2021)"},"content":{"rendered":"<p>El viernes 28 de mayo realic\u00e9 una etapa con mi cu\u00f1ado Juan por las cercan\u00edas de Forcarey. Salimos pasadas las 17:15h, bajando desde Forcarey a Ponte por el camino viejo. Desde all\u00ed fuimos a Casanova, para tomar el camino que sale a la carretera de Cachafeiro. A continuaci\u00f3n atravesamos Cachafeiro, haciendo una peque\u00f1a parada en el \u00e1rea recreativa de A Freixeira.<\/p>\n<p><figure class=\"wp-block-piwigo-gallery-single-image piwigo-single-image\"><a href=\"https:\/\/www.eniac2000.com\/piwigo\/picture.php?\/11479\" target=\"_blank\" rel=\"noopener noreferrer\"><img decoding=\"async\" src=\"https:\/\/www.eniac2000.com\/piwigo\/_data\/i\/galleries\/albums\/ciclismo\/20210528-neveras_fixo\/WhatsApp_Image_2021-05-29_at_09_05_24-me.jpeg\" alt=\"WhatsApp Image 2021-05-29 at 09 05 24\" \/><\/a><figcaption><strong>WhatsApp Image 2021-05-29 at 09 05 24<\/strong><\/figcaption><\/figure><br \/>\n<figure class=\"wp-block-piwigo-gallery-single-image piwigo-single-image\"><a href=\"https:\/\/www.eniac2000.com\/piwigo\/picture.php?\/11463\" target=\"_blank\" rel=\"noopener noreferrer\"><img decoding=\"async\" src=\"https:\/\/www.eniac2000.com\/piwigo\/_data\/i\/galleries\/albums\/ciclismo\/20210528-neveras_fixo\/IMG_20210528_174112310_HDR-me.jpg\" alt=\"IMG 20210528 174112310 HDR\" \/><\/a><figcaption><strong>IMG 20210528 174112310 HDR<\/strong><\/figcaption><\/figure><\/p>\n<p>Dejamos atr\u00e1s el \u00e1rea recreativa para dirigirnos por una corredoira hasta Acivedo. Esta corredoira forma parte del camino de la Geira Romana y de los Arrieros, y pese a este detalle, no se encuentra en muy buen estado. Cuando pasamos nosotros se encontraba muy cerrada de vegetaci\u00f3n, y con abundante agua corriendo por todo el recorrido de la misma, que en determinados lugares provocaba la existencia de barrizales. Poco antes de entrar en Acivedo nos encontramos con una se\u00f1ora, que nos coment\u00f3 que ambos problemas eran uno mismo: la falta de gente que mantuviera limpios los caminos y los cauces de agua laterales al camino, que se acababan colmatando y haciendo que el agua corriera sobre \u00e9ste. Una pena, pero completamente real.<\/p>\n<p>Dejamos atr\u00e1s Acivedo por carretera, y alcanzamos Vilar. All\u00ed cruzamos la carretera de Soutelo, y empezamos un ascenso hacia Fix\u00f3. La idea era tomar poco despu\u00e9s un camino para salir de la carretera, pero pudimos comprobar que tambi\u00e9n se encontraba lleno de maleza, por lo que optamos por seguir por carretera. Una vez ya en Fix\u00f3, tan s\u00f3lo tuvimos que seguir las indicaciones para subir a las Neveras, por una exigente pista que ya hab\u00eda transitado hace unos meses. Una vez llegamos al parque e\u00f3lico, no tardamos en dirigirnos a las Neveras, donde estuvimos un rato echando fotograf\u00edas.<\/p>\n<p><figure class=\"wp-block-piwigo-gallery-single-image piwigo-single-image\"><a href=\"https:\/\/www.eniac2000.com\/piwigo\/picture.php?\/11466\" target=\"_blank\" rel=\"noopener noreferrer\"><img decoding=\"async\" src=\"https:\/\/www.eniac2000.com\/piwigo\/_data\/i\/galleries\/albums\/ciclismo\/20210528-neveras_fixo\/IMG_20210528_191249643_HDR-me.jpg\" alt=\"IMG 20210528 191249643 HDR\" \/><\/a><figcaption><strong>IMG 20210528 191249643 HDR<\/strong><\/figcaption><\/figure><br \/>\n<figure class=\"wp-block-piwigo-gallery-single-image piwigo-single-image\"><a href=\"https:\/\/www.eniac2000.com\/piwigo\/picture.php?\/11464\" target=\"_blank\" rel=\"noopener noreferrer\"><img decoding=\"async\" src=\"https:\/\/www.eniac2000.com\/piwigo\/_data\/i\/galleries\/albums\/ciclismo\/20210528-neveras_fixo\/IMG_20210528_190202155-me.jpg\" alt=\"IMG 20210528 190202155\" \/><\/a><figcaption><strong>IMG 20210528 190202155<\/strong><\/figcaption><\/figure><br \/>\n<figure class=\"wp-block-piwigo-gallery-single-image piwigo-single-image\"><a href=\"https:\/\/www.eniac2000.com\/piwigo\/picture.php?\/11470\" target=\"_blank\" rel=\"noopener noreferrer\"><img decoding=\"async\" src=\"https:\/\/www.eniac2000.com\/piwigo\/_data\/i\/galleries\/albums\/ciclismo\/20210528-neveras_fixo\/WhatsApp_Image_2021-05-28_at_20_43_37__3_-me.jpeg\" alt=\"WhatsApp Image 2021-05-28 at 20 43 37  3 \" \/><\/a><figcaption><strong>WhatsApp Image 2021-05-28 at 20 43 37  3 <\/strong><\/figcaption><\/figure><br \/>\n<figure class=\"wp-block-piwigo-gallery-single-image piwigo-single-image\"><a href=\"https:\/\/www.eniac2000.com\/piwigo\/picture.php?\/11477\" target=\"_blank\" rel=\"noopener noreferrer\"><img decoding=\"async\" src=\"https:\/\/www.eniac2000.com\/piwigo\/_data\/i\/galleries\/albums\/ciclismo\/20210528-neveras_fixo\/WhatsApp_Image_2021-05-29_at_09_05_00-me.jpeg\" alt=\"WhatsApp Image 2021-05-29 at 09 05 00\" \/><\/a><figcaption><strong>WhatsApp Image 2021-05-29 at 09 05 00<\/strong><\/figcaption><\/figure><\/p>\n<p>Volvimos sobre nuestros pasos, para tomar la pista que asciende a lo alto del parque e\u00f3lico, con idea de descender luego hacia Loureiro y pasar por su impresionante castro.<\/p>\n<p><figure class=\"wp-block-piwigo-gallery-single-image piwigo-single-image\"><a href=\"https:\/\/www.eniac2000.com\/piwigo\/picture.php?\/11468\" target=\"_blank\" rel=\"noopener noreferrer\"><img decoding=\"async\" src=\"https:\/\/www.eniac2000.com\/piwigo\/_data\/i\/galleries\/albums\/ciclismo\/20210528-neveras_fixo\/WhatsApp_Image_2021-05-28_at_20_43_37__1_-me.jpeg\" alt=\"WhatsApp Image 2021-05-28 at 20 43 37  1 \" \/><\/a><figcaption><strong>WhatsApp Image 2021-05-28 at 20 43 37  1 <\/strong><\/figcaption><\/figure><br \/>\n<figure class=\"wp-block-piwigo-gallery-single-image piwigo-single-image\"><a href=\"https:\/\/www.eniac2000.com\/piwigo\/picture.php?\/11475\" target=\"_blank\" rel=\"noopener noreferrer\"><img decoding=\"async\" src=\"https:\/\/www.eniac2000.com\/piwigo\/_data\/i\/galleries\/albums\/ciclismo\/20210528-neveras_fixo\/WhatsApp_Image_2021-05-29_at_09_04_36-me.jpeg\" alt=\"WhatsApp Image 2021-05-29 at 09 04 36\" \/><\/a><figcaption><strong>WhatsApp Image 2021-05-29 at 09 04 36<\/strong><\/figcaption><\/figure><\/p>\n<p>&#8230;sin embargo, al salir a la carretera de Lal\u00edn, nos dimos cuenta de que se nos hab\u00eda echado el tiempo encima, por lo que optamos por recortar. Volvimos a Cachafeiro bajando por la carretera. Una bajada divertida y a gran velocidad. Poco antes de entrar en Cachafeiro, nos desviamos a la derecha, para enlazar con Casanova, y desde all\u00ed bajar hasta el L\u00e9rez, para emprender la \u00faltima subida, de vuelta a Forcarey.<\/p>\n<p><strong>Datos de la etapa<\/strong><\/p>\n<ul>\n<li><strong>Distancia:<\/strong> 26&#8217;353km<\/li>\n<li><strong>Distancia (seg\u00fan el GPS):<\/strong> 26&#8217;35km<\/li>\n<li><strong>Altitud ascendida:<\/strong> 614m<\/li>\n<li><strong>Tiempo de etapa:<\/strong> 2:01:06<\/li>\n<li><strong>Tiempo desde el inicio de la etapa:<\/strong> 2:48:58<\/li>\n<li><strong>Pulsaciones medias:<\/strong> 142ppm<\/li>\n<li><strong>Pulsaciones m\u00e1ximas:<\/strong> 199ppm<\/li>\n<li><strong>Cadencia media:<\/strong> 59rpm<\/li>\n<li><strong>Cadencia m\u00e1xima:<\/strong> 103rpm<\/li>\n<li><strong>Calor\u00edas consumidas:<\/strong> 2376kcal<\/li>\n<\/ul>\n<p><iframe height='405' width='590' frameborder='0' allowtransparency='true' scrolling='no' src='https:\/\/www.strava.com\/activities\/5373118916\/embed\/b662727136bda8c598b3eb408d165b406493684e'><\/iframe><\/p>\n","protected":false},"excerpt":{"rendered":"<p>El viernes 28 de mayo realic\u00e9 una etapa con mi<\/p>\n","protected":false},"author":1,"featured_media":0,"comment_status":"open","ping_status":"open","sticky":false,"template":"","format":"standard","meta":{"advanced_seo_description":"","jetpack_seo_html_title":"","jetpack_seo_noindex":false,"_jetpack_memberships_contains_paid_content":false,"footnotes":"","jetpack_publicize_message":"","jetpack_publicize_feature_enabled":true,"jetpack_social_post_already_shared":false,"jetpack_social_options":{"image_generator_settings":{"template":"highway","default_image_id":0,"font":"","enabled":false},"version":2}},"categories":[24,8],"tags":[38,44,274,674,683,1135,1167],"series":[],"class_list":["post-4815","post","type-post","status-publish","format-standard","hentry","category-ciclismo","category-deporte","tag-a-freixeira","tag-acivedo","tag-cachafeiro","tag-fixo","tag-forcarey","tag-mtb","tag-neveras-de-fixo"],"jetpack_publicize_connections":[],"jetpack_featured_media_url":"","jetpack_sharing_enabled":true,"_links":{"self":[{"href":"https:\/\/bitacora.eniac2000.com\/index.php?rest_route=\/wp\/v2\/posts\/4815","targetHints":{"allow":["GET"]}}],"collection":[{"href":"https:\/\/bitacora.eniac2000.com\/index.php?rest_route=\/wp\/v2\/posts"}],"about":[{"href":"https:\/\/bitacora.eniac2000.com\/index.php?rest_route=\/wp\/v2\/types\/post"}],"author":[{"embeddable":true,"href":"https:\/\/bitacora.eniac2000.com\/index.php?rest_route=\/wp\/v2\/users\/1"}],"replies":[{"embeddable":true,"href":"https:\/\/bitacora.eniac2000.com\/index.php?rest_route=%2Fwp%2Fv2%2Fcomments&post=4815"}],"version-history":[{"count":0,"href":"https:\/\/bitacora.eniac2000.com\/index.php?rest_route=\/wp\/v2\/posts\/4815\/revisions"}],"wp:attachment":[{"href":"https:\/\/bitacora.eniac2000.com\/index.php?rest_route=%2Fwp%2Fv2%2Fmedia&parent=4815"}],"wp:term":[{"taxonomy":"category","embeddable":true,"href":"https:\/\/bitacora.eniac2000.com\/index.php?rest_route=%2Fwp%2Fv2%2Fcategories&post=4815"},{"taxonomy":"post_tag","embeddable":true,"href":"https:\/\/bitacora.eniac2000.com\/index.php?rest_route=%2Fwp%2Fv2%2Ftags&post=4815"},{"taxonomy":"series","embeddable":true,"href":"https:\/\/bitacora.eniac2000.com\/index.php?rest_route=%2Fwp%2Fv2%2Fseries&post=4815"}],"curies":[{"name":"wp","href":"https:\/\/api.w.org\/{rel}","templated":true}]}}