{"id":4841,"date":"2021-07-21T18:39:55","date_gmt":"2021-07-21T17:39:55","guid":{"rendered":"https:\/\/bitacora.eniac2000.com\/?p=4841"},"modified":"2021-07-21T18:39:55","modified_gmt":"2021-07-21T17:39:55","slug":"centenario-del-desastre-de-annual","status":"publish","type":"post","link":"https:\/\/bitacora.eniac2000.com\/?p=4841","title":{"rendered":"Centenario del Desastre de Annual"},"content":{"rendered":"<p>Tal d\u00eda como hoy, hace 100 a\u00f1os, aconteci\u00f3 el mayor desastre militar moderno del Ej\u00e9rcito Espa\u00f1ol, durante las labores de toma de control del Protectorado del norte de Marruecos, conocido como el <a href=\"https:\/\/es.wikipedia.org\/wiki\/Desastre_de_Annual\" target=\"_blank\">Desastre de Annual<\/a>. Este hecho fue el punto de partida de una serie de desastres que se fueron encadenando en Espa\u00f1a: golpe de estado y dictadura de Primo de Rivera (dado en parte para tapar la implicaci\u00f3n del Rey Alfonso XIII que se iba a desvelar durante la presentaci\u00f3n en cortes del Expediente Picasso, que investig\u00f3 la responsabilidad del Desastre), advenimiento de la Segunda Rep\u00fablica, per\u00edodo de esperanza pero tremendamente inestable, que devino en el Alzamiento de 1934, y el tr\u00e1gico estallido de la Guerra Civil, y la posterior dictadura del General Franco, precisamente un africanista.<\/p>\n<p>Y en referencia al Expediente Picasso, se encuentra digitalizado y es posible <a href=\"http:\/\/pares.mcu.es\/ParesBusquedas20\/catalogo\/contiene\/6831854\" target=\"_blank\">consultarlo en l\u00ednea<\/a>. Estremecen estos tres telegramas:<\/p>\n<p>El primero, del General Silvestre, Comandante General de Melilla, y jefe de las operaciones que se estaban llevando a cabo:<\/p>\n<figure id=\"attachment_4844\" aria-describedby=\"caption-attachment-4844\" style=\"width: 284px\" class=\"wp-caption aligncenter\"><a href=\"https:\/\/bitacora.eniac2000.com\/wp-content\/uploads\/2021\/07\/32041430.jpg\"><img loading=\"lazy\" decoding=\"async\" src=\"https:\/\/bitacora.eniac2000.com\/wp-content\/uploads\/2021\/07\/32041430-284x400.jpg\" alt=\"Telegrama del 21 de julio a las 19:30h del General Silvestre\" title=\"Telegrama del 21 de julio a las 19:30h del General Silvestre\" width=\"284\" height=\"400\" class=\"size-medium wp-image-4844\" \/><\/a><figcaption id=\"caption-attachment-4844\" class=\"wp-caption-text\">Telegrama del 21 de julio a las 19:30h del General Silvestre<\/figcaption><\/figure>\n<p>&#8230;en el que se informa de la evacuaci\u00f3n de Annual en t\u00e9rminos como estos:<\/p>\n<blockquote><p>&#8230;y ante la imposibilidad [de] conseguirlo orden\u00e9 evacuaci\u00f3n acogi\u00e9ndose protecci\u00f3n mayor parte guarnici\u00f3n despu\u00e9s de inutilizar material.- Jefes y Oficiales muertos en alambrada suicidados. Retirada muy sangrienta, recogiendo fuerzas, repito mayor\u00eda territorio, en Anual, donde me quedo con las mismas, completamente rodeado por enemigo: debido situaci\u00f3n grav\u00edsima y angustiosa me es urgent\u00edsimo env\u00edo de dos divisiones con todos elementos.- Intentar\u00e9 toda clase [de] esfuerzos para conseguir salir [de] esta dificil\u00edsima situaci\u00f3n que desconf\u00edo por tener cotadas comunicaciones, no cesando peticiones inmediatas pedirme auxilios que yo necesito.<\/p><\/blockquote>\n<p>El segundo, tambi\u00e9n del General Silvestre, a las 4:55h del 22 de julio:<\/p>\n<figure id=\"attachment_4843\" aria-describedby=\"caption-attachment-4843\" style=\"width: 252px\" class=\"wp-caption aligncenter\"><a href=\"https:\/\/bitacora.eniac2000.com\/wp-content\/uploads\/2021\/07\/32041432.jpg\"><img loading=\"lazy\" decoding=\"async\" src=\"https:\/\/bitacora.eniac2000.com\/wp-content\/uploads\/2021\/07\/32041432-252x400.jpg\" alt=\"Telegrama del 22 de julio a las 4:55h, del General Silvestre\" title=\"Telegrama del 22 de julio a las 4:55h, del General Silvestre\" width=\"252\" height=\"400\" class=\"size-medium wp-image-4843\" \/><\/a><figcaption id=\"caption-attachment-4843\" class=\"wp-caption-text\">Telegrama del 22 de julio a las 4:55h, del General Silvestre<\/figcaption><\/figure>\n<p>&#8230;en el que reitera su grave situaci\u00f3n, sin agua ni municiones, e informa de que intentar\u00e1 retirarse de Annual:<\/p>\n<blockquote><p>(&#8230;) me hace suponer [que] no he acertado a dar a V.E. idea exacta [de la] situaci\u00f3n en que [se] hallan mis tropas en Anual, constantemente hostilizadas, aguadas que habr\u00e1n de ser sangrientas, cortada por el enemigo mi l\u00ednea de abastecimiento y de evacuaci\u00f3n de bajas, no dispongo otras municiones m\u00e1s que para un combate y resoluci\u00f3n comprometid\u00edsima que tomar\u00e9, aceptando toda responsabilidad, teniendo en principio idea de retirarme a Buynsa, Bentrieb y Beni-Said, recogiendo antes posiciones que me sea posible, en donde esperar\u00e9 los refuerzos que V.E. me env\u00ede.<\/p><\/blockquote>\n<p>Y, por \u00faltimo, el telegrama del Coronel Jefe de Estado Mayor, del 22 de Julio a las 17:50h:<\/p>\n<figure id=\"attachment_4842\" aria-describedby=\"caption-attachment-4842\" style=\"width: 325px\" class=\"wp-caption aligncenter\"><a href=\"https:\/\/bitacora.eniac2000.com\/wp-content\/uploads\/2021\/07\/32041438.jpg\"><img loading=\"lazy\" decoding=\"async\" src=\"https:\/\/bitacora.eniac2000.com\/wp-content\/uploads\/2021\/07\/32041438-325x400.jpg\" alt=\"Telegrama del 22 de julio a las 17:50h del Coronel Jefe de Estado Mayor\" title=\"Telegrama del 22 de julio a las 17:50h del Coronel Jefe de Estado Mayor\" width=\"325\" height=\"400\" class=\"size-medium wp-image-4842\" \/><\/a><figcaption id=\"caption-attachment-4842\" class=\"wp-caption-text\">Telegrama del 22 de julio a las 17:50h del Coronel Jefe de Estado Mayor<\/figcaption><\/figure>\n<p>&#8230;informando del suicidio del General Silvestre:<\/p>\n<blockquote><p>Tengo [el] sentimiento [de] participar a V.E. que seg\u00fan me comunica [el] hijo [del] Comandante general, acaba su padre General Silvestre de suicidarse al evacuar [el] campamento [de] Anual.<\/p><\/blockquote>\n<p>Escalofriante, aunque no menos que los 13.500 muertos por el lado espa\u00f1ol en los combates, tanto en Annual como en Monte Arruit, torturados y degollados por los rife\u00f1os tras su rendici\u00f3n.<\/p>\n","protected":false},"excerpt":{"rendered":"<p>Tal d\u00eda como hoy, hace 100 a\u00f1os, aconteci\u00f3 el mayor<\/p>\n","protected":false},"author":1,"featured_media":0,"comment_status":"open","ping_status":"open","sticky":false,"template":"","format":"standard","meta":{"advanced_seo_description":"","jetpack_seo_html_title":"","jetpack_seo_noindex":false,"_jetpack_memberships_contains_paid_content":false,"footnotes":"","jetpack_publicize_message":"","jetpack_publicize_feature_enabled":true,"jetpack_social_post_already_shared":false,"jetpack_social_options":{"image_generator_settings":{"template":"highway","default_image_id":0,"font":"","enabled":false},"version":2}},"categories":[11],"tags":[109,721,1115],"series":[],"class_list":["post-4841","post","type-post","status-publish","format-standard","hentry","category-historia","tag-annual","tag-general-silvestre","tag-monte-arruit"],"jetpack_publicize_connections":[],"jetpack_featured_media_url":"","jetpack_sharing_enabled":true,"_links":{"self":[{"href":"https:\/\/bitacora.eniac2000.com\/index.php?rest_route=\/wp\/v2\/posts\/4841","targetHints":{"allow":["GET"]}}],"collection":[{"href":"https:\/\/bitacora.eniac2000.com\/index.php?rest_route=\/wp\/v2\/posts"}],"about":[{"href":"https:\/\/bitacora.eniac2000.com\/index.php?rest_route=\/wp\/v2\/types\/post"}],"author":[{"embeddable":true,"href":"https:\/\/bitacora.eniac2000.com\/index.php?rest_route=\/wp\/v2\/users\/1"}],"replies":[{"embeddable":true,"href":"https:\/\/bitacora.eniac2000.com\/index.php?rest_route=%2Fwp%2Fv2%2Fcomments&post=4841"}],"version-history":[{"count":0,"href":"https:\/\/bitacora.eniac2000.com\/index.php?rest_route=\/wp\/v2\/posts\/4841\/revisions"}],"wp:attachment":[{"href":"https:\/\/bitacora.eniac2000.com\/index.php?rest_route=%2Fwp%2Fv2%2Fmedia&parent=4841"}],"wp:term":[{"taxonomy":"category","embeddable":true,"href":"https:\/\/bitacora.eniac2000.com\/index.php?rest_route=%2Fwp%2Fv2%2Fcategories&post=4841"},{"taxonomy":"post_tag","embeddable":true,"href":"https:\/\/bitacora.eniac2000.com\/index.php?rest_route=%2Fwp%2Fv2%2Ftags&post=4841"},{"taxonomy":"series","embeddable":true,"href":"https:\/\/bitacora.eniac2000.com\/index.php?rest_route=%2Fwp%2Fv2%2Fseries&post=4841"}],"curies":[{"name":"wp","href":"https:\/\/api.w.org\/{rel}","templated":true}]}}