{"id":4962,"date":"2022-03-20T17:39:39","date_gmt":"2022-03-20T16:39:39","guid":{"rendered":"https:\/\/bitacora.eniac2000.com\/?p=4962"},"modified":"2025-10-05T17:12:53","modified_gmt":"2025-10-05T15:12:53","slug":"etapa-ciclista-forcarey-neveras-de-fixo-alto-de-candan-monasterio-de-aciveiro-19022022","status":"publish","type":"post","link":"https:\/\/bitacora.eniac2000.com\/?p=4962","title":{"rendered":"Etapa ciclista: Forcarey &#8211; Neveras de Fix\u00f3 &#8211; Alto de Cand\u00e1n &#8211; Monasterio de Aciveiro (19\/02\/2022)"},"content":{"rendered":"<p>El s\u00e1bado 19 de febrero de 2022 realic\u00e9 una nueva etapa ciclista por las cercan\u00edas de Forcarey. Sal\u00ed un poco pasadas las 9:00h de Forcarey, descendiendo por carretera hasta el L\u00e9rez, y subir de nuevo hasta Cachafeiro. Hac\u00eda un fr\u00edo intenso, la temperatura no llegaba a 1\u00baC, y con la humedad del r\u00edo se hac\u00eda notar a\u00fan m\u00e1s. Pasado Cachafeiro, segu\u00ed por carretera camino de Fix\u00f3, con la idea de subir a las neveras, a donde llegu\u00e9 en torno a las 10:00h. El fr\u00edo segu\u00eda siendo intenso, y pese a no haber nieve porque el d\u00eda se encontraba totalmente despejado, s\u00ed era posible encontrar abundante escarcha. <\/p>\n<figure class=\"wp-block-piwigo-gallery-single-image piwigo-single-image\"><a href=\"https:\/\/www.eniac2000.com\/piwigo\/picture.php?\/11715\" target=\"_blank\" rel=\"noopener noreferrer\"><img decoding=\"async\" src=\"https:\/\/www.eniac2000.com\/piwigo\/_data\/i\/galleries\/albums\/ciclismo\/20220219-fixo-candan-aciveiro\/IMG_20220219_101447882_HDR-me.jpg\" alt=\"IMG 20220219 101447882 HDR\" \/><\/a><figcaption><strong>IMG 20220219 101447882 HDR<\/strong><\/figcaption><\/figure>\n<p>Y llegados a este punto, hice estreno de la nueva c\u00e1mara de mejor calidad (me niego a llamarla 4K, por mucho que digan las especificaciones) que recientemente hab\u00eda incorporado a mi dron. El estreno iba a ser bastante bonito:<\/p>\n<p><iframe loading=\"lazy\" width=\"560\" height=\"315\" src=\"https:\/\/www.youtube.com\/embed\/FrFPv-u1Rvw\" title=\"YouTube video player\" frameborder=\"0\" allow=\"accelerometer; autoplay; clipboard-write; encrypted-media; gyroscope; picture-in-picture\" allowfullscreen><\/iframe><\/p>\n<p>Terminada la grabaci\u00f3n, continu\u00e9 mi camino, ascendiendo por las pistas del parque e\u00f3lico de Masgal\u00e1n, camino de enlazar con el monasterio de Aciveiro. La idea inicial ir hasta La Noveliza, y desde all\u00ed bajar al monasterio, pero ya que estaba all\u00ed arriba, sent\u00ed la llamada del Alto de Cand\u00e1n, y no me pude resistir a subir, pese a que el viento se empezaba a hacer notar, cortando de una manera bastante desagradable. Por fortuna, el terreno pronto se puso a prestarme ayuda, haci\u00e9ndome entrar en calor con rampas del 15% para subir hasta los algo m\u00e1s de 1000 metros de altitud del monte. Una estupenda manera de quitarte el fr\u00edo, la verdad. <img src=\"https:\/\/bitacora.eniac2000.com\/wp-includes\/images\/smilies\/mrgreen.png\" alt=\":mrgreen:\" class=\"wp-smiley\" style=\"height: 1em; max-height: 1em;\" \/><\/p>\n<figure class=\"wp-block-piwigo-gallery-single-image piwigo-single-image\"><a href=\"https:\/\/www.eniac2000.com\/piwigo\/picture.php?\/11717\" target=\"_blank\" rel=\"noopener noreferrer\"><img decoding=\"async\" src=\"https:\/\/www.eniac2000.com\/piwigo\/_data\/i\/galleries\/albums\/ciclismo\/20220219-fixo-candan-aciveiro\/IMG_20220219_105538741_HDR-me.jpg\" alt=\"IMG 20220219 105538741 HDR\" \/><\/a><figcaption><strong>IMG 20220219 105538741 HDR<\/strong><\/figcaption><\/figure>\n<p>Llegu\u00e9 al alto al filo de las las 11:00h, y fui recibido con algunas flores de hielo repartidas entre la maleza. <\/p>\n<figure class=\"wp-block-piwigo-gallery-single-image piwigo-single-image\"><a href=\"https:\/\/www.eniac2000.com\/piwigo\/picture.php?\/11718\" target=\"_blank\" rel=\"noopener noreferrer\"><img decoding=\"async\" src=\"https:\/\/www.eniac2000.com\/piwigo\/_data\/i\/galleries\/albums\/ciclismo\/20220219-fixo-candan-aciveiro\/IMG_20220219_105716924_HDR-me.jpg\" alt=\"IMG 20220219 105716924 HDR\" \/><\/a><figcaption><strong>IMG 20220219 105716924 HDR<\/strong><\/figcaption><\/figure>\n<p>Al llegar al pie del v\u00e9rtice geod\u00e9sico, observ\u00e9 que en una peque\u00f1a hendidura natural alguien hab\u00eda depositado algunas banderas. Desconozco el uso o quien las pudo haber dejado, pero no se encontraban en mal estado ni deterioradas. Muy llamativo. Consider\u00e9 hacer algunas tomas con el dron en el Alto, pero el viento lo desaconsejaba, as\u00ed que me limit\u00e9 a contemplar las vistas, sacar algunas fotos, y repartir frenadoles a las cabras montesas. <img src=\"https:\/\/bitacora.eniac2000.com\/wp-includes\/images\/smilies\/mrgreen.png\" alt=\":mrgreen:\" class=\"wp-smiley\" style=\"height: 1em; max-height: 1em;\" \/> Bueno, esto \u00faltimo no, pero con el fr\u00edo que hac\u00eda, no hubiera sido disparatado.<\/p>\n<figure class=\"wp-block-piwigo-gallery-single-image piwigo-single-image\"><a href=\"https:\/\/www.eniac2000.com\/piwigo\/picture.php?\/11721\" target=\"_blank\" rel=\"noopener noreferrer\"><img decoding=\"async\" src=\"https:\/\/www.eniac2000.com\/piwigo\/_data\/i\/galleries\/albums\/ciclismo\/20220219-fixo-candan-aciveiro\/IMG_20220219_105950040_HDR-me.jpg\" alt=\"IMG 20220219 105950040 HDR\" \/><\/a><figcaption><strong>IMG 20220219 105950040 HDR<\/strong><\/figcaption><\/figure>\n<figure class=\"wp-block-piwigo-gallery-single-image piwigo-single-image\"><a href=\"https:\/\/www.eniac2000.com\/piwigo\/picture.php?\/11728\" target=\"_blank\" rel=\"noopener noreferrer\"><img decoding=\"async\" src=\"https:\/\/www.eniac2000.com\/piwigo\/_data\/i\/galleries\/albums\/ciclismo\/20220219-fixo-candan-aciveiro\/IMG_20220219_110136949_HDR-me.jpg\" alt=\"IMG 20220219 110136949 HDR\" \/><\/a><figcaption><strong>IMG 20220219 110136949 HDR<\/strong><\/figcaption><\/figure>\n<figure class=\"wp-block-piwigo-gallery-single-image piwigo-single-image\"><a href=\"https:\/\/www.eniac2000.com\/piwigo\/picture.php?\/11730\" target=\"_blank\" rel=\"noopener noreferrer\"><img decoding=\"async\" src=\"https:\/\/www.eniac2000.com\/piwigo\/_data\/i\/galleries\/albums\/ciclismo\/20220219-fixo-candan-aciveiro\/IMG_20220219_110415898-me.jpg\" alt=\"IMG 20220219 110415898\" \/><\/a><figcaption><strong>IMG 20220219 110415898<\/strong><\/figcaption><\/figure>\n<p>&#8230;y es que, aunque el term\u00f3metro indicara 3.6\u00baC, el viento no conced\u00eda tregua, y hac\u00eda la que el estar ah\u00ed se empezara a hacer desagradable. Satisfactorio, pero desagradable. Terminado el rato de descanso, mont\u00e9 otra vez sobre la bici, y me pise a descender hacia La Noveliza. Una bajada r\u00e1pida y divertida, con apenas una parada para buscar, de nuevo de manera infructuosa, los restos de la Ermita de San Benito que se encuentran en la zona. En fin. Llegado a la carretera, avanc\u00e9 un poco hacia La Rochela, antes de desviarme a la izquierda, y tomar la pista que lleva al Monasterio, pasando de nuevo sobre el r\u00edo L\u00e9rez, apenas un regato, ya que tiene su nacimiento a los pies -precisamente- de la desaparecida ermita. Continu\u00e9 un rato en suave ascenso, y luego en descenso, para desviarme a la izquierda, camino de Vilaverde, y finalmente el Monasterio. All\u00ed emple\u00e9 un rato grabando con el dron, antes de emprender de nuevo la marcha.<\/p>\n<figure class=\"wp-block-piwigo-gallery-single-image piwigo-single-image\"><a href=\"https:\/\/www.eniac2000.com\/piwigo\/picture.php?\/11731\" target=\"_blank\" rel=\"noopener noreferrer\"><img decoding=\"async\" src=\"https:\/\/www.eniac2000.com\/piwigo\/_data\/i\/galleries\/albums\/ciclismo\/20220219-fixo-candan-aciveiro\/IMG_20220219_113505409-me.jpg\" alt=\"IMG 20220219 113505409\" \/><\/a><figcaption><strong>IMG 20220219 113505409<\/strong><\/figcaption><\/figure>\n<p><iframe loading=\"lazy\" width=\"560\" height=\"315\" src=\"https:\/\/www.youtube.com\/embed\/b7GqzyNVHyc\" title=\"YouTube video player\" frameborder=\"0\" allow=\"accelerometer; autoplay; clipboard-write; encrypted-media; gyroscope; picture-in-picture\" allowfullscreen><\/iframe><\/p>\n<p>Dej\u00e9 atr\u00e1s el monasterio, volviendo un poco sobre mis pasos, para salir a la carretera de Cachafeiro. Segu\u00ed un rato por la pista que va en paralelo a la misma, hasta llegar a la altura de una explotaci\u00f3n ganadera, donde tom\u00e9 la pista que desciende hasta Vali\u00f1as. Despu\u00e9s, llegu\u00e9 a la carretera que lleva a Loureiro, donde me desvi\u00e9 a la derecha, para pasar junto al Castro de Loureiro, y bajar hasta Pontemaril. Pas\u00e9 por Espindo, y segu\u00ed camino de Cachafeiro, hasta llegar a la pista que, a mano derecha, sale hacia Casanova. Pas\u00e9 por \u00faltima vez en el d\u00eda sobre el L\u00e9rez, y sub\u00ed a Forcarey por carretera, a donde llegu\u00e9 a las 12:35, tras haber recorrido algo m\u00e1s de 33 kil\u00f3metros.<\/p>\n<p><strong>Datos de la etapa:<\/strong><\/p>\n<ul>\n<li><strong>Distancia:<\/strong> 33&#8217;391km<\/li>\n<li><strong>Distancia (seg\u00fan el GPS):<\/strong> 33&#8217;39km<\/li>\n<li><strong>Altitud ascendida:<\/strong> 898m<\/li>\n<li><strong>Tiempo de etapa:<\/strong> 2:38:11<\/li>\n<li><strong>Tiempo desde el inicio de la etapa:<\/strong> 3:26:19<\/li>\n<li><strong>Pulsaciones medias:<\/strong> 154ppm<\/li>\n<li><strong>Pulsaciones m\u00e1ximas:<\/strong> 186ppm<\/li>\n<li><strong>Cadencia media:<\/strong> 65rpm<\/li>\n<li><strong>Cadencia m\u00e1xima:<\/strong> 162rpm<\/li>\n<li><strong>Calor\u00edas consumidas:<\/strong> 2919kcal<\/li>\n<\/ul>\n<p><iframe height='405' width='590' frameborder='0' allowtransparency='true' scrolling='no' src='https:\/\/www.strava.com\/activities\/6705455533\/embed\/a7b974cc1882695fbe255f668770ee43de2e4ff0'><\/iframe><\/p>\n","protected":false},"excerpt":{"rendered":"<p>El s\u00e1bado 19 de febrero de 2022 realic\u00e9 una nueva<\/p>\n","protected":false},"author":1,"featured_media":0,"comment_status":"open","ping_status":"open","sticky":false,"template":"","format":"standard","meta":{"advanced_seo_description":"","jetpack_seo_html_title":"","jetpack_seo_noindex":false,"_jetpack_memberships_contains_paid_content":false,"footnotes":"","jetpack_publicize_message":"","jetpack_publicize_feature_enabled":true,"jetpack_social_post_already_shared":false,"jetpack_social_options":{"image_generator_settings":{"template":"highway","default_image_id":0,"font":"","enabled":false},"version":2}},"categories":[24,8],"tags":[92,274,365,674,683,1101,1135,1167],"series":[],"class_list":["post-4962","post","type-post","status-publish","format-standard","hentry","category-ciclismo","category-deporte","tag-alto-de-candan","tag-cachafeiro","tag-castro-de-loureiro","tag-fixo","tag-forcarey","tag-monasterio-de-aciveiro","tag-mtb","tag-neveras-de-fixo"],"jetpack_publicize_connections":[],"jetpack_featured_media_url":"","jetpack_sharing_enabled":true,"_links":{"self":[{"href":"https:\/\/bitacora.eniac2000.com\/index.php?rest_route=\/wp\/v2\/posts\/4962","targetHints":{"allow":["GET"]}}],"collection":[{"href":"https:\/\/bitacora.eniac2000.com\/index.php?rest_route=\/wp\/v2\/posts"}],"about":[{"href":"https:\/\/bitacora.eniac2000.com\/index.php?rest_route=\/wp\/v2\/types\/post"}],"author":[{"embeddable":true,"href":"https:\/\/bitacora.eniac2000.com\/index.php?rest_route=\/wp\/v2\/users\/1"}],"replies":[{"embeddable":true,"href":"https:\/\/bitacora.eniac2000.com\/index.php?rest_route=%2Fwp%2Fv2%2Fcomments&post=4962"}],"version-history":[{"count":0,"href":"https:\/\/bitacora.eniac2000.com\/index.php?rest_route=\/wp\/v2\/posts\/4962\/revisions"}],"wp:attachment":[{"href":"https:\/\/bitacora.eniac2000.com\/index.php?rest_route=%2Fwp%2Fv2%2Fmedia&parent=4962"}],"wp:term":[{"taxonomy":"category","embeddable":true,"href":"https:\/\/bitacora.eniac2000.com\/index.php?rest_route=%2Fwp%2Fv2%2Fcategories&post=4962"},{"taxonomy":"post_tag","embeddable":true,"href":"https:\/\/bitacora.eniac2000.com\/index.php?rest_route=%2Fwp%2Fv2%2Ftags&post=4962"},{"taxonomy":"series","embeddable":true,"href":"https:\/\/bitacora.eniac2000.com\/index.php?rest_route=%2Fwp%2Fv2%2Fseries&post=4962"}],"curies":[{"name":"wp","href":"https:\/\/api.w.org\/{rel}","templated":true}]}}